{"id":78545,"date":"2024-02-22T12:51:09","date_gmt":"2024-02-22T18:51:09","guid":{"rendered":"https:\/\/elmetropolitano.com.gt\/es\/?p=78545"},"modified":"2024-02-22T12:51:10","modified_gmt":"2024-02-22T18:51:10","slug":"doctora-lucrecia-peinado-visita-la-fundacion-a-la-par-en-madrid","status":"publish","type":"post","link":"https:\/\/elmetropolitano.com.gt\/es\/doctora-lucrecia-peinado-visita-la-fundacion-a-la-par-en-madrid\/","title":{"rendered":"Doctora Lucrecia Peinado visita la fundaci\u00f3n a la par en Madrid"},"content":{"rendered":"\n<p>La doctora Lucrecia Peinado, primera dama de la Naci\u00f3n, visit\u00f3 la Fundaci\u00f3n A la Par, en Madrid, Espa\u00f1a. Esto, como parte del inicio de su gira de trabajo por ese pa\u00eds europeo. Con ello se busca crear lazos estrat\u00e9gicos con entidades enfocadas en la atenci\u00f3n a grupos en condici\u00f3n de vulnerabilidad.<\/p>\n\n\n\n<p>Con <a><\/a>gran emoci\u00f3n, la doctora Peinado recorri\u00f3 las instalaciones de esta fundaci\u00f3n que se dedica a apoyar el talento de estudiantes que viven con alguna discapacidad intelectual. Durante su recorrido, la primera dama comparti\u00f3 experiencias con los encargados de la fundaci\u00f3n y nuevas ideas que aporten a la asistencia de las personas.<\/p><div class=\"elmet-contenido\" id=\"elmet-185611696\"><div class=\"elmet-adlabel\">Anuncios<\/div><div style=\"margin-top: 20px;margin-right: 20px;margin-bottom: 20px;margin-left: 20px;\" id=\"elmet-138236171\"><a href=\"https:\/\/www.facebook.com\/arrincuanantigua\/\" aria-label=\"cintillo-arrin-cual\"><img loading=\"lazy\" decoding=\"async\" src=\"https:\/\/elmetropolitano.com.gt\/es\/wp-content\/uploads\/2021\/11\/cintillo-arrin-cual-1.jpg\" alt=\"\"  srcset=\"https:\/\/elmetropolitano.com.gt\/es\/wp-content\/uploads\/2021\/11\/cintillo-arrin-cual-1.jpg 750w, https:\/\/elmetropolitano.com.gt\/es\/wp-content\/uploads\/2021\/11\/cintillo-arrin-cual-1-300x36.jpg 300w, https:\/\/elmetropolitano.com.gt\/es\/wp-content\/uploads\/2021\/11\/cintillo-arrin-cual-1-600x72.jpg 600w\" sizes=\"(max-width: 750px) 100vw, 750px\" width=\"750\" height=\"90\"   \/><\/a><\/div><\/div>\n\n\n\n<p>Estas experiencias se suman a los planes de de crear mejores oportunidades a los guatemaltecos y brindar atenci\u00f3n de calidad en los servicios que se brindan a la primera infancia, personas con discapacidad, adultos mayores, familias migrantes, entre otros.<\/p>\n\n\n\n<p>La doctora Peinado, acompa\u00f1a al presidente Bernardo Ar\u00e9valo en su visita a Espa\u00f1a, atendiendo una invitaci\u00f3n del rey Felipe VI. En Madrid, han sostenido encuentros con autoridades espa\u00f1olas con el fin de fortalecer las relaciones de cooperaci\u00f3n y amistad. Ambos se reunieron con el rey Felipe VI y el alcalde de Madrid, Jos\u00e9 Luis Mart\u00ednez-Almeida.<\/p>\n\n\n\n<p>Fundaci\u00f3n A la Par<\/p>\n\n\n\n<p>Se trata de una instituci\u00f3n con una trayectoria de m\u00e1s de 70 a\u00f1os, la cual busca dar respuesta a los retos y necesidades que enfrenta la sociedad en la actualidad. Por lo tanto, esta entidad busca trabajar por los derechos de las personas con discapacidad intelectual y fomentar su participaci\u00f3n dentro de la sociedad. Lo anterior, creando espacios y oportunidades sin barreras ni condiciones.<\/p>\n\n\n\n<p>Para esto, la fundaci\u00f3n tambi\u00e9n busca ser referente para la transformaci\u00f3n social, brindando apoyo incondicional al desarrollo sostenible y social.<\/p>\n\n\n\n<p>texto: Yuliza Mu\u00f1oz<\/p>\n\n\n\n<p><a href=\"https:\/\/www.facebook.com\/hashtag\/girapresidencialeuropa?__eep__=6&amp;__cft__[0]=AZXkJ1B2cRENqW_58GTPC-kNaZM4-Zd9rhb_t3w0klCMYZ0CvmqpLa8tlvI100ac4oTZJTEWvcm5eOuTxT1Jh5KZ92wdCKgayBaDHiUCL2A5hM09JcCCHoM3iRut-6jrxrN2CAoJZ7fOv1kFzXGMgqLW0TNJF5WCgoHGM05waAeogwo2_dV0AMvHqMPhmJt22Ak&amp;__tn__=*NK-R\">#girapresidencialeuropa<\/a><a href=\"https:\/\/www.facebook.com\/hashtag\/metroredes?__eep__=6&amp;__cft__[0]=AZXkJ1B2cRENqW_58GTPC-kNaZM4-Zd9rhb_t3w0klCMYZ0CvmqpLa8tlvI100ac4oTZJTEWvcm5eOuTxT1Jh5KZ92wdCKgayBaDHiUCL2A5hM09JcCCHoM3iRut-6jrxrN2CAoJZ7fOv1kFzXGMgqLW0TNJF5WCgoHGM05waAeogwo2_dV0AMvHqMPhmJt22Ak&amp;__tn__=*NK-R\">#metroredes<\/a><\/p>\n\n\n\n<p><\/p>\n","protected":false},"excerpt":{"rendered":"<p>La doctora Lucrecia Peinado, primera dama de la Naci\u00f3n, visit\u00f3 la Fundaci\u00f3n A la Par, en Madrid, Espa\u00f1a. Esto, como parte del inicio de su gira de trabajo por ese pa\u00eds europeo. Con ello se busca crear lazos estrat\u00e9gicos con entidades enfocadas en la atenci\u00f3n a grupos en condici\u00f3n de vulnerabilidad. Con gran emoci\u00f3n, la <a class=\"read-more\" href=\"https:\/\/elmetropolitano.com.gt\/es\/doctora-lucrecia-peinado-visita-la-fundacion-a-la-par-en-madrid\/\">Leer m\u00e1s<\/a><\/p>\n","protected":false},"author":1,"featured_media":78546,"comment_status":"open","ping_status":"closed","sticky":false,"template":"","format":"standard","meta":{"footnotes":""},"categories":[2],"tags":[12],"class_list":["post-78545","post","type-post","status-publish","format-standard","has-post-thumbnail","hentry","category-nacionales","tag-nacionales"],"_links":{"self":[{"href":"https:\/\/elmetropolitano.com.gt\/es\/wp-json\/wp\/v2\/posts\/78545","targetHints":{"allow":["GET"]}}],"collection":[{"href":"https:\/\/elmetropolitano.com.gt\/es\/wp-json\/wp\/v2\/posts"}],"about":[{"href":"https:\/\/elmetropolitano.com.gt\/es\/wp-json\/wp\/v2\/types\/post"}],"author":[{"embeddable":true,"href":"https:\/\/elmetropolitano.com.gt\/es\/wp-json\/wp\/v2\/users\/1"}],"replies":[{"embeddable":true,"href":"https:\/\/elmetropolitano.com.gt\/es\/wp-json\/wp\/v2\/comments?post=78545"}],"version-history":[{"count":1,"href":"https:\/\/elmetropolitano.com.gt\/es\/wp-json\/wp\/v2\/posts\/78545\/revisions"}],"predecessor-version":[{"id":78547,"href":"https:\/\/elmetropolitano.com.gt\/es\/wp-json\/wp\/v2\/posts\/78545\/revisions\/78547"}],"wp:featuredmedia":[{"embeddable":true,"href":"https:\/\/elmetropolitano.com.gt\/es\/wp-json\/wp\/v2\/media\/78546"}],"wp:attachment":[{"href":"https:\/\/elmetropolitano.com.gt\/es\/wp-json\/wp\/v2\/media?parent=78545"}],"wp:term":[{"taxonomy":"category","embeddable":true,"href":"https:\/\/elmetropolitano.com.gt\/es\/wp-json\/wp\/v2\/categories?post=78545"},{"taxonomy":"post_tag","embeddable":true,"href":"https:\/\/elmetropolitano.com.gt\/es\/wp-json\/wp\/v2\/tags?post=78545"}],"curies":[{"name":"wp","href":"https:\/\/api.w.org\/{rel}","templated":true}]}}