{"id":78548,"date":"2024-02-22T12:52:35","date_gmt":"2024-02-22T18:52:35","guid":{"rendered":"https:\/\/elmetropolitano.com.gt\/es\/?p=78548"},"modified":"2024-02-22T12:52:36","modified_gmt":"2024-02-22T18:52:36","slug":"presidenta-en-funciones-karin-herrera-supervisa-acciones-para-sofocar-incendio-en-el-volcan-de-agua","status":"publish","type":"post","link":"https:\/\/elmetropolitano.com.gt\/es\/presidenta-en-funciones-karin-herrera-supervisa-acciones-para-sofocar-incendio-en-el-volcan-de-agua\/","title":{"rendered":"Presidenta en funciones Karin Herrera supervisa acciones para sofocar incendio en el volc\u00e1n de Agua"},"content":{"rendered":"\n<p>La presidenta en funciones Karin Herrera supervis\u00f3 la gesti\u00f3n que realiza la Coordinadora Nacional para la Reducci\u00f3n de Desastres (Conred) para liquidar el incendio en el volc\u00e1n de Agua, ubicado en Santa Mar\u00eda de Jes\u00fas, Sacatep\u00e9quez.<\/p>\n\n\n\n<p>Por <a><\/a>medio de su red social X, la presidenta en funciones enfatiz\u00f3 que como parte de las acciones, los brigadistas de la Conred, miembros del Ej\u00e9rcito de Guatemala y bomberos desde las 4 de la ma\u00f1ana efect\u00faan acciones en el \u00e1rea.<\/p><div class=\"elmet-contenido\" id=\"elmet-3727128915\"><div class=\"elmet-adlabel\">Anuncios<\/div><div style=\"margin-top: 20px;margin-right: 20px;margin-bottom: 20px;margin-left: 20px;\" id=\"elmet-1479486758\"><a href=\"https:\/\/www.facebook.com\/arrincuanantigua\/\" aria-label=\"cintillo-arrin-cual\"><img loading=\"lazy\" decoding=\"async\" src=\"https:\/\/elmetropolitano.com.gt\/es\/wp-content\/uploads\/2021\/11\/cintillo-arrin-cual-1.jpg\" alt=\"\"  srcset=\"https:\/\/elmetropolitano.com.gt\/es\/wp-content\/uploads\/2021\/11\/cintillo-arrin-cual-1.jpg 750w, https:\/\/elmetropolitano.com.gt\/es\/wp-content\/uploads\/2021\/11\/cintillo-arrin-cual-1-300x36.jpg 300w, https:\/\/elmetropolitano.com.gt\/es\/wp-content\/uploads\/2021\/11\/cintillo-arrin-cual-1-600x72.jpg 600w\" sizes=\"(max-width: 750px) 100vw, 750px\" width=\"750\" height=\"90\"   \/><\/a><\/div><\/div>\n\n\n\n<p>Atendiendo el llamado del presidente Bernardo Ar\u00e9valo, supervisamos la gesti\u00f3n de la Conred.<\/p>\n\n\n\n<p>Por este tema, el jefe del Ejecutivo Bernardo Ar\u00e9valo giro instrucciones inmediatas para coordinar de manera oportuna la respuesta del siniestro en el coloso.<\/p>\n\n\n\n<p>He girado que se lleven a cabo acciones inmediatas para coordinar de manera eficaz y oportuna la respuesta de emergencia. Pedimos a la poblaci\u00f3n mantener la calma y mantenerse informados a trav\u00e9s de redes sociales de Conred y Gobierno de Guatemala.<\/p>\n\n\n\n<p>Acciones por aire<\/p>\n\n\n\n<p>Este jueves se utiliza la Bambi Bucket (balde especializado), dise\u00f1ado especialmente para el combate del fuego v\u00eda a\u00e9rea. El helipuerto previsto para la acci\u00f3n es el campo de f\u00fatbol de Aldea San Gaspar Vivar de Santa Mar\u00eda de Jes\u00fas y el abastecimiento de agua estar\u00e1 a cargo de Bomberos Voluntarios de la Antigua Guatemala.<\/p>\n\n\n\n<p>Para hacer posible dicha acci\u00f3n, previamente se realiz\u00f3 un sobrevuelo en helic\u00f3ptero para analizar las \u00e1reas afectadas para la toma de decisiones efectiva.<\/p>\n\n\n\n<p>Se estableci\u00f3 el Puesto de Comando Unificado, en la municipalidad de Santa Mar\u00eda de Jes\u00fas, Sacatep\u00e9quez.<\/p>\n\n\n\n<p>Control y liquidaci\u00f3n por tierra<\/p>\n\n\n\n<p>Desde las 4 de ma\u00f1ana inicio el despliegue de unidades con el personal combatiente para continuar las acciones de combate en el incendio forestal.<\/p>\n\n\n\n<p>En ese sentido, en tierra el combate est\u00e1 integrado por la Brigada Humanitaria y de Rescate del Ej\u00e9rcito de Guatemala. Adem\u00e1s, las siguientes entidades:<\/p>\n\n\n\n<p>Coordinadora Municipal para la Reducci\u00f3n de Desastres de Santa Mari\u00eda de Jes\u00fas<\/p>\n\n\n\n<p>Consejo Nacional de \u00c1reas Protegidas<\/p>\n\n\n\n<p>Divisi\u00f3n de Protecci\u00f3n a la Naturaleza<\/p>\n\n\n\n<p>Instituto Nacional de Bosques<\/p>\n\n\n\n<p>Asociaci\u00f3n Nacional de Bomberos Municipales y Departamentales<\/p>\n\n\n\n<p>Cuerpo Voluntario de Bomberos<\/p>\n\n\n\n<p>Bomberos Municipales<\/p>\n\n\n\n<p>Municipalidad de Antigua Guatemala<\/p>\n\n\n\n<p>Municipalidad de San Lucas Sacatep\u00e9quez<\/p>\n\n\n\n<p>Equipo de Respuesta Inmediata de la Se-Conred<\/p>\n\n\n\n<p>Cruz Roja Guatemalteca.<\/p>\n\n\n\n<p>Las autoridades recuerdan a la poblaci\u00f3n seguir las indicaciones sobre la suspensi\u00f3n de actividades de ascenso al volc\u00e1n, as\u00ed como tomar las medidas de prevenci\u00f3n ante el evidente riesgo en el \u00e1rea afectada, como las evacuaciones preventivas por la contaminaci\u00f3n del aire.<\/p>\n\n\n\n<p><a href=\"https:\/\/www.facebook.com\/hashtag\/metroredes?__eep__=6&amp;__cft__[0]=AZXhf8xwdYqrCSev0OqykF2_psG9cKLShC5HuamDBZK3RhD7FyA2lOwGPpEoaD8klIpOMCUMQk_yB-bRVMHXZiYPCuaH9dFHryKlvfof1OrgE4Ypmv7ik-5G7spHqlTgchOh5Ncq0xQ3NbJz_iQUk3WDp7L8ODSJmRbVPNleUUMtxsLE4Ap5SzI_ETxLNQwSOyI&amp;__tn__=*NK-R\">#metroredes<\/a><a href=\"https:\/\/www.facebook.com\/hashtag\/volc%C3%A1ndeagua?__eep__=6&amp;__cft__[0]=AZXhf8xwdYqrCSev0OqykF2_psG9cKLShC5HuamDBZK3RhD7FyA2lOwGPpEoaD8klIpOMCUMQk_yB-bRVMHXZiYPCuaH9dFHryKlvfof1OrgE4Ypmv7ik-5G7spHqlTgchOh5Ncq0xQ3NbJz_iQUk3WDp7L8ODSJmRbVPNleUUMtxsLE4Ap5SzI_ETxLNQwSOyI&amp;__tn__=*NK-R\">#Volc\u00e1nDeAgua<\/a><\/p>\n\n\n\n<p><a href=\"https:\/\/l.facebook.com\/l.php?u=http%3A%2F%2Fwww.elmetropolitano.com.gt%2F%3Ffbclid%3DIwAR06bG2StVZr44zjvZywUrSVTDD67v074BX5dWQCzwwIYdIKR-czE8Z0nJM&amp;h=AT053HnO0X12ilyfpFnSE_In30PMpXFfmJWXslyKln7GxKxPKWmXSz6vQgb9ufAfie-AVCvibwSQ6yHDpWcLoQkHaKJwlEy73EfdbdB95cXrBLTbP8kedr14c1nGiNixNjM7pdMuuaEWqGWTJxrt&amp;__tn__=-UK-R&amp;c[0]=AT0BbCzZI6oiKSHbRtY7auKutkapC_mi2SBTzr-vbAMj_R-zbj7LmldEzQ7XRuaEgsDyJMzL44jNV3SxbFqCOCAyx7yeESbyY8MZ3LIJpq9Njx-PmbqG2NI2C5zFaGZxl-twzP27d69OVa88rXeFky99SnKbI_aneTLJK8kWLod4hNoTCFpxrq_xneezhVaKjURnnkTT1i9V\" target=\"_blank\" rel=\"noreferrer noopener\">www.elmetropolitano.com.gt<\/a><\/p>\n\n\n\n<p><\/p>\n","protected":false},"excerpt":{"rendered":"<p>La presidenta en funciones Karin Herrera supervis\u00f3 la gesti\u00f3n que realiza la Coordinadora Nacional para la Reducci\u00f3n de Desastres (Conred) para liquidar el incendio en el volc\u00e1n de Agua, ubicado en Santa Mar\u00eda de Jes\u00fas, Sacatep\u00e9quez. Por medio de su red social X, la presidenta en funciones enfatiz\u00f3 que como parte de las acciones, los <a class=\"read-more\" href=\"https:\/\/elmetropolitano.com.gt\/es\/presidenta-en-funciones-karin-herrera-supervisa-acciones-para-sofocar-incendio-en-el-volcan-de-agua\/\">Leer m\u00e1s<\/a><\/p>\n","protected":false},"author":1,"featured_media":78549,"comment_status":"open","ping_status":"closed","sticky":false,"template":"","format":"standard","meta":{"footnotes":""},"categories":[2],"tags":[12],"class_list":["post-78548","post","type-post","status-publish","format-standard","has-post-thumbnail","hentry","category-nacionales","tag-nacionales"],"_links":{"self":[{"href":"https:\/\/elmetropolitano.com.gt\/es\/wp-json\/wp\/v2\/posts\/78548","targetHints":{"allow":["GET"]}}],"collection":[{"href":"https:\/\/elmetropolitano.com.gt\/es\/wp-json\/wp\/v2\/posts"}],"about":[{"href":"https:\/\/elmetropolitano.com.gt\/es\/wp-json\/wp\/v2\/types\/post"}],"author":[{"embeddable":true,"href":"https:\/\/elmetropolitano.com.gt\/es\/wp-json\/wp\/v2\/users\/1"}],"replies":[{"embeddable":true,"href":"https:\/\/elmetropolitano.com.gt\/es\/wp-json\/wp\/v2\/comments?post=78548"}],"version-history":[{"count":1,"href":"https:\/\/elmetropolitano.com.gt\/es\/wp-json\/wp\/v2\/posts\/78548\/revisions"}],"predecessor-version":[{"id":78550,"href":"https:\/\/elmetropolitano.com.gt\/es\/wp-json\/wp\/v2\/posts\/78548\/revisions\/78550"}],"wp:featuredmedia":[{"embeddable":true,"href":"https:\/\/elmetropolitano.com.gt\/es\/wp-json\/wp\/v2\/media\/78549"}],"wp:attachment":[{"href":"https:\/\/elmetropolitano.com.gt\/es\/wp-json\/wp\/v2\/media?parent=78548"}],"wp:term":[{"taxonomy":"category","embeddable":true,"href":"https:\/\/elmetropolitano.com.gt\/es\/wp-json\/wp\/v2\/categories?post=78548"},{"taxonomy":"post_tag","embeddable":true,"href":"https:\/\/elmetropolitano.com.gt\/es\/wp-json\/wp\/v2\/tags?post=78548"}],"curies":[{"name":"wp","href":"https:\/\/api.w.org\/{rel}","templated":true}]}}