{"id":78551,"date":"2024-02-22T12:54:26","date_gmt":"2024-02-22T18:54:26","guid":{"rendered":"https:\/\/elmetropolitano.com.gt\/es\/?p=78551"},"modified":"2024-02-22T12:54:27","modified_gmt":"2024-02-22T18:54:27","slug":"arevalo-agradece-apoyo-de-espana-en-los-momentos-dificiles","status":"publish","type":"post","link":"https:\/\/elmetropolitano.com.gt\/es\/arevalo-agradece-apoyo-de-espana-en-los-momentos-dificiles\/","title":{"rendered":"Ar\u00e9valo agradece apoyo de Espa\u00f1a en los momentos dif\u00edciles"},"content":{"rendered":"\n<p>El presidente Bernardo Ar\u00e9valo, agradeci\u00f3 este jueves a Espa\u00f1a que, por medio de su Corona y de sus instituciones, haya apoyado a Guatemala en estos momentos dif\u00edciles de su historia y dese\u00f3 que ambos pueblos contin\u00faen caminando juntos y construyendo historia.<\/p>\n\n\n\n<p>De <a><\/a>esta manera lo expres\u00f3 el gobernante durante su discurso antes del almuerzo que ofrecieron los reyes de Espa\u00f1a en su honor:<\/p><div class=\"elmet-contenido\" id=\"elmet-3064210693\"><div class=\"elmet-adlabel\">Anuncios<\/div><div style=\"margin-top: 20px;margin-right: 20px;margin-bottom: 20px;margin-left: 20px;\" id=\"elmet-2590680870\"><a href=\"https:\/\/www.facebook.com\/arrincuanantigua\/\" aria-label=\"cintillo-arrin-cual\"><img loading=\"lazy\" decoding=\"async\" src=\"https:\/\/elmetropolitano.com.gt\/es\/wp-content\/uploads\/2021\/11\/cintillo-arrin-cual-1.jpg\" alt=\"\"  srcset=\"https:\/\/elmetropolitano.com.gt\/es\/wp-content\/uploads\/2021\/11\/cintillo-arrin-cual-1.jpg 750w, https:\/\/elmetropolitano.com.gt\/es\/wp-content\/uploads\/2021\/11\/cintillo-arrin-cual-1-300x36.jpg 300w, https:\/\/elmetropolitano.com.gt\/es\/wp-content\/uploads\/2021\/11\/cintillo-arrin-cual-1-600x72.jpg 600w\" sizes=\"(max-width: 750px) 100vw, 750px\" width=\"750\" height=\"90\"   \/><\/a><\/div><\/div>\n\n\n\n<p>La firme creencia en los valores fundamentales de los derechos humanos, la libertad y la justicia facilita nuestro di\u00e1logo y fortalece los lazos que nos unen.<\/p>\n\n\n\n<p>La comida tuvo lugar en despu\u00e9s de que Ar\u00e9valo se entrevistara por separado con el rey Felipe VI y con el presidente del Gobierno espa\u00f1ol, Pedro S\u00e1nchez, al inicio de su primera visita oficial a Espa\u00f1a, colof\u00f3n de una gira que le llev\u00f3 esta semana a Alemania, Francia, B\u00e9lgica y Suiza.<\/p>\n\n\n\n<p>Respaldo valioso<\/p>\n\n\n\n<p>El Presidente valor\u00f3 el respaldo constante del Gobierno de Espa\u00f1a y su pueblo en el tortuoso proceso que le llev\u00f3 a asumir la Presidencia, el pasado 14 de enero, despu\u00e9s de muchas trabas para impedir su toma de posesi\u00f3n.<\/p>\n\n\n\n<p>A su juicio, las acciones emprendidas por Espa\u00f1a a nivel bilateral y en la Uni\u00f3n Europea desempe\u00f1aron un papel crucial en el respaldo internacional que permiti\u00f3 que la convicci\u00f3n democr\u00e1tica y la determinaci\u00f3n ciudadana prevalecieran.<\/p>\n\n\n\n<p>Por ello indico \u00abnuestro pueblo demostr\u00f3 una firme convicci\u00f3n ciudadana al derrotar a aquellos que, hasta el \u00faltimo minuto, intentaron socavar mediante artima\u00f1as la voluntad popular expresada libremente en las urnas\u00bb<\/p>\n\n\n\n<p>Ar\u00e9valo agradeci\u00f3 tambi\u00e9n que el rey de Espa\u00f1a le acompa\u00f1ara en la investidura. Aunque fue uno de los mandatarios que no lleg\u00f3 a presenciar la ceremonia, por la demora de diez horas que hubo.<\/p>\n\n\n\n<p>El Presidente tambi\u00e9n brind\u00f3 por ese pueblo espa\u00f1ol que por medio de su Corona y de sus instituciones ha sabido apoyarnos en estos momentos dif\u00edciles de nuestra historia.<\/p>\n\n\n\n<p>Y a\u00f1adi\u00f3 \u00abPero brindo, sobre todo, por la amistad que nos une y que seguiremos fortaleciendo, guatemaltecos y espa\u00f1oles, caminando juntos y construyendo historia\u00bb<\/p>\n\n\n\n<p>Asistentes<\/p>\n\n\n\n<p>Al presidente y la primera dama de Guatemala, Lucrecia Peinado, les acompa\u00f1aron en el almuerzo el ministro de Relaciones Exteriores, Carlos Ramiro Mart\u00ednez, y la ministra de Econom\u00eda, Gabriela Garc\u00eda, as\u00ed como otros responsables del Gobierno guatemalteco.<\/p>\n\n\n\n<p>Por parte espa\u00f1ola, estuvieron presentes el presidente del Gobierno espa\u00f1ol, Pedro S\u00e1nchez, representantes del poder judicial y legislativo, de partidos pol\u00edticos y empresarios.<\/p>\n\n\n\n<p>Entre los 85 invitados hubo representantes de distintos \u00e1mbitos como la cultura, la ciencia o la educaci\u00f3n. Entre ellos estaban tres deportistas guatemaltecas, la futbolista Andrea \u00c1lvarez; la jugadora de f\u00fatbol sala Tamara De le\u00f3n y la de tenis de mesa Luc\u00eda Cordero.<\/p>\n\n\n\n<p><a href=\"https:\/\/www.facebook.com\/hashtag\/girapresidencialeuropa?__eep__=6&amp;__cft__[0]=AZXQR_ERqaIsF2fLGIbeu6PBwFK0ddcu5DLSVBC2225aYXY7ud_SjUt7T1n29brVVZIR41I_TSjaAT6Mr0s36oQO_KJhZaa47hhReGRYjnaWAoRJfitx_MBsWUcE99YPWZTiY_6IIzHKUObyjnTGpwo9cX7XFRoxpjgGf3JyvVopDOIA1ayM4EAj0qormTa_G78&amp;__tn__=*NK-R\">#girapresidencialeuropa<\/a><a href=\"https:\/\/www.facebook.com\/hashtag\/metroredes?__eep__=6&amp;__cft__[0]=AZXQR_ERqaIsF2fLGIbeu6PBwFK0ddcu5DLSVBC2225aYXY7ud_SjUt7T1n29brVVZIR41I_TSjaAT6Mr0s36oQO_KJhZaa47hhReGRYjnaWAoRJfitx_MBsWUcE99YPWZTiY_6IIzHKUObyjnTGpwo9cX7XFRoxpjgGf3JyvVopDOIA1ayM4EAj0qormTa_G78&amp;__tn__=*NK-R\">#Metroredes<\/a><a href=\"https:\/\/www.facebook.com\/hashtag\/agn?__eep__=6&amp;__cft__[0]=AZXQR_ERqaIsF2fLGIbeu6PBwFK0ddcu5DLSVBC2225aYXY7ud_SjUt7T1n29brVVZIR41I_TSjaAT6Mr0s36oQO_KJhZaa47hhReGRYjnaWAoRJfitx_MBsWUcE99YPWZTiY_6IIzHKUObyjnTGpwo9cX7XFRoxpjgGf3JyvVopDOIA1ayM4EAj0qormTa_G78&amp;__tn__=*NK-R\">#Agn<\/a><a href=\"https:\/\/www.facebook.com\/hashtag\/bernardoarevalo?__eep__=6&amp;__cft__[0]=AZXQR_ERqaIsF2fLGIbeu6PBwFK0ddcu5DLSVBC2225aYXY7ud_SjUt7T1n29brVVZIR41I_TSjaAT6Mr0s36oQO_KJhZaa47hhReGRYjnaWAoRJfitx_MBsWUcE99YPWZTiY_6IIzHKUObyjnTGpwo9cX7XFRoxpjgGf3JyvVopDOIA1ayM4EAj0qormTa_G78&amp;__tn__=*NK-R\">#bernardoarevalo<\/a><\/p>\n\n\n\n<p><a href=\"https:\/\/l.facebook.com\/l.php?u=http%3A%2F%2Fwww.elmetropolitano.com.gt%2F%3Ffbclid%3DIwAR3N6wA_lE4kEIK_dUODB8tjHdFIX_8XW4yPYZtFHH8yzFUjRRJCS-2Qbdk&amp;h=AT053HnO0X12ilyfpFnSE_In30PMpXFfmJWXslyKln7GxKxPKWmXSz6vQgb9ufAfie-AVCvibwSQ6yHDpWcLoQkHaKJwlEy73EfdbdB95cXrBLTbP8kedr14c1nGiNixNjM7pdMuuaEWqGWTJxrt&amp;__tn__=-UK-R&amp;c[0]=AT1MA7-ppepFArPMXGE_IRgqvxWzv29Kg_jmNCwvQK1-HE4YGMyA-uAzXFIz5H46e4GMJPW_Imr2gFnB_X6tQDbFOyqZl_JxkHlin8VCRMJKnFD9z54FW0uQPBPW0jgqJS4BcPqQDlWhKQdl4U0QHrILKM-Ub0KY4lp9ZcZqO6BMe8z5OQjYDhljwRYbghxxw7DL6qOJpqni\" target=\"_blank\" rel=\"noreferrer noopener\">www.elmetropolitano.com.gt<\/a><\/p>\n\n\n\n<figure class=\"wp-block-gallery has-nested-images columns-default is-cropped wp-block-gallery-1 is-layout-flex wp-block-gallery-is-layout-flex\">\n<figure class=\"wp-block-image size-large\"><img loading=\"lazy\" decoding=\"async\" width=\"1024\" height=\"683\" data-id=\"78553\" src=\"https:\/\/elmetropolitano.com.gt\/es\/wp-content\/uploads\/2024\/02\/409046890_886993240093427_9015774961090373874_n-1-1024x683.jpg\" alt=\"\" class=\"wp-image-78553\" srcset=\"https:\/\/elmetropolitano.com.gt\/es\/wp-content\/uploads\/2024\/02\/409046890_886993240093427_9015774961090373874_n-1-1024x683.jpg 1024w, https:\/\/elmetropolitano.com.gt\/es\/wp-content\/uploads\/2024\/02\/409046890_886993240093427_9015774961090373874_n-1-300x200.jpg 300w, https:\/\/elmetropolitano.com.gt\/es\/wp-content\/uploads\/2024\/02\/409046890_886993240093427_9015774961090373874_n-1-768x512.jpg 768w, https:\/\/elmetropolitano.com.gt\/es\/wp-content\/uploads\/2024\/02\/409046890_886993240093427_9015774961090373874_n-1-1536x1024.jpg 1536w, https:\/\/elmetropolitano.com.gt\/es\/wp-content\/uploads\/2024\/02\/409046890_886993240093427_9015774961090373874_n-1.jpg 2048w\" sizes=\"auto, (max-width: 1024px) 100vw, 1024px\" \/><\/figure>\n\n\n\n<figure class=\"wp-block-image size-large\"><img loading=\"lazy\" decoding=\"async\" width=\"1024\" height=\"683\" data-id=\"78554\" src=\"https:\/\/elmetropolitano.com.gt\/es\/wp-content\/uploads\/2024\/02\/428689819_886993250093426_3026349371859963804_n-1024x683.jpg\" alt=\"\" class=\"wp-image-78554\" srcset=\"https:\/\/elmetropolitano.com.gt\/es\/wp-content\/uploads\/2024\/02\/428689819_886993250093426_3026349371859963804_n-1024x683.jpg 1024w, https:\/\/elmetropolitano.com.gt\/es\/wp-content\/uploads\/2024\/02\/428689819_886993250093426_3026349371859963804_n-300x200.jpg 300w, https:\/\/elmetropolitano.com.gt\/es\/wp-content\/uploads\/2024\/02\/428689819_886993250093426_3026349371859963804_n-768x512.jpg 768w, https:\/\/elmetropolitano.com.gt\/es\/wp-content\/uploads\/2024\/02\/428689819_886993250093426_3026349371859963804_n-1536x1024.jpg 1536w, https:\/\/elmetropolitano.com.gt\/es\/wp-content\/uploads\/2024\/02\/428689819_886993250093426_3026349371859963804_n.jpg 2048w\" sizes=\"auto, (max-width: 1024px) 100vw, 1024px\" \/><\/figure>\n\n\n\n<figure class=\"wp-block-image size-large\"><img loading=\"lazy\" decoding=\"async\" width=\"1024\" height=\"682\" data-id=\"78556\" src=\"https:\/\/elmetropolitano.com.gt\/es\/wp-content\/uploads\/2024\/02\/428690226_886993290093422_4096262054100057300_n-1024x682.jpg\" alt=\"\" class=\"wp-image-78556\" srcset=\"https:\/\/elmetropolitano.com.gt\/es\/wp-content\/uploads\/2024\/02\/428690226_886993290093422_4096262054100057300_n-1024x682.jpg 1024w, https:\/\/elmetropolitano.com.gt\/es\/wp-content\/uploads\/2024\/02\/428690226_886993290093422_4096262054100057300_n-300x200.jpg 300w, https:\/\/elmetropolitano.com.gt\/es\/wp-content\/uploads\/2024\/02\/428690226_886993290093422_4096262054100057300_n-768x511.jpg 768w, https:\/\/elmetropolitano.com.gt\/es\/wp-content\/uploads\/2024\/02\/428690226_886993290093422_4096262054100057300_n-1536x1022.jpg 1536w, https:\/\/elmetropolitano.com.gt\/es\/wp-content\/uploads\/2024\/02\/428690226_886993290093422_4096262054100057300_n.jpg 2048w\" sizes=\"auto, (max-width: 1024px) 100vw, 1024px\" \/><\/figure>\n\n\n\n<figure class=\"wp-block-image size-large\"><img loading=\"lazy\" decoding=\"async\" width=\"1024\" height=\"683\" data-id=\"78555\" src=\"https:\/\/elmetropolitano.com.gt\/es\/wp-content\/uploads\/2024\/02\/428705343_886993300093421_3569087107424796416_n-1024x683.jpg\" alt=\"\" class=\"wp-image-78555\" srcset=\"https:\/\/elmetropolitano.com.gt\/es\/wp-content\/uploads\/2024\/02\/428705343_886993300093421_3569087107424796416_n-1024x683.jpg 1024w, https:\/\/elmetropolitano.com.gt\/es\/wp-content\/uploads\/2024\/02\/428705343_886993300093421_3569087107424796416_n-300x200.jpg 300w, https:\/\/elmetropolitano.com.gt\/es\/wp-content\/uploads\/2024\/02\/428705343_886993300093421_3569087107424796416_n-768x512.jpg 768w, https:\/\/elmetropolitano.com.gt\/es\/wp-content\/uploads\/2024\/02\/428705343_886993300093421_3569087107424796416_n-1536x1025.jpg 1536w, https:\/\/elmetropolitano.com.gt\/es\/wp-content\/uploads\/2024\/02\/428705343_886993300093421_3569087107424796416_n.jpg 2048w\" sizes=\"auto, (max-width: 1024px) 100vw, 1024px\" \/><\/figure>\n<\/figure>\n","protected":false},"excerpt":{"rendered":"<p>El presidente Bernardo Ar\u00e9valo, agradeci\u00f3 este jueves a Espa\u00f1a que, por medio de su Corona y de sus instituciones, haya apoyado a Guatemala en estos momentos dif\u00edciles de su historia y dese\u00f3 que ambos pueblos contin\u00faen caminando juntos y construyendo historia. De esta manera lo expres\u00f3 el gobernante durante su discurso antes del almuerzo que <a class=\"read-more\" href=\"https:\/\/elmetropolitano.com.gt\/es\/arevalo-agradece-apoyo-de-espana-en-los-momentos-dificiles\/\">Leer m\u00e1s<\/a><\/p>\n","protected":false},"author":1,"featured_media":78552,"comment_status":"open","ping_status":"closed","sticky":false,"template":"","format":"standard","meta":{"footnotes":""},"categories":[2],"tags":[12],"class_list":["post-78551","post","type-post","status-publish","format-standard","has-post-thumbnail","hentry","category-nacionales","tag-nacionales"],"_links":{"self":[{"href":"https:\/\/elmetropolitano.com.gt\/es\/wp-json\/wp\/v2\/posts\/78551","targetHints":{"allow":["GET"]}}],"collection":[{"href":"https:\/\/elmetropolitano.com.gt\/es\/wp-json\/wp\/v2\/posts"}],"about":[{"href":"https:\/\/elmetropolitano.com.gt\/es\/wp-json\/wp\/v2\/types\/post"}],"author":[{"embeddable":true,"href":"https:\/\/elmetropolitano.com.gt\/es\/wp-json\/wp\/v2\/users\/1"}],"replies":[{"embeddable":true,"href":"https:\/\/elmetropolitano.com.gt\/es\/wp-json\/wp\/v2\/comments?post=78551"}],"version-history":[{"count":1,"href":"https:\/\/elmetropolitano.com.gt\/es\/wp-json\/wp\/v2\/posts\/78551\/revisions"}],"predecessor-version":[{"id":78557,"href":"https:\/\/elmetropolitano.com.gt\/es\/wp-json\/wp\/v2\/posts\/78551\/revisions\/78557"}],"wp:featuredmedia":[{"embeddable":true,"href":"https:\/\/elmetropolitano.com.gt\/es\/wp-json\/wp\/v2\/media\/78552"}],"wp:attachment":[{"href":"https:\/\/elmetropolitano.com.gt\/es\/wp-json\/wp\/v2\/media?parent=78551"}],"wp:term":[{"taxonomy":"category","embeddable":true,"href":"https:\/\/elmetropolitano.com.gt\/es\/wp-json\/wp\/v2\/categories?post=78551"},{"taxonomy":"post_tag","embeddable":true,"href":"https:\/\/elmetropolitano.com.gt\/es\/wp-json\/wp\/v2\/tags?post=78551"}],"curies":[{"name":"wp","href":"https:\/\/api.w.org\/{rel}","templated":true}]}}