{"id":78558,"date":"2024-02-22T12:56:06","date_gmt":"2024-02-22T18:56:06","guid":{"rendered":"https:\/\/elmetropolitano.com.gt\/es\/?p=78558"},"modified":"2024-02-22T12:56:07","modified_gmt":"2024-02-22T18:56:07","slug":"dan-seguimiento-a-los-periodos-de-veda-para-el-caribe-guatemalteco","status":"publish","type":"post","link":"https:\/\/elmetropolitano.com.gt\/es\/dan-seguimiento-a-los-periodos-de-veda-para-el-caribe-guatemalteco\/","title":{"rendered":"Dan seguimiento a los periodos de veda para el Caribe guatemalteco"},"content":{"rendered":"\n<p>Los per\u00edodos de veda para la pesca de tiburones, pargo y peces de escamas, fueron establecidos en el XIX Consenso del Calendario de Vedas de tallas m\u00ednimas de Pesca del Caribe Guatemalteco, celebrado en Livingston, Izabal.<\/p>\n\n\n\n<p>El <a><\/a>acuerdo alcanzado para el ordenamiento pesquero fue gracias a las reuniones sostenidas entre representantes del Viceministerio de Sanidad Agropecuaria y Regulaciones (VISAR) del Ministerio de Agricultura, Ganader\u00eda y Alimentaci\u00f3n (MAGA), y los l\u00edderes de las comunidades costeras y otras entidades de gobierno.<\/p><div class=\"elmet-contenido\" id=\"elmet-679867994\"><div class=\"elmet-adlabel\">Anuncios<\/div><div style=\"margin-top: 20px;margin-right: 20px;margin-bottom: 20px;margin-left: 20px;\" id=\"elmet-1378717262\"><a href=\"https:\/\/www.facebook.com\/arrincuanantigua\/\" aria-label=\"cintillo-arrin-cual\"><img loading=\"lazy\" decoding=\"async\" src=\"https:\/\/elmetropolitano.com.gt\/es\/wp-content\/uploads\/2021\/11\/cintillo-arrin-cual-1.jpg\" alt=\"\"  srcset=\"https:\/\/elmetropolitano.com.gt\/es\/wp-content\/uploads\/2021\/11\/cintillo-arrin-cual-1.jpg 750w, https:\/\/elmetropolitano.com.gt\/es\/wp-content\/uploads\/2021\/11\/cintillo-arrin-cual-1-300x36.jpg 300w, https:\/\/elmetropolitano.com.gt\/es\/wp-content\/uploads\/2021\/11\/cintillo-arrin-cual-1-600x72.jpg 600w\" sizes=\"(max-width: 750px) 100vw, 750px\" width=\"750\" height=\"90\"   \/><\/a><\/div><\/div>\n\n\n\n<p>La discusi\u00f3n estuvo centrada en especies marinas clave como la manj\u00faa, camar\u00f3n, langosta, tiburones, rayas, entre otras.<\/p>\n\n\n\n<p>Las fechas establecidas para la veda son:<\/p>\n\n\n\n<p>-Tiburones: del 1 de mayo al 31 de agosto<\/p>\n\n\n\n<p>-Pargo: del 1 de mayo al 15 de junio<\/p>\n\n\n\n<p>-Peces de Escama: del 01 de mayo al 15 de junio (para el \u00e1rea de Lago de Izabal y R\u00edo Dulce) y del 15 de septiembre al 31 de octubre (para el \u00e1rea del Golfete y \u00e1rea Marina).<\/p>\n\n\n\n<p>Este consenso representa un avance en el manejo sostenible de los recursos marino-costeros en la regi\u00f3n del Caribe guatemalteco.<\/p>\n\n\n\n<p>Trabajo coordinado<\/p>\n\n\n\n<p>La veda est\u00e1 normada en la Ley General de Pesca y Acuicultura Decreto 80-2002 del Congreso de la Rep\u00fablica.<\/p>\n\n\n\n<p>En la reuni\u00f3n, se cont\u00f3 con representantes de:<\/p>\n\n\n\n<p>Gobernaci\u00f3n Departamental de Izabal<\/p>\n\n\n\n<p>Comando Naval del Caribe<\/p>\n\n\n\n<p>Direcci\u00f3n de Normatividad de la Pesca y Agricultura<\/p>\n\n\n\n<p>Secretar\u00eda de Seguridad Alimentaria y Nutricional<\/p>\n\n\n\n<p>Consejo Nacional de \u00c1reas Protegidas<\/p>\n\n\n\n<p>Sector de pesca de Livingston y Puerto Barrios.<\/p>\n\n\n\n<p>Las autoridades indicaron que se trata de una medida de manejo que protege los procesos de reproducci\u00f3n de las especies y asegura la continuidad de la actividad pesquera, de la cual dependen varias comunidades.<\/p>\n\n\n\n<p>En tanto, el gobernador departamental de Izabal remarc\u00f3 la contribuci\u00f3n de la actividad pesquera en la econom\u00eda local y por ello llam\u00f3 a respetar la restricci\u00f3n. Tambi\u00e9n agreg\u00f3 que as\u00ed se garantizar\u00e1 que los vecinos puedan continuar aprovechando la especie, pero de una forma sostenible.<\/p>\n\n\n\n<p>Conservaci\u00f3n de especies<\/p>\n\n\n\n<p>La veda en Izabal ayuda a la conservaci\u00f3n de especies marinas y la sostenibilidad de la actividad pesquera en el pa\u00eds.<\/p>\n\n\n\n<p>Adem\u00e1s, son una herramienta fundamental en la conservaci\u00f3n de la biodiversidad marina. Estas consisten en la prohibici\u00f3n temporal de la extracci\u00f3n de peces y otros organismos acu\u00e1ticos de mares, lagos y r\u00edos.<\/p>\n\n\n\n<p>Actualmente, las zonas con vedas de pesca en Guatemala se concentran principalmente en el Caribe guatemalteco, donde se encuentran algunas de las especies m\u00e1s emblem\u00e1ticas y comercialmente importantes para la pesca en el pa\u00eds.<\/p>\n\n\n\n<p>Texto\/Fotos: Ariel Morales<\/p>\n\n\n\n<p><a href=\"https:\/\/www.facebook.com\/hashtag\/metroredes?__eep__=6&amp;__cft__[0]=AZWH84LZ07TzWxsF7FSCdFHF9A3juImUXGa_nQrQd4E0yNX1ylDA_TJDnwWVuet-iR_ZpBqiii4hCnAp1qijwFhtb-klWwxAPxXLcvampa2XxnXL9xewUtFUkHF0NNHdmTnrBui0x0WNtWuHZHvEE7j32veQJUdcnu5o34GlH1d-xMj0DEhoWpaEmrZ-q4wzbw8&amp;__tn__=*NK-R\">#metroredes<\/a><a href=\"https:\/\/www.facebook.com\/hashtag\/vedadepesca?__eep__=6&amp;__cft__[0]=AZWH84LZ07TzWxsF7FSCdFHF9A3juImUXGa_nQrQd4E0yNX1ylDA_TJDnwWVuet-iR_ZpBqiii4hCnAp1qijwFhtb-klWwxAPxXLcvampa2XxnXL9xewUtFUkHF0NNHdmTnrBui0x0WNtWuHZHvEE7j32veQJUdcnu5o34GlH1d-xMj0DEhoWpaEmrZ-q4wzbw8&amp;__tn__=*NK-R\">#vedadepesca<\/a><a href=\"https:\/\/www.facebook.com\/hashtag\/elagrochapin?__eep__=6&amp;__cft__[0]=AZWH84LZ07TzWxsF7FSCdFHF9A3juImUXGa_nQrQd4E0yNX1ylDA_TJDnwWVuet-iR_ZpBqiii4hCnAp1qijwFhtb-klWwxAPxXLcvampa2XxnXL9xewUtFUkHF0NNHdmTnrBui0x0WNtWuHZHvEE7j32veQJUdcnu5o34GlH1d-xMj0DEhoWpaEmrZ-q4wzbw8&amp;__tn__=*NK-R\">#elagrochapin<\/a><\/p>\n\n\n\n<p><a href=\"https:\/\/l.facebook.com\/l.php?u=http%3A%2F%2Fwww.elmetropolitano.com.gr%2F%3Ffbclid%3DIwAR2Bt2XVP5l_V3XtgSzkWEK8nsLU79z7WxfcABLCUUjeE2BFH6gqFH1dfus&amp;h=AT1d-06n0FLS9bcQGfZWe4UK__vhRmtuU9dEwhsXRP5KvqQoe0iJElReEn1w4NNdJhztPXPmRh2Rfomavb1hQI-q-RF-3kG0wfRe84AGghN51uawH32l2MuON2NoGVBAQjVCt7uGVM9KzURNQEnG&amp;__tn__=-UK-R&amp;c[0]=AT2ls-l4_WGGxVTMT9RJPPr8tcU7m4uf7-kbOjIWNe4mhtpE-kiiIFPM4-HgHzAT5YkU-2VKWa9sm4MVil3FThhSfEOo9likAT0p78TtTS_ASHaREyad3LtwnLGqFV1YRXeZN6hwnD3RjlrYM9bhdkeK_0SiczsR-uk9yCDygsxav_jJvD0y1P0Z8LriJ3-lvgwyjJ5iN_Rb\" target=\"_blank\" rel=\"noreferrer noopener\">www.elmetropolitano.com.gr<\/a><\/p>\n\n\n\n<figure class=\"wp-block-gallery has-nested-images columns-default is-cropped wp-block-gallery-1 is-layout-flex wp-block-gallery-is-layout-flex\">\n<figure class=\"wp-block-image size-large\"><img loading=\"lazy\" decoding=\"async\" width=\"1024\" height=\"512\" data-id=\"78560\" src=\"https:\/\/elmetropolitano.com.gt\/es\/wp-content\/uploads\/2024\/02\/428662790_886998643426220_2071267008875085787_n-1024x512.jpg\" alt=\"\" class=\"wp-image-78560\" srcset=\"https:\/\/elmetropolitano.com.gt\/es\/wp-content\/uploads\/2024\/02\/428662790_886998643426220_2071267008875085787_n-1024x512.jpg 1024w, https:\/\/elmetropolitano.com.gt\/es\/wp-content\/uploads\/2024\/02\/428662790_886998643426220_2071267008875085787_n-300x150.jpg 300w, https:\/\/elmetropolitano.com.gt\/es\/wp-content\/uploads\/2024\/02\/428662790_886998643426220_2071267008875085787_n-768x384.jpg 768w, https:\/\/elmetropolitano.com.gt\/es\/wp-content\/uploads\/2024\/02\/428662790_886998643426220_2071267008875085787_n.jpg 1140w\" sizes=\"auto, (max-width: 1024px) 100vw, 1024px\" \/><\/figure>\n\n\n\n<figure class=\"wp-block-image size-large\"><img loading=\"lazy\" decoding=\"async\" width=\"1024\" height=\"683\" data-id=\"78561\" src=\"https:\/\/elmetropolitano.com.gt\/es\/wp-content\/uploads\/2024\/02\/428700551_886998650092886_12899284535002620_n.jpg\" alt=\"\" class=\"wp-image-78561\" srcset=\"https:\/\/elmetropolitano.com.gt\/es\/wp-content\/uploads\/2024\/02\/428700551_886998650092886_12899284535002620_n.jpg 1024w, https:\/\/elmetropolitano.com.gt\/es\/wp-content\/uploads\/2024\/02\/428700551_886998650092886_12899284535002620_n-300x200.jpg 300w, https:\/\/elmetropolitano.com.gt\/es\/wp-content\/uploads\/2024\/02\/428700551_886998650092886_12899284535002620_n-768x512.jpg 768w\" sizes=\"auto, (max-width: 1024px) 100vw, 1024px\" \/><\/figure>\n<\/figure>\n","protected":false},"excerpt":{"rendered":"<p>Los per\u00edodos de veda para la pesca de tiburones, pargo y peces de escamas, fueron establecidos en el XIX Consenso del Calendario de Vedas de tallas m\u00ednimas de Pesca del Caribe Guatemalteco, celebrado en Livingston, Izabal. El acuerdo alcanzado para el ordenamiento pesquero fue gracias a las reuniones sostenidas entre representantes del Viceministerio de Sanidad <a class=\"read-more\" href=\"https:\/\/elmetropolitano.com.gt\/es\/dan-seguimiento-a-los-periodos-de-veda-para-el-caribe-guatemalteco\/\">Leer m\u00e1s<\/a><\/p>\n","protected":false},"author":1,"featured_media":78559,"comment_status":"open","ping_status":"closed","sticky":false,"template":"","format":"standard","meta":{"footnotes":""},"categories":[2],"tags":[12],"class_list":["post-78558","post","type-post","status-publish","format-standard","has-post-thumbnail","hentry","category-nacionales","tag-nacionales"],"_links":{"self":[{"href":"https:\/\/elmetropolitano.com.gt\/es\/wp-json\/wp\/v2\/posts\/78558","targetHints":{"allow":["GET"]}}],"collection":[{"href":"https:\/\/elmetropolitano.com.gt\/es\/wp-json\/wp\/v2\/posts"}],"about":[{"href":"https:\/\/elmetropolitano.com.gt\/es\/wp-json\/wp\/v2\/types\/post"}],"author":[{"embeddable":true,"href":"https:\/\/elmetropolitano.com.gt\/es\/wp-json\/wp\/v2\/users\/1"}],"replies":[{"embeddable":true,"href":"https:\/\/elmetropolitano.com.gt\/es\/wp-json\/wp\/v2\/comments?post=78558"}],"version-history":[{"count":1,"href":"https:\/\/elmetropolitano.com.gt\/es\/wp-json\/wp\/v2\/posts\/78558\/revisions"}],"predecessor-version":[{"id":78562,"href":"https:\/\/elmetropolitano.com.gt\/es\/wp-json\/wp\/v2\/posts\/78558\/revisions\/78562"}],"wp:featuredmedia":[{"embeddable":true,"href":"https:\/\/elmetropolitano.com.gt\/es\/wp-json\/wp\/v2\/media\/78559"}],"wp:attachment":[{"href":"https:\/\/elmetropolitano.com.gt\/es\/wp-json\/wp\/v2\/media?parent=78558"}],"wp:term":[{"taxonomy":"category","embeddable":true,"href":"https:\/\/elmetropolitano.com.gt\/es\/wp-json\/wp\/v2\/categories?post=78558"},{"taxonomy":"post_tag","embeddable":true,"href":"https:\/\/elmetropolitano.com.gt\/es\/wp-json\/wp\/v2\/tags?post=78558"}],"curies":[{"name":"wp","href":"https:\/\/api.w.org\/{rel}","templated":true}]}}