{"id":78563,"date":"2024-02-23T19:23:59","date_gmt":"2024-02-24T01:23:59","guid":{"rendered":"https:\/\/elmetropolitano.com.gt\/es\/?p=78563"},"modified":"2024-02-23T19:24:00","modified_gmt":"2024-02-24T01:24:00","slug":"presidenta-en-funciones-supervisa-atencion-de-migrantes-en-san-marcos","status":"publish","type":"post","link":"https:\/\/elmetropolitano.com.gt\/es\/presidenta-en-funciones-supervisa-atencion-de-migrantes-en-san-marcos\/","title":{"rendered":"Presidenta en funciones supervisa atenci\u00f3n de migrantes en San Marcos"},"content":{"rendered":"\n<p>La presidenta en funciones, Karin Herrera, supervis\u00f3 este jueves el Centro de Atenci\u00f3n y Protecci\u00f3n para Personas Migrantes y Refugiadas (CAPMiR), en Tec\u00fan Um\u00e1n, San Marcos.<\/p>\n\n\n\n<p>Al concluir el recorrido por las instalaciones, la Presidenta en funciones expres\u00f3 que \u201cVenimos a visitar este centro de atenci\u00f3n a los retornados que est\u00e1 en Tec\u00fan Um\u00e1n, San Marcos. Vimos los planes que hay para atender mejor a los <a><\/a>retornados y uno de estos planes se inicia en mayo del 2024\u201d<\/p><div class=\"elmet-contenido\" id=\"elmet-4257616394\"><div class=\"elmet-adlabel\">Anuncios<\/div><div style=\"margin-top: 20px;margin-right: 20px;margin-bottom: 20px;margin-left: 20px;\" id=\"elmet-2407001618\"><a href=\"https:\/\/www.facebook.com\/arrincuanantigua\/\" aria-label=\"cintillo-arrin-cual\"><img loading=\"lazy\" decoding=\"async\" src=\"https:\/\/elmetropolitano.com.gt\/es\/wp-content\/uploads\/2021\/11\/cintillo-arrin-cual-1.jpg\" alt=\"\"  srcset=\"https:\/\/elmetropolitano.com.gt\/es\/wp-content\/uploads\/2021\/11\/cintillo-arrin-cual-1.jpg 750w, https:\/\/elmetropolitano.com.gt\/es\/wp-content\/uploads\/2021\/11\/cintillo-arrin-cual-1-300x36.jpg 300w, https:\/\/elmetropolitano.com.gt\/es\/wp-content\/uploads\/2021\/11\/cintillo-arrin-cual-1-600x72.jpg 600w\" sizes=\"(max-width: 750px) 100vw, 750px\" width=\"750\" height=\"90\"   \/><\/a><\/div><\/div>\n\n\n\n<p>Este plan incluye la construcci\u00f3n de un centro de atenci\u00f3n m\u00e1s amplio que va a incluir instalaciones para la Secretar\u00eda contra la Violencia Sexual, Explotaci\u00f3n y Trata de Personas (SVET) y otras instituciones.<\/p>\n\n\n\n<p>En el recorrido la acompa\u00f1an la jefa de la misi\u00f3n de la Organizaci\u00f3n Internacional para las Migraciones (OIM), St\u00e9phanie Daviot. Tambi\u00e9n el director del Instituto Guatemalteco de Migraci\u00f3n (IGM).<\/p>\n\n\n\n<p>Fortalecer la atenci\u00f3n<\/p>\n\n\n\n<p>La Presidenta en funciones resalt\u00f3 que durante su visita conoci\u00f3 sobre la atenci\u00f3n a los migrantes. Tambi\u00e9n supo m\u00e1s a fondo sobre otros planes que fueron discutidos con el director del IGM y ya se cuenta con propuestas al respecto:<\/p>\n\n\n\n<p>Ya se tienen propuestas como tener buses que trasladen a los retornados a sus lugares de origen. Y de esta manera no sean expuestos a personas que los extorsionan o les roban.<\/p>\n\n\n\n<p>Adem\u00e1s, Herrera manifest\u00f3 que se tendr\u00e1 una conversaci\u00f3n con el ministro de Gobernaci\u00f3n, Francisco Jim\u00e9nez, para que se les pueda dar seguimiento a estas personas que atiendan a la integridad de los migrantes, cuando ya est\u00e1n en calidad de retornados en el pa\u00eds:<\/p>\n\n\n\n<p>Tambi\u00e9n pensamos en tener una conversaci\u00f3n con el ministro de Gobernaci\u00f3n para que se les pueda dar seguimiento a estas personas que atentan contra la integridad de los migrantes.<\/p>\n\n\n\n<p>Resalt\u00f3 que hay mucho que trabajar en este tema, para que los guatemaltecos tomen la decisi\u00f3n de permanecer en el pa\u00eds y vean que migrar no sea la \u00fanica opci\u00f3n.<\/p>\n\n\n\n<p>Asimismo, agradeci\u00f3 el apoyo y la cooperaci\u00f3n de la OIM, que han sido fundamentales para la atenci\u00f3n de los migrantes retornados en el pa\u00eds.<\/p>\n\n\n\n<p>Sobre los centros<\/p>\n\n\n\n<p>Guatemala cuenta con cuatro centros de retornados, ubicados en ciudad de Guatemala y Tec\u00fan Um\u00e1n, Ayutla, San Marcos.<\/p>\n\n\n\n<p>El centro de recepci\u00f3n de Tec\u00fan Um\u00e1n es un espacio gestionado por el IGM. Asimismo, cuenta con el apoyo de la OIM desde el 2015 y con el financiamiento de la Agencia de los Estados Unidos para el Desarrollo Internacional (USAID).<\/p>\n\n\n\n<p>Adem\u00e1s, dicho centro brinda los servicios que responden a necesidades b\u00e1sicas de la poblaci\u00f3n. Los principales beneficiarios de este centro son migrantes guatemaltecos retornados (mujeres y hombres adultos, unidades familiares, ni\u00f1ez migrante acompa\u00f1ada y no acompa\u00f1ada).<\/p>\n\n\n\n<p>De acuerdo con la informaci\u00f3n:<\/p>\n\n\n\n<p>Se est\u00e1n ofreciendo servicios de reintegraci\u00f3n econ\u00f3mica a trav\u00e9s de derivaciones del Sistema Nacional de Referenciaci\u00f3n a programas de reintegraci\u00f3n para migrantes.<\/p>\n\n\n\n<p>La OIM coopera y coordina su respuesta con otros entes gubernamentales como IGM y el Consejo Nacional de Atenci\u00f3n al Migrante de Guatemala. Adem\u00e1s, se cuenta con el apoyo de la Secretar\u00eda de Obras Sociales de la Esposa del Presidente de la Rep\u00fablica, Secretar\u00eda de Bienestar Social, y Procuradur\u00eda General de la Naci\u00f3n. Tambi\u00e9n otras organizaciones brindan respaldo, como la Casa del Migrante y El Refugio de la Ni\u00f1ez.<\/p>\n\n\n\n<p>En el 2023 se registraron m\u00e1s de 79 mil 979 retornados. De estos, 24 mil 679 fueron desde M\u00e9xico, y el 8 % de ellos fueron ni\u00f1as, ni\u00f1os y adolescentes.<\/p>\n\n\n\n<p>El Centro de retornados ha apoyado a 20 mil 64 migrantes desde mayo 2022 hasta la fecha.<\/p>\n\n\n\n<p>Texto Brenda Larios<\/p>\n\n\n\n<figure class=\"wp-block-gallery has-nested-images columns-default is-cropped wp-block-gallery-1 is-layout-flex wp-block-gallery-is-layout-flex\">\n<figure class=\"wp-block-image size-large\"><img loading=\"lazy\" decoding=\"async\" width=\"680\" height=\"453\" data-id=\"78565\" src=\"https:\/\/elmetropolitano.com.gt\/es\/wp-content\/uploads\/2024\/02\/409054136_887063646753053_753876861092254734_n.jpg\" alt=\"\" class=\"wp-image-78565\" srcset=\"https:\/\/elmetropolitano.com.gt\/es\/wp-content\/uploads\/2024\/02\/409054136_887063646753053_753876861092254734_n.jpg 680w, https:\/\/elmetropolitano.com.gt\/es\/wp-content\/uploads\/2024\/02\/409054136_887063646753053_753876861092254734_n-300x200.jpg 300w\" sizes=\"auto, (max-width: 680px) 100vw, 680px\" \/><\/figure>\n\n\n\n<figure class=\"wp-block-image size-large\"><img loading=\"lazy\" decoding=\"async\" width=\"360\" height=\"240\" data-id=\"78566\" src=\"https:\/\/elmetropolitano.com.gt\/es\/wp-content\/uploads\/2024\/02\/428642504_887063636753054_6130669021560061137_n.jpg\" alt=\"\" class=\"wp-image-78566\" srcset=\"https:\/\/elmetropolitano.com.gt\/es\/wp-content\/uploads\/2024\/02\/428642504_887063636753054_6130669021560061137_n.jpg 360w, https:\/\/elmetropolitano.com.gt\/es\/wp-content\/uploads\/2024\/02\/428642504_887063636753054_6130669021560061137_n-300x200.jpg 300w\" sizes=\"auto, (max-width: 360px) 100vw, 360px\" \/><\/figure>\n\n\n\n<figure class=\"wp-block-image size-large\"><img loading=\"lazy\" decoding=\"async\" width=\"360\" height=\"240\" data-id=\"78568\" src=\"https:\/\/elmetropolitano.com.gt\/es\/wp-content\/uploads\/2024\/02\/428644332_887063683419716_6419230077602341449_n.jpg\" alt=\"\" class=\"wp-image-78568\" srcset=\"https:\/\/elmetropolitano.com.gt\/es\/wp-content\/uploads\/2024\/02\/428644332_887063683419716_6419230077602341449_n.jpg 360w, https:\/\/elmetropolitano.com.gt\/es\/wp-content\/uploads\/2024\/02\/428644332_887063683419716_6419230077602341449_n-300x200.jpg 300w\" sizes=\"auto, (max-width: 360px) 100vw, 360px\" \/><\/figure>\n\n\n\n<figure class=\"wp-block-image size-large\"><img loading=\"lazy\" decoding=\"async\" width=\"360\" height=\"240\" data-id=\"78567\" src=\"https:\/\/elmetropolitano.com.gt\/es\/wp-content\/uploads\/2024\/02\/428650215_887063580086393_5515618311600662001_n.jpg\" alt=\"\" class=\"wp-image-78567\" srcset=\"https:\/\/elmetropolitano.com.gt\/es\/wp-content\/uploads\/2024\/02\/428650215_887063580086393_5515618311600662001_n.jpg 360w, https:\/\/elmetropolitano.com.gt\/es\/wp-content\/uploads\/2024\/02\/428650215_887063580086393_5515618311600662001_n-300x200.jpg 300w\" sizes=\"auto, (max-width: 360px) 100vw, 360px\" \/><\/figure>\n<\/figure>\n","protected":false},"excerpt":{"rendered":"<p>La presidenta en funciones, Karin Herrera, supervis\u00f3 este jueves el Centro de Atenci\u00f3n y Protecci\u00f3n para Personas Migrantes y Refugiadas (CAPMiR), en Tec\u00fan Um\u00e1n, San Marcos. Al concluir el recorrido por las instalaciones, la Presidenta en funciones expres\u00f3 que \u201cVenimos a visitar este centro de atenci\u00f3n a los retornados que est\u00e1 en Tec\u00fan Um\u00e1n, San <a class=\"read-more\" href=\"https:\/\/elmetropolitano.com.gt\/es\/presidenta-en-funciones-supervisa-atencion-de-migrantes-en-san-marcos\/\">Leer m\u00e1s<\/a><\/p>\n","protected":false},"author":1,"featured_media":78564,"comment_status":"open","ping_status":"closed","sticky":false,"template":"","format":"standard","meta":{"footnotes":""},"categories":[2],"tags":[12],"class_list":["post-78563","post","type-post","status-publish","format-standard","has-post-thumbnail","hentry","category-nacionales","tag-nacionales"],"_links":{"self":[{"href":"https:\/\/elmetropolitano.com.gt\/es\/wp-json\/wp\/v2\/posts\/78563","targetHints":{"allow":["GET"]}}],"collection":[{"href":"https:\/\/elmetropolitano.com.gt\/es\/wp-json\/wp\/v2\/posts"}],"about":[{"href":"https:\/\/elmetropolitano.com.gt\/es\/wp-json\/wp\/v2\/types\/post"}],"author":[{"embeddable":true,"href":"https:\/\/elmetropolitano.com.gt\/es\/wp-json\/wp\/v2\/users\/1"}],"replies":[{"embeddable":true,"href":"https:\/\/elmetropolitano.com.gt\/es\/wp-json\/wp\/v2\/comments?post=78563"}],"version-history":[{"count":1,"href":"https:\/\/elmetropolitano.com.gt\/es\/wp-json\/wp\/v2\/posts\/78563\/revisions"}],"predecessor-version":[{"id":78569,"href":"https:\/\/elmetropolitano.com.gt\/es\/wp-json\/wp\/v2\/posts\/78563\/revisions\/78569"}],"wp:featuredmedia":[{"embeddable":true,"href":"https:\/\/elmetropolitano.com.gt\/es\/wp-json\/wp\/v2\/media\/78564"}],"wp:attachment":[{"href":"https:\/\/elmetropolitano.com.gt\/es\/wp-json\/wp\/v2\/media?parent=78563"}],"wp:term":[{"taxonomy":"category","embeddable":true,"href":"https:\/\/elmetropolitano.com.gt\/es\/wp-json\/wp\/v2\/categories?post=78563"},{"taxonomy":"post_tag","embeddable":true,"href":"https:\/\/elmetropolitano.com.gt\/es\/wp-json\/wp\/v2\/tags?post=78563"}],"curies":[{"name":"wp","href":"https:\/\/api.w.org\/{rel}","templated":true}]}}