{"id":78576,"date":"2024-02-23T19:28:37","date_gmt":"2024-02-24T01:28:37","guid":{"rendered":"https:\/\/elmetropolitano.com.gt\/es\/?p=78576"},"modified":"2024-02-23T19:28:38","modified_gmt":"2024-02-24T01:28:38","slug":"no-termina-el-pleito-entre-las-diputadas-de-nosotros","status":"publish","type":"post","link":"https:\/\/elmetropolitano.com.gt\/es\/no-termina-el-pleito-entre-las-diputadas-de-nosotros\/","title":{"rendered":"No termina el \u201cpleito\u201d entre las diputadas de NOSOTROS"},"content":{"rendered":"\n<p>El odio entre mujeres dicen que es grande y hoy las diputadas de la bancada de NOSOTROS, Nadia de Le\u00f3n Torres y Vivian Preciado Navarijo dicen tener el control de la bancada y ambas presentaron informes del Registro de Ciudadanos (RC) del Tribunal Supremo Electoral (TSE).<\/p>\n\n\n\n<p>Las parlamentarias dieron <a><\/a>su punto de vista en conferencia de prensa respectivamente.<\/p><div class=\"elmet-contenido\" id=\"elmet-1700102659\"><div class=\"elmet-adlabel\">Anuncios<\/div><div style=\"margin-top: 20px;margin-right: 20px;margin-bottom: 20px;margin-left: 20px;\" id=\"elmet-94256992\"><a href=\"https:\/\/www.facebook.com\/arrincuanantigua\/\" aria-label=\"cintillo-arrin-cual\"><img loading=\"lazy\" decoding=\"async\" src=\"https:\/\/elmetropolitano.com.gt\/es\/wp-content\/uploads\/2021\/11\/cintillo-arrin-cual-1.jpg\" alt=\"\"  srcset=\"https:\/\/elmetropolitano.com.gt\/es\/wp-content\/uploads\/2021\/11\/cintillo-arrin-cual-1.jpg 750w, https:\/\/elmetropolitano.com.gt\/es\/wp-content\/uploads\/2021\/11\/cintillo-arrin-cual-1-300x36.jpg 300w, https:\/\/elmetropolitano.com.gt\/es\/wp-content\/uploads\/2021\/11\/cintillo-arrin-cual-1-600x72.jpg 600w\" sizes=\"(max-width: 750px) 100vw, 750px\" width=\"750\" height=\"90\"   \/><\/a><\/div><\/div>\n\n\n\n<p>La diputada Navarijo dijo que Nadia no estaba afiliada y no hab\u00eda raz\u00f3n de cr\u00edtica del hecho que ella tampoco estuviera sin afiliaci\u00f3n a NOSOTROS.<\/p>\n\n\n\n<p>La diputada Nadia de Le\u00f3n Torres dijo que ya se hab\u00eda afiliado al partido de NOSOTROS desde enero y que al parecer no se lo hab\u00edan dicho a Vivian Preciado.<\/p>\n\n\n\n<p>Ambas diputadas pelean la jefatura de bancada de NOSOTROS y ahora la resoluci\u00f3n final est\u00e1 en manos de la Junta Directiva del Congreso que ya tiene conocimiento del caso desde hace m\u00e1s de una semana.<\/p>\n\n\n\n<p>Texto: Francisco Javier Hurtarte<\/p>\n\n\n\n<p><a href=\"https:\/\/www.facebook.com\/hashtag\/metroredes?__eep__=6&amp;__cft__[0]=AZWK3Vcf5Xy4yCqBa09MEEysIjZac9kfW2wJAQX1YbUaLTR6jw9aJPABUfg4PD6t4zNle7r4hd7NOQVfpjQmWTpied-AlvZaQdiK0vp399-5P2Z_ZBiotx5RCqXJZ6Hmanrny70DT39c4sH13RVTKWNWcYzuS9_JRHC1LopuTpIl9SgrDyqz56MiWk8nHJbzWt4&amp;__tn__=*NK-R\">#metroredes<\/a><a href=\"https:\/\/www.facebook.com\/hashtag\/congresogt?__eep__=6&amp;__cft__[0]=AZWK3Vcf5Xy4yCqBa09MEEysIjZac9kfW2wJAQX1YbUaLTR6jw9aJPABUfg4PD6t4zNle7r4hd7NOQVfpjQmWTpied-AlvZaQdiK0vp399-5P2Z_ZBiotx5RCqXJZ6Hmanrny70DT39c4sH13RVTKWNWcYzuS9_JRHC1LopuTpIl9SgrDyqz56MiWk8nHJbzWt4&amp;__tn__=*NK-R\">#CongresoGT<\/a><a href=\"https:\/\/www.facebook.com\/hashtag\/partidonosotros?__eep__=6&amp;__cft__[0]=AZWK3Vcf5Xy4yCqBa09MEEysIjZac9kfW2wJAQX1YbUaLTR6jw9aJPABUfg4PD6t4zNle7r4hd7NOQVfpjQmWTpied-AlvZaQdiK0vp399-5P2Z_ZBiotx5RCqXJZ6Hmanrny70DT39c4sH13RVTKWNWcYzuS9_JRHC1LopuTpIl9SgrDyqz56MiWk8nHJbzWt4&amp;__tn__=*NK-R\">#PartidoNosotros<\/a><a href=\"https:\/\/www.facebook.com\/hashtag\/congresodelarepublicagt?__eep__=6&amp;__cft__[0]=AZWK3Vcf5Xy4yCqBa09MEEysIjZac9kfW2wJAQX1YbUaLTR6jw9aJPABUfg4PD6t4zNle7r4hd7NOQVfpjQmWTpied-AlvZaQdiK0vp399-5P2Z_ZBiotx5RCqXJZ6Hmanrny70DT39c4sH13RVTKWNWcYzuS9_JRHC1LopuTpIl9SgrDyqz56MiWk8nHJbzWt4&amp;__tn__=*NK-R\">#CongresoDeLaRepublicagt<\/a><\/p>\n\n\n\n<figure class=\"wp-block-gallery has-nested-images columns-default is-cropped wp-block-gallery-1 is-layout-flex wp-block-gallery-is-layout-flex\">\n<figure class=\"wp-block-image size-large\"><img loading=\"lazy\" decoding=\"async\" width=\"576\" height=\"1024\" data-id=\"78578\" src=\"https:\/\/elmetropolitano.com.gt\/es\/wp-content\/uploads\/2024\/02\/428642361_887109653415119_8145566714480818927_n-576x1024.jpg\" alt=\"\" class=\"wp-image-78578\" srcset=\"https:\/\/elmetropolitano.com.gt\/es\/wp-content\/uploads\/2024\/02\/428642361_887109653415119_8145566714480818927_n-576x1024.jpg 576w, https:\/\/elmetropolitano.com.gt\/es\/wp-content\/uploads\/2024\/02\/428642361_887109653415119_8145566714480818927_n-169x300.jpg 169w, https:\/\/elmetropolitano.com.gt\/es\/wp-content\/uploads\/2024\/02\/428642361_887109653415119_8145566714480818927_n-768x1365.jpg 768w, https:\/\/elmetropolitano.com.gt\/es\/wp-content\/uploads\/2024\/02\/428642361_887109653415119_8145566714480818927_n-864x1536.jpg 864w, https:\/\/elmetropolitano.com.gt\/es\/wp-content\/uploads\/2024\/02\/428642361_887109653415119_8145566714480818927_n.jpg 900w\" sizes=\"auto, (max-width: 576px) 100vw, 576px\" \/><\/figure>\n\n\n\n<figure class=\"wp-block-image size-large\"><img loading=\"lazy\" decoding=\"async\" width=\"576\" height=\"1024\" data-id=\"78579\" src=\"https:\/\/elmetropolitano.com.gt\/es\/wp-content\/uploads\/2024\/02\/428643794_887109666748451_1644765135647267836_n-1-576x1024.jpg\" alt=\"\" class=\"wp-image-78579\" srcset=\"https:\/\/elmetropolitano.com.gt\/es\/wp-content\/uploads\/2024\/02\/428643794_887109666748451_1644765135647267836_n-1-576x1024.jpg 576w, https:\/\/elmetropolitano.com.gt\/es\/wp-content\/uploads\/2024\/02\/428643794_887109666748451_1644765135647267836_n-1-169x300.jpg 169w, https:\/\/elmetropolitano.com.gt\/es\/wp-content\/uploads\/2024\/02\/428643794_887109666748451_1644765135647267836_n-1-768x1365.jpg 768w, https:\/\/elmetropolitano.com.gt\/es\/wp-content\/uploads\/2024\/02\/428643794_887109666748451_1644765135647267836_n-1-864x1536.jpg 864w, https:\/\/elmetropolitano.com.gt\/es\/wp-content\/uploads\/2024\/02\/428643794_887109666748451_1644765135647267836_n-1.jpg 900w\" sizes=\"auto, (max-width: 576px) 100vw, 576px\" \/><\/figure>\n<\/figure>\n","protected":false},"excerpt":{"rendered":"<p>El odio entre mujeres dicen que es grande y hoy las diputadas de la bancada de NOSOTROS, Nadia de Le\u00f3n Torres y Vivian Preciado Navarijo dicen tener el control de la bancada y ambas presentaron informes del Registro de Ciudadanos (RC) del Tribunal Supremo Electoral (TSE). Las parlamentarias dieron su punto de vista en conferencia <a class=\"read-more\" href=\"https:\/\/elmetropolitano.com.gt\/es\/no-termina-el-pleito-entre-las-diputadas-de-nosotros\/\">Leer m\u00e1s<\/a><\/p>\n","protected":false},"author":1,"featured_media":78577,"comment_status":"open","ping_status":"closed","sticky":false,"template":"","format":"standard","meta":{"footnotes":""},"categories":[2],"tags":[12],"class_list":["post-78576","post","type-post","status-publish","format-standard","has-post-thumbnail","hentry","category-nacionales","tag-nacionales"],"_links":{"self":[{"href":"https:\/\/elmetropolitano.com.gt\/es\/wp-json\/wp\/v2\/posts\/78576","targetHints":{"allow":["GET"]}}],"collection":[{"href":"https:\/\/elmetropolitano.com.gt\/es\/wp-json\/wp\/v2\/posts"}],"about":[{"href":"https:\/\/elmetropolitano.com.gt\/es\/wp-json\/wp\/v2\/types\/post"}],"author":[{"embeddable":true,"href":"https:\/\/elmetropolitano.com.gt\/es\/wp-json\/wp\/v2\/users\/1"}],"replies":[{"embeddable":true,"href":"https:\/\/elmetropolitano.com.gt\/es\/wp-json\/wp\/v2\/comments?post=78576"}],"version-history":[{"count":1,"href":"https:\/\/elmetropolitano.com.gt\/es\/wp-json\/wp\/v2\/posts\/78576\/revisions"}],"predecessor-version":[{"id":78580,"href":"https:\/\/elmetropolitano.com.gt\/es\/wp-json\/wp\/v2\/posts\/78576\/revisions\/78580"}],"wp:featuredmedia":[{"embeddable":true,"href":"https:\/\/elmetropolitano.com.gt\/es\/wp-json\/wp\/v2\/media\/78577"}],"wp:attachment":[{"href":"https:\/\/elmetropolitano.com.gt\/es\/wp-json\/wp\/v2\/media?parent=78576"}],"wp:term":[{"taxonomy":"category","embeddable":true,"href":"https:\/\/elmetropolitano.com.gt\/es\/wp-json\/wp\/v2\/categories?post=78576"},{"taxonomy":"post_tag","embeddable":true,"href":"https:\/\/elmetropolitano.com.gt\/es\/wp-json\/wp\/v2\/tags?post=78576"}],"curies":[{"name":"wp","href":"https:\/\/api.w.org\/{rel}","templated":true}]}}