{"id":78591,"date":"2024-02-23T19:33:58","date_gmt":"2024-02-24T01:33:58","guid":{"rendered":"https:\/\/elmetropolitano.com.gt\/es\/?p=78591"},"modified":"2024-02-23T19:33:59","modified_gmt":"2024-02-24T01:33:59","slug":"karin-herrera-visita-a-pacientes-hospitalizadas-con-guillain-barre","status":"publish","type":"post","link":"https:\/\/elmetropolitano.com.gt\/es\/karin-herrera-visita-a-pacientes-hospitalizadas-con-guillain-barre\/","title":{"rendered":"Karin Herrera visita a pacientes hospitalizadas con Guillain Barr\u00e9"},"content":{"rendered":"\n<p>Durante la visita oficial de la presidenta en funciones Karin Herrera y la viceministra de Hospitales, Linda Valencia, al Hospital de Mazatenango, Suchitep\u00e9quez, se destac\u00f3 el inter\u00e9s por conocer de cerca la situaci\u00f3n de los pacientes afectados por la enfermedad neurol\u00f3gica Guillain Barr\u00e9.<\/p>\n\n\n\n<p>Encuentro con pacientes<\/p><div class=\"elmet-contenido\" id=\"elmet-707910811\"><div class=\"elmet-adlabel\">Anuncios<\/div><div style=\"margin-top: 20px;margin-right: 20px;margin-bottom: 20px;margin-left: 20px;\" id=\"elmet-3054177871\"><a href=\"https:\/\/www.facebook.com\/arrincuanantigua\/\" aria-label=\"cintillo-arrin-cual\"><img loading=\"lazy\" decoding=\"async\" src=\"https:\/\/elmetropolitano.com.gt\/es\/wp-content\/uploads\/2021\/11\/cintillo-arrin-cual-1.jpg\" alt=\"\"  srcset=\"https:\/\/elmetropolitano.com.gt\/es\/wp-content\/uploads\/2021\/11\/cintillo-arrin-cual-1.jpg 750w, https:\/\/elmetropolitano.com.gt\/es\/wp-content\/uploads\/2021\/11\/cintillo-arrin-cual-1-300x36.jpg 300w, https:\/\/elmetropolitano.com.gt\/es\/wp-content\/uploads\/2021\/11\/cintillo-arrin-cual-1-600x72.jpg 600w\" sizes=\"(max-width: 750px) 100vw, 750px\" width=\"750\" height=\"90\"   \/><\/a><\/div><\/div>\n\n\n\n<p>En <a><\/a>el \u00e1rea destinada a los pacientes de Guillain Barr\u00e9, la Presidenta en funciones tuvo la oportunidad de interactuar con Lilian de Le\u00f3n y Mirci Guarchaj, quienes compartieron sus experiencias y expresaron su agradecimiento por el tratamiento recibido.<\/p>\n\n\n\n<p>Mirci Guarchaj, paciente de Guillain Barr\u00e9, relat\u00f3 su experiencia, destacando la r\u00e1pida progresi\u00f3n de la enfermedad.<\/p>\n\n\n\n<p>Empec\u00e9 con la enfermedad hace dos semanas, ingres\u00e9 al hospital la semana pasada\u2026 d\u00eda a d\u00eda fue subiendo a todo mi cuerpo hasta perder el movimiento total. Con el tratamiento y el apoyo de las doctoras con las terapias he sentido bastante el cambio, me siento bastante bien.<\/p>\n\n\n\n<p>Lilian de Le\u00f3n tambi\u00e9n comparti\u00f3 su testimonio al indicar que \u201cempec\u00e9 con mucha fiebre, dolor de cabeza, ardor de pulmones\u2026 gracias al tratamiento y a los doctores ya puedo mover los dedos, los pies. Lo que no tengo son fuerzas en la mano y en los pies, pero las terapias me est\u00e1n ayudando bastante\u201d<\/p>\n\n\n\n<p>Karin Herrera, luego de recibir informaci\u00f3n detallada sobre el estado de salud de las pacientes, expres\u00f3 su satisfacci\u00f3n por las buenas noticias.<\/p>\n\n\n\n<p>\u201cTuvimos buenas noticias, pues se ha registrado una disminuci\u00f3n significativa en el n\u00famero de pacientes\u2026 el Ministerio de Salud ha trabajado arduamente durante las \u00faltimas semanas para atender esta emergencia, la cual est\u00e1 controlada.<\/p>\n\n\n\n<p>S\u00edntomas de Guillain Barr\u00e9\u201d expres\u00f3 l Presidenta en funciones<\/p>\n\n\n\n<p>En este contexto, es fundamental destacar los s\u00edntomas asociados a la enfermedad de Guillain Barr\u00e9, seg\u00fan el Ministerio de Salud P\u00fablica y Asistencia Social (MSPAS). Estos incluyen diarrea, fiebre, problemas respiratorios, debilidad progresiva en las piernas, sensaci\u00f3n de hormigueo o adormecimiento en los brazos y manos, as\u00ed como debilidad en los m\u00fasculos de la cara.<\/p>\n\n\n\n<p>La visita de las funcionarias de Salud al hospital de Mazatenango resalta la importancia de la atenci\u00f3n m\u00e9dica a pacientes de Guillain Barr\u00e9. Asimismo, esto destaca la necesidad de la prevenci\u00f3n y la r\u00e1pida b\u00fasqueda de atenci\u00f3n m\u00e9dica al detectar los s\u00edntomas. La labor del Ministerio de Salud es clave en el control de esta emergencia y en el bienestar de los afectados<\/p>\n\n\n\n<p><a href=\"https:\/\/www.facebook.com\/hashtag\/metroredes?__eep__=6&amp;__cft__[0]=AZXZrDSzwuGsn7ixRAN4z3jX3-XjLYhWczKkcmG8bSNw6_L1ADP9JmgExBCIfovsybN-i0aBUG4-B9fLutVbkG02FV1G-hiv82GL6y3G4hChA5KZYN7Y21hZZru5xMI2-7PjAMHGdEymo-ooG92jp73o3ACoPfKk1dnmetLpaR7ELU5npA1H9KYswtRbHzrxPjQ&amp;__tn__=*NK-R\">#metroredes<\/a><a href=\"https:\/\/www.facebook.com\/hashtag\/mazatenango?__eep__=6&amp;__cft__[0]=AZXZrDSzwuGsn7ixRAN4z3jX3-XjLYhWczKkcmG8bSNw6_L1ADP9JmgExBCIfovsybN-i0aBUG4-B9fLutVbkG02FV1G-hiv82GL6y3G4hChA5KZYN7Y21hZZru5xMI2-7PjAMHGdEymo-ooG92jp73o3ACoPfKk1dnmetLpaR7ELU5npA1H9KYswtRbHzrxPjQ&amp;__tn__=*NK-R\">#Mazatenango<\/a><a href=\"https:\/\/www.facebook.com\/hashtag\/guillainbarresyndrome?__eep__=6&amp;__cft__[0]=AZXZrDSzwuGsn7ixRAN4z3jX3-XjLYhWczKkcmG8bSNw6_L1ADP9JmgExBCIfovsybN-i0aBUG4-B9fLutVbkG02FV1G-hiv82GL6y3G4hChA5KZYN7Y21hZZru5xMI2-7PjAMHGdEymo-ooG92jp73o3ACoPfKk1dnmetLpaR7ELU5npA1H9KYswtRbHzrxPjQ&amp;__tn__=*NK-R\">#GuillainBarreSyndrome<\/a><\/p>\n\n\n\n<figure class=\"wp-block-gallery has-nested-images columns-default is-cropped wp-block-gallery-1 is-layout-flex wp-block-gallery-is-layout-flex\">\n<figure class=\"wp-block-image size-large\"><img loading=\"lazy\" decoding=\"async\" width=\"679\" height=\"453\" data-id=\"78593\" src=\"https:\/\/elmetropolitano.com.gt\/es\/wp-content\/uploads\/2024\/02\/428632746_887145760078175_3425123124555086055_n.jpg\" alt=\"\" class=\"wp-image-78593\" srcset=\"https:\/\/elmetropolitano.com.gt\/es\/wp-content\/uploads\/2024\/02\/428632746_887145760078175_3425123124555086055_n.jpg 679w, https:\/\/elmetropolitano.com.gt\/es\/wp-content\/uploads\/2024\/02\/428632746_887145760078175_3425123124555086055_n-300x200.jpg 300w\" sizes=\"auto, (max-width: 679px) 100vw, 679px\" \/><\/figure>\n\n\n\n<figure class=\"wp-block-image size-large\"><img loading=\"lazy\" decoding=\"async\" width=\"1024\" height=\"512\" data-id=\"78594\" src=\"https:\/\/elmetropolitano.com.gt\/es\/wp-content\/uploads\/2024\/02\/428656198_887147120078039_8392185847220013494_n-1-1024x512.jpg\" alt=\"\" class=\"wp-image-78594\" srcset=\"https:\/\/elmetropolitano.com.gt\/es\/wp-content\/uploads\/2024\/02\/428656198_887147120078039_8392185847220013494_n-1-1024x512.jpg 1024w, https:\/\/elmetropolitano.com.gt\/es\/wp-content\/uploads\/2024\/02\/428656198_887147120078039_8392185847220013494_n-1-300x150.jpg 300w, https:\/\/elmetropolitano.com.gt\/es\/wp-content\/uploads\/2024\/02\/428656198_887147120078039_8392185847220013494_n-1-768x384.jpg 768w, https:\/\/elmetropolitano.com.gt\/es\/wp-content\/uploads\/2024\/02\/428656198_887147120078039_8392185847220013494_n-1.jpg 1140w\" sizes=\"auto, (max-width: 1024px) 100vw, 1024px\" \/><\/figure>\n<\/figure>\n","protected":false},"excerpt":{"rendered":"<p>Durante la visita oficial de la presidenta en funciones Karin Herrera y la viceministra de Hospitales, Linda Valencia, al Hospital de Mazatenango, Suchitep\u00e9quez, se destac\u00f3 el inter\u00e9s por conocer de cerca la situaci\u00f3n de los pacientes afectados por la enfermedad neurol\u00f3gica Guillain Barr\u00e9. Encuentro con pacientes En el \u00e1rea destinada a los pacientes de Guillain <a class=\"read-more\" href=\"https:\/\/elmetropolitano.com.gt\/es\/karin-herrera-visita-a-pacientes-hospitalizadas-con-guillain-barre\/\">Leer m\u00e1s<\/a><\/p>\n","protected":false},"author":1,"featured_media":78592,"comment_status":"open","ping_status":"closed","sticky":false,"template":"","format":"standard","meta":{"footnotes":""},"categories":[2],"tags":[12],"class_list":["post-78591","post","type-post","status-publish","format-standard","has-post-thumbnail","hentry","category-nacionales","tag-nacionales"],"_links":{"self":[{"href":"https:\/\/elmetropolitano.com.gt\/es\/wp-json\/wp\/v2\/posts\/78591","targetHints":{"allow":["GET"]}}],"collection":[{"href":"https:\/\/elmetropolitano.com.gt\/es\/wp-json\/wp\/v2\/posts"}],"about":[{"href":"https:\/\/elmetropolitano.com.gt\/es\/wp-json\/wp\/v2\/types\/post"}],"author":[{"embeddable":true,"href":"https:\/\/elmetropolitano.com.gt\/es\/wp-json\/wp\/v2\/users\/1"}],"replies":[{"embeddable":true,"href":"https:\/\/elmetropolitano.com.gt\/es\/wp-json\/wp\/v2\/comments?post=78591"}],"version-history":[{"count":1,"href":"https:\/\/elmetropolitano.com.gt\/es\/wp-json\/wp\/v2\/posts\/78591\/revisions"}],"predecessor-version":[{"id":78595,"href":"https:\/\/elmetropolitano.com.gt\/es\/wp-json\/wp\/v2\/posts\/78591\/revisions\/78595"}],"wp:featuredmedia":[{"embeddable":true,"href":"https:\/\/elmetropolitano.com.gt\/es\/wp-json\/wp\/v2\/media\/78592"}],"wp:attachment":[{"href":"https:\/\/elmetropolitano.com.gt\/es\/wp-json\/wp\/v2\/media?parent=78591"}],"wp:term":[{"taxonomy":"category","embeddable":true,"href":"https:\/\/elmetropolitano.com.gt\/es\/wp-json\/wp\/v2\/categories?post=78591"},{"taxonomy":"post_tag","embeddable":true,"href":"https:\/\/elmetropolitano.com.gt\/es\/wp-json\/wp\/v2\/tags?post=78591"}],"curies":[{"name":"wp","href":"https:\/\/api.w.org\/{rel}","templated":true}]}}