{"id":78624,"date":"2024-02-23T19:49:44","date_gmt":"2024-02-24T01:49:44","guid":{"rendered":"https:\/\/elmetropolitano.com.gt\/es\/?p=78624"},"modified":"2024-02-23T19:49:44","modified_gmt":"2024-02-24T01:49:44","slug":"arevalo-pide-a-empresas-espanolas-inversiones-que-contribuyan-al-desarrollo-de-los-pobres","status":"publish","type":"post","link":"https:\/\/elmetropolitano.com.gt\/es\/arevalo-pide-a-empresas-espanolas-inversiones-que-contribuyan-al-desarrollo-de-los-pobres\/","title":{"rendered":"Ar\u00e9valo pide a empresas espa\u00f1olas inversiones que contribuyan al desarrollo de los pobres"},"content":{"rendered":"\n<p>El presidente de Guatemala, Bernardo Ar\u00e9valo, present\u00f3 este viernes en Madrid las oportunidades de negocio e inversi\u00f3n del pa\u00eds ante empresarios espa\u00f1oles y pidi\u00f3 que estas se realicen en sectores en los que se contribuya al desarrollo de las poblaciones m\u00e1s empobrecidas.<\/p>\n\n\n\n<p>En un encuentro celebrado en la Confederaci\u00f3n Espa\u00f1ola de Organizaciones Empresariales (CEOE), el presidente subray\u00f3 <a><\/a>que el pa\u00eds ofrece seguridad jur\u00eddica y estado de Derecho para la llegada de proyectos empresariales extranjeros, pero incidi\u00f3 en su deseo de que estos proyectos sean en infraestructuras en las zonas m\u00e1s vulnerables, donde su Gobierno pretende llevar a cabo m\u00e1s trabajos.<\/p><div class=\"elmet-contenido\" id=\"elmet-3817216239\"><div class=\"elmet-adlabel\">Anuncios<\/div><div style=\"margin-top: 20px;margin-right: 20px;margin-bottom: 20px;margin-left: 20px;\" id=\"elmet-282803012\"><a href=\"https:\/\/www.facebook.com\/arrincuanantigua\/\" aria-label=\"cintillo-arrin-cual\"><img loading=\"lazy\" decoding=\"async\" src=\"https:\/\/elmetropolitano.com.gt\/es\/wp-content\/uploads\/2021\/11\/cintillo-arrin-cual-1.jpg\" alt=\"\"  srcset=\"https:\/\/elmetropolitano.com.gt\/es\/wp-content\/uploads\/2021\/11\/cintillo-arrin-cual-1.jpg 750w, https:\/\/elmetropolitano.com.gt\/es\/wp-content\/uploads\/2021\/11\/cintillo-arrin-cual-1-300x36.jpg 300w, https:\/\/elmetropolitano.com.gt\/es\/wp-content\/uploads\/2021\/11\/cintillo-arrin-cual-1-600x72.jpg 600w\" sizes=\"(max-width: 750px) 100vw, 750px\" width=\"750\" height=\"90\"   \/><\/a><\/div><\/div>\n\n\n\n<p>\u201cNecesitamos dar m\u00e1s acceso a la educaci\u00f3n, a salud, construir infraestructuras, generar programas que permitan que los contingentes de poblaci\u00f3n que hoy se encuentran en provincias olvidadas pasen de subsistir con lo que plantan, a ser productores que se enganchen en las cadenas de valor y saquen adelante a sus familias y sus comunidades con el fruto de su propio trabajo\u201d expres\u00f3 Bernardo Ar\u00e9valo a los empresarios espa\u00f1oles<\/p>\n\n\n\n<p>Cambio de clave<\/p>\n\n\n\n<p>Al arrancar su intervenci\u00f3n en este encuentro en el que tambi\u00e9n particip\u00f3 la ministra de econom\u00eda guatemalteca, Gabriela Garc\u00eda, y el presidente de la CEOE, Jos\u00e9 Antonio Garamendi, Ar\u00e9valo quiso cambiar la clave con la que se hab\u00eda hablado antes sobre crecimiento, importaciones, inversiones o comercio, pero no se hab\u00eda mencionado la palabra desarrollo.<\/p>\n\n\n\n<p>De esa cuenta, Ar\u00e9valo indic\u00f3 que \u201cyo quisiera que encaj\u00e1ramos todo lo que se ha dicho hoy dentro de una perspectiva de desarrollo, porque es la perspectiva que para nosotros, como Gobierno, nos impulsa a venir con ustedes hoy a invitarlos a continuar participando e intensificando su participaci\u00f3n en la econom\u00eda de nuestro pa\u00eds\u201d<\/p>\n\n\n\n<p>Datos terribles<\/p>\n\n\n\n<p>El mandatario reconoci\u00f3 que el pa\u00eds tiene indicadores terribles de desarrollo econ\u00f3mico y social y aunque a su vez cuenten con una econom\u00eda envidiable, esta no se ha traducido en indicadores de bienestar colectivo.<\/p>\n\n\n\n<p>Por eso, Ar\u00e9valo agreg\u00f3 que tenemos \u201c un gran contingente de la poblaci\u00f3n, el 60%, que viven debajo del nivel de pobreza, con enorme problemas de desnutrici\u00f3n, de falta de acceso a salud y educaci\u00f3n, es una realidad en donde lo que se presenta es una enorme deuda hist\u00f3rica que tiene el Estado de Guatemala con la gran mayor\u00eda de su poblaci\u00f3n en t\u00e9rminos de producci\u00f3n, de condiciones b\u00e1sicas de vida, una vida digna, de acceso a servicios fundamentales\u201d<\/p>\n\n\n\n<p>En ese sentido, se\u00f1al\u00f3 que la determinaci\u00f3n de su Gobierno es empezar a generar un proceso en el que empezamos a atender de manera sistem\u00e1tica y efectiva estos grandes d\u00e9ficits de desarrollo y donde vamos poni\u00e9ndonos al d\u00eda la deuda que tenemos con la mayor\u00eda de la poblaci\u00f3n\u201d<\/p>\n\n\n\n<p>Y sobre lo que se necesita para mejorar las condiciones de la poblaci\u00f3n, el mandatario dijo:<\/p>\n\n\n\n<p>Es ah\u00ed donde entra lo que estamos hablando hoy, porque sabemos que la \u00fanica forma como podemos hacerlo es aumentar la productividad y el trabajo. Porque es a trav\u00e9s del empleo y los impuestos que genera una actividad econ\u00f3mica desarrollada que vamos a poder lograr nuestro compromiso con la honestidad y competencia que han sido grandes faltantes de la historia pol\u00edtica de nuestros pa\u00eds.<\/p>\n\n\n\n<p>Infraestructura<\/p>\n\n\n\n<p>Tambi\u00e9n comparti\u00f3 que entre las \u00e1reas en las que su Ejecutivo desea una mayor inversi\u00f3n nacional y extranjera y que para ello crear\u00e1 licitaciones, est\u00e1n la construcci\u00f3n de carreteras, escuelas y puestos de salud: Ese es el compromiso de nuestro Gobierno y para eso necesitamos socios, para el desarrollo, junto al sector privado y todos los sectores para sacar adelante al pa\u00eds.<\/p>\n\n\n\n<p>Por ello, \u201cinvit\u00f3 a las empresas espa\u00f1olas a convertirse tambi\u00e9n en socios para el desarrollo y creer en Guatemala y en un Gobierno que tiene la determinaci\u00f3n de lograr que las instituciones comiencen a funcionar como deber\u00edan desde hace mucho tiempo\u201d<\/p>\n\n\n\n<p>Por \u00faltimo, el presidente Ar\u00e9valo puntualiz\u00f3 que vamos \u201ca invertir en infraestructuras para el desarrollo de las zonas m\u00e1s pobres del pa\u00eds, en carreteras, v\u00edas secundarias y rurales, sistemas de riego, tratamiento de municipalidades peque\u00f1as, microcr\u00e9ditos para agricultores, energ\u00eda, puertos, aeropuerto\u2026 es donde habr\u00e1 enormes oportunidades para venir, invertir y crecer junto a los guatemaltecos\u201d<\/p>\n\n\n\n<p><a href=\"https:\/\/www.facebook.com\/hashtag\/metroredes?__eep__=6&amp;__cft__[0]=AZU4nv5CCehyk3qpCfjGEkVu5V3oxvQAYsvW8SYSN3bYT2DiSAawVU5hXVNKbMLrcSuhI7jtYNF8aCTLygNyYZ303pY2hfNJ0Y4-9O3u1l4wCrnP_1cyIgvr3gQMWaCFDyvktoqM2PhiHKd0thYAml9zghTcvsHgGPaAQN9lLe0VgcA00dZ2zuxfsTwigvLSn7E&amp;__tn__=*NK-R\">#metroredes<\/a><a href=\"https:\/\/www.facebook.com\/hashtag\/girapresidencialeuropa?__eep__=6&amp;__cft__[0]=AZU4nv5CCehyk3qpCfjGEkVu5V3oxvQAYsvW8SYSN3bYT2DiSAawVU5hXVNKbMLrcSuhI7jtYNF8aCTLygNyYZ303pY2hfNJ0Y4-9O3u1l4wCrnP_1cyIgvr3gQMWaCFDyvktoqM2PhiHKd0thYAml9zghTcvsHgGPaAQN9lLe0VgcA00dZ2zuxfsTwigvLSn7E&amp;__tn__=*NK-R\">#girapresidencialeuropa<\/a><\/p>\n\n\n\n<p><a href=\"https:\/\/l.facebook.com\/l.php?u=http%3A%2F%2FWww.elmetropolitano.com.gt%2F%3Ffbclid%3DIwAR3rpY4JhIWmOXXkAHOI40Dq65zPlROT3tTypWtVcTbcTJyknD91aRDq18E&amp;h=AT24geyKMIITtzdupuvT-gDpNABM5DdT8GFp3HBF5vH_4tJpr5I4z5pDGZFR3rakZQRPqgrzhvzbVUuBVdV9AtB9Fp-I4xyst8j9MbDUTbl6-JxUbZpKihOdPzpjMlgg9ABu&amp;__tn__=-UK-R&amp;c[0]=AT3eh1gKLfxl_SMbhwpBIJ6kIjlfP2Hpku60HcwPCc63YvdD-nvU3PEn8cZbY4-2ST1b1VfvV5fX6-q68i7Bru7XHAZffn53-VUZaXp4F429uYje5sFqyfWfNTxiD1vWrJ4Y770A-ud467vNwMGj6IHpJ4rYoaxjiVx1KOWtqmMpPlhzvB4gfIGpdy99mUhX-PMgSDh_WWj-\" rel=\"noreferrer noopener\" target=\"_blank\">Www.elmetropolitano.com.gt<\/a><\/p>\n\n\n\n<p><a href=\"https:\/\/l.facebook.com\/l.php?u=http%3A%2F%2FWww.metroredes.com%2F%3Ffbclid%3DIwAR38HCcJpRoMVyS8ps4z1MPrSm55zm7abvvfqiG5kYxI_H6HjvtUxNbDqxw&amp;h=AT3TCas3UUSQVZEIidsa2bu4_-AerhuKL_EBu1SRNfOG3mPpp4KzCzABwScMxytC-iPEjvhX56AAaN9kXiDI112W-XKDkjhiX-yv_G03CioavF8dE1dy4RAeBrneBwVIDxDT&amp;__tn__=-UK-R&amp;c[0]=AT3eh1gKLfxl_SMbhwpBIJ6kIjlfP2Hpku60HcwPCc63YvdD-nvU3PEn8cZbY4-2ST1b1VfvV5fX6-q68i7Bru7XHAZffn53-VUZaXp4F429uYje5sFqyfWfNTxiD1vWrJ4Y770A-ud467vNwMGj6IHpJ4rYoaxjiVx1KOWtqmMpPlhzvB4gfIGpdy99mUhX-PMgSDh_WWj-\" rel=\"noreferrer noopener\" target=\"_blank\">Www.metroredes.com<\/a><\/p>\n\n\n\n<p><a href=\"https:\/\/l.facebook.com\/l.php?u=http%3A%2F%2FWww.elescuintleco.com%2F%3Ffbclid%3DIwAR0vdMHTlbi4_xWRcMuW_QFf-sN6uW1LM2HokmrbrrCV122vB76R1QD9ow4&amp;h=AT2dqwJqPvwsJs7kXKKEih2JQHF_sMWBu33iAqRoM81EZhd5jKS2OynVOV1I0QMo4ma1XuSoH8PCvsq3H7DUE_onUxj_BvPlaJQDct9MK0yOJquhL7mGjZTtQtxd10f_3LFz&amp;__tn__=-UK-R&amp;c[0]=AT3eh1gKLfxl_SMbhwpBIJ6kIjlfP2Hpku60HcwPCc63YvdD-nvU3PEn8cZbY4-2ST1b1VfvV5fX6-q68i7Bru7XHAZffn53-VUZaXp4F429uYje5sFqyfWfNTxiD1vWrJ4Y770A-ud467vNwMGj6IHpJ4rYoaxjiVx1KOWtqmMpPlhzvB4gfIGpdy99mUhX-PMgSDh_WWj-\" target=\"_blank\" rel=\"noreferrer noopener\">Www.elescuintleco.com<\/a><\/p>\n\n\n\n<p><\/p>\n","protected":false},"excerpt":{"rendered":"<p>El presidente de Guatemala, Bernardo Ar\u00e9valo, present\u00f3 este viernes en Madrid las oportunidades de negocio e inversi\u00f3n del pa\u00eds ante empresarios espa\u00f1oles y pidi\u00f3 que estas se realicen en sectores en los que se contribuya al desarrollo de las poblaciones m\u00e1s empobrecidas. En un encuentro celebrado en la Confederaci\u00f3n Espa\u00f1ola de Organizaciones Empresariales (CEOE), el <a class=\"read-more\" href=\"https:\/\/elmetropolitano.com.gt\/es\/arevalo-pide-a-empresas-espanolas-inversiones-que-contribuyan-al-desarrollo-de-los-pobres\/\">Leer m\u00e1s<\/a><\/p>\n","protected":false},"author":1,"featured_media":78625,"comment_status":"open","ping_status":"closed","sticky":false,"template":"","format":"standard","meta":{"footnotes":""},"categories":[2],"tags":[12],"class_list":["post-78624","post","type-post","status-publish","format-standard","has-post-thumbnail","hentry","category-nacionales","tag-nacionales"],"_links":{"self":[{"href":"https:\/\/elmetropolitano.com.gt\/es\/wp-json\/wp\/v2\/posts\/78624","targetHints":{"allow":["GET"]}}],"collection":[{"href":"https:\/\/elmetropolitano.com.gt\/es\/wp-json\/wp\/v2\/posts"}],"about":[{"href":"https:\/\/elmetropolitano.com.gt\/es\/wp-json\/wp\/v2\/types\/post"}],"author":[{"embeddable":true,"href":"https:\/\/elmetropolitano.com.gt\/es\/wp-json\/wp\/v2\/users\/1"}],"replies":[{"embeddable":true,"href":"https:\/\/elmetropolitano.com.gt\/es\/wp-json\/wp\/v2\/comments?post=78624"}],"version-history":[{"count":1,"href":"https:\/\/elmetropolitano.com.gt\/es\/wp-json\/wp\/v2\/posts\/78624\/revisions"}],"predecessor-version":[{"id":78626,"href":"https:\/\/elmetropolitano.com.gt\/es\/wp-json\/wp\/v2\/posts\/78624\/revisions\/78626"}],"wp:featuredmedia":[{"embeddable":true,"href":"https:\/\/elmetropolitano.com.gt\/es\/wp-json\/wp\/v2\/media\/78625"}],"wp:attachment":[{"href":"https:\/\/elmetropolitano.com.gt\/es\/wp-json\/wp\/v2\/media?parent=78624"}],"wp:term":[{"taxonomy":"category","embeddable":true,"href":"https:\/\/elmetropolitano.com.gt\/es\/wp-json\/wp\/v2\/categories?post=78624"},{"taxonomy":"post_tag","embeddable":true,"href":"https:\/\/elmetropolitano.com.gt\/es\/wp-json\/wp\/v2\/tags?post=78624"}],"curies":[{"name":"wp","href":"https:\/\/api.w.org\/{rel}","templated":true}]}}