{"id":78645,"date":"2024-02-23T20:01:33","date_gmt":"2024-02-24T02:01:33","guid":{"rendered":"https:\/\/elmetropolitano.com.gt\/es\/?p=78645"},"modified":"2024-02-23T20:01:35","modified_gmt":"2024-02-24T02:01:35","slug":"presidente-bernardo-arevalo-destaca-su-compromiso-en-la-lucha-anticorrupcion","status":"publish","type":"post","link":"https:\/\/elmetropolitano.com.gt\/es\/presidente-bernardo-arevalo-destaca-su-compromiso-en-la-lucha-anticorrupcion\/","title":{"rendered":"Presidente Bernardo Ar\u00e9valo destaca su compromiso en la lucha anticorrupci\u00f3n"},"content":{"rendered":"\n<p>El presidente, Bernardo Ar\u00e9valo, abord\u00f3 temas importantes durante su entrevista con Tribuna EFE, destacando el firme compromiso de su gobierno en la lucha contra la corrupci\u00f3n. Este enfoque se ha traducido en la remoci\u00f3n de funcionarios vinculados a pr\u00e1cticas corruptas y la identificaci\u00f3n de plazas fantasmas.<\/p>\n\n\n\n<p><a><\/a>Ar\u00e9valo subray\u00f3 la determinaci\u00f3n de su administraci\u00f3n al destapar pr\u00e1cticas corruptas arraigadas en los ministerios. Revel\u00f3 la existencia de gavetas a\u00fan por abrir, donde se descubren casos de corrupci\u00f3n. El presidente enfatiz\u00f3 en la soberbia que caracterizaba las operaciones de estas redes corruptas.<\/p><div class=\"elmet-contenido\" id=\"elmet-1261785899\"><div class=\"elmet-adlabel\">Anuncios<\/div><div style=\"margin-top: 20px;margin-right: 20px;margin-bottom: 20px;margin-left: 20px;\" id=\"elmet-3961309908\"><a href=\"https:\/\/www.facebook.com\/arrincuanantigua\/\" aria-label=\"cintillo-arrin-cual\"><img loading=\"lazy\" decoding=\"async\" src=\"https:\/\/elmetropolitano.com.gt\/es\/wp-content\/uploads\/2021\/11\/cintillo-arrin-cual-1.jpg\" alt=\"\"  srcset=\"https:\/\/elmetropolitano.com.gt\/es\/wp-content\/uploads\/2021\/11\/cintillo-arrin-cual-1.jpg 750w, https:\/\/elmetropolitano.com.gt\/es\/wp-content\/uploads\/2021\/11\/cintillo-arrin-cual-1-300x36.jpg 300w, https:\/\/elmetropolitano.com.gt\/es\/wp-content\/uploads\/2021\/11\/cintillo-arrin-cual-1-600x72.jpg 600w\" sizes=\"(max-width: 750px) 100vw, 750px\" width=\"750\" height=\"90\"   \/><\/a><\/div><\/div>\n\n\n\n<p>Adem\u00e1s, en busca de una transformaci\u00f3n profunda, el mandatario expres\u00f3 que se encuentran afinando los mecanismos necesarios para instaurar modificaciones en las instituciones, marcos legales y, de manera crucial, en la cultura. La visi\u00f3n es ejecutar un trabajo sistem\u00e1tico que erradique la corrupci\u00f3n en todos los espacios del Estado.<\/p>\n\n\n\n<p>Gradualidad y compromiso<\/p>\n\n\n\n<p>Adem\u00e1s, el presidente hizo hincapi\u00e9 en la necesidad de ser gradual y progresivo en la implementaci\u00f3n de los cambios, con un compromiso particular hacia el Organismo Ejecutivo. Busca una gesti\u00f3n transparente, alejada de beneficios personales y centrada en el bienestar de la sociedad.<\/p>\n\n\n\n<p>Vayamos teniendo la remoci\u00f3n de un gobierno que se ejerce de manera transparente, que se ejerce no en beneficio personal de quienes llegan a ejercer el poder.<\/p>\n\n\n\n<p>Ar\u00e9valo no escatim\u00f3 al abordar la remoci\u00f3n de Francis Argueta, exdirector general de Aeron\u00e1utica Civil. La causa principal fue se\u00f1alada como incompetencia y corrupci\u00f3n. Se evidenci\u00f3 un abandono en la administraci\u00f3n de la seguridad a\u00e9rea y del aeropuerto, con ingresos y salidas sin las debidas medidas de seguridad.<\/p>\n\n\n\n<p>Asimismo, el presidente contextualiz\u00f3 la situaci\u00f3n en Guatemala, describiendo c\u00f3mo la corrupci\u00f3n puede penetrar de manera sist\u00e9mica en todas las instituciones del Estado. Subray\u00f3 que este fen\u00f3meno se debe a la posibilidad de obtener ganancias il\u00edcitas.<\/p>\n\n\n\n<p>Descubrimiento de plazas fantasmas<\/p>\n\n\n\n<p>Asimismo, otro punto destacado durante la entrevista fue el descubrimiento de plazas fantasmas distribuidas entre amigos, sin que los designados cumplan sus funciones. Este acto de nepotismo es se\u00f1alado como parte de las pr\u00e1cticas corruptas que la administraci\u00f3n est\u00e1 decidida a erradicar.<\/p>\n\n\n\n<p>Finalmente, Ar\u00e9valo destac\u00f3 que la corrupci\u00f3n no ser\u00e1 tolerada en su gobierno. Su compromiso es construir un entorno donde la transparencia y la \u00e9tica gu\u00eden cada acci\u00f3n, con el objetivo de liberar al Estado de las garras de la corrupci\u00f3n.<\/p>\n\n\n\n<p><a href=\"https:\/\/www.facebook.com\/hashtag\/girapresidencialeuropa?__eep__=6&amp;__cft__[0]=AZU__onM3_XOlfHQ9k5b4clHFmKR1G39EwZTsdsCB97_AaFfGtRgA9dO2CHJMaFwPNIugK6vChq5EfUVCsQpFomQlYfpyVrLjaKfZQyPjUr0-Ew-Xa8XQdMhBz61qbjidYjhI5mPrKCK73nbBXbEjTAYjnrFAk7XrsUpkrWdhmXnsDFaqT0-cnaXesaVlBMqIN4&amp;__tn__=*NK-R\">#GiraPresidencialEuropa<\/a><a href=\"https:\/\/www.facebook.com\/hashtag\/agn?__eep__=6&amp;__cft__[0]=AZU__onM3_XOlfHQ9k5b4clHFmKR1G39EwZTsdsCB97_AaFfGtRgA9dO2CHJMaFwPNIugK6vChq5EfUVCsQpFomQlYfpyVrLjaKfZQyPjUr0-Ew-Xa8XQdMhBz61qbjidYjhI5mPrKCK73nbBXbEjTAYjnrFAk7XrsUpkrWdhmXnsDFaqT0-cnaXesaVlBMqIN4&amp;__tn__=*NK-R\">#Agn<\/a><a href=\"https:\/\/www.facebook.com\/hashtag\/metroredes?__eep__=6&amp;__cft__[0]=AZU__onM3_XOlfHQ9k5b4clHFmKR1G39EwZTsdsCB97_AaFfGtRgA9dO2CHJMaFwPNIugK6vChq5EfUVCsQpFomQlYfpyVrLjaKfZQyPjUr0-Ew-Xa8XQdMhBz61qbjidYjhI5mPrKCK73nbBXbEjTAYjnrFAk7XrsUpkrWdhmXnsDFaqT0-cnaXesaVlBMqIN4&amp;__tn__=*NK-R\">#metroredes<\/a><a href=\"https:\/\/www.facebook.com\/hashtag\/corrupciopn?__eep__=6&amp;__cft__[0]=AZU__onM3_XOlfHQ9k5b4clHFmKR1G39EwZTsdsCB97_AaFfGtRgA9dO2CHJMaFwPNIugK6vChq5EfUVCsQpFomQlYfpyVrLjaKfZQyPjUr0-Ew-Xa8XQdMhBz61qbjidYjhI5mPrKCK73nbBXbEjTAYjnrFAk7XrsUpkrWdhmXnsDFaqT0-cnaXesaVlBMqIN4&amp;__tn__=*NK-R\">#Corrupciopn<\/a><\/p>\n\n\n\n<p><\/p>\n","protected":false},"excerpt":{"rendered":"<p>El presidente, Bernardo Ar\u00e9valo, abord\u00f3 temas importantes durante su entrevista con Tribuna EFE, destacando el firme compromiso de su gobierno en la lucha contra la corrupci\u00f3n. Este enfoque se ha traducido en la remoci\u00f3n de funcionarios vinculados a pr\u00e1cticas corruptas y la identificaci\u00f3n de plazas fantasmas. Ar\u00e9valo subray\u00f3 la determinaci\u00f3n de su administraci\u00f3n al destapar <a class=\"read-more\" href=\"https:\/\/elmetropolitano.com.gt\/es\/presidente-bernardo-arevalo-destaca-su-compromiso-en-la-lucha-anticorrupcion\/\">Leer m\u00e1s<\/a><\/p>\n","protected":false},"author":1,"featured_media":78646,"comment_status":"open","ping_status":"closed","sticky":false,"template":"","format":"standard","meta":{"footnotes":""},"categories":[2],"tags":[12],"class_list":["post-78645","post","type-post","status-publish","format-standard","has-post-thumbnail","hentry","category-nacionales","tag-nacionales"],"_links":{"self":[{"href":"https:\/\/elmetropolitano.com.gt\/es\/wp-json\/wp\/v2\/posts\/78645","targetHints":{"allow":["GET"]}}],"collection":[{"href":"https:\/\/elmetropolitano.com.gt\/es\/wp-json\/wp\/v2\/posts"}],"about":[{"href":"https:\/\/elmetropolitano.com.gt\/es\/wp-json\/wp\/v2\/types\/post"}],"author":[{"embeddable":true,"href":"https:\/\/elmetropolitano.com.gt\/es\/wp-json\/wp\/v2\/users\/1"}],"replies":[{"embeddable":true,"href":"https:\/\/elmetropolitano.com.gt\/es\/wp-json\/wp\/v2\/comments?post=78645"}],"version-history":[{"count":1,"href":"https:\/\/elmetropolitano.com.gt\/es\/wp-json\/wp\/v2\/posts\/78645\/revisions"}],"predecessor-version":[{"id":78647,"href":"https:\/\/elmetropolitano.com.gt\/es\/wp-json\/wp\/v2\/posts\/78645\/revisions\/78647"}],"wp:featuredmedia":[{"embeddable":true,"href":"https:\/\/elmetropolitano.com.gt\/es\/wp-json\/wp\/v2\/media\/78646"}],"wp:attachment":[{"href":"https:\/\/elmetropolitano.com.gt\/es\/wp-json\/wp\/v2\/media?parent=78645"}],"wp:term":[{"taxonomy":"category","embeddable":true,"href":"https:\/\/elmetropolitano.com.gt\/es\/wp-json\/wp\/v2\/categories?post=78645"},{"taxonomy":"post_tag","embeddable":true,"href":"https:\/\/elmetropolitano.com.gt\/es\/wp-json\/wp\/v2\/tags?post=78645"}],"curies":[{"name":"wp","href":"https:\/\/api.w.org\/{rel}","templated":true}]}}