{"id":78648,"date":"2024-02-23T20:03:13","date_gmt":"2024-02-24T02:03:13","guid":{"rendered":"https:\/\/elmetropolitano.com.gt\/es\/?p=78648"},"modified":"2024-02-23T20:03:14","modified_gmt":"2024-02-24T02:03:14","slug":"sindrome-de-guillain-barre-un-trastorno-neurologico-que-afecta-mas-a-los-hombres","status":"publish","type":"post","link":"https:\/\/elmetropolitano.com.gt\/es\/sindrome-de-guillain-barre-un-trastorno-neurologico-que-afecta-mas-a-los-hombres\/","title":{"rendered":"S\u00edndrome de Guillain-Barr\u00e9: Un trastorno neurol\u00f3gico que afecta mas a los hombres"},"content":{"rendered":"\n<p>Tratar cualquier enfermedad viral o bacteriana de manera adecuada puede evitar complicaciones en la salud humana, y esto a su vez evita el trastorno neurol\u00f3gico de Guillain-Barr\u00e9, un s\u00edndrome que se increment\u00f3 en Guatemala en diciembre de 2023 principalmente en hombres. Prevenirlo y tomar medidas adecuadas de higiene y salubridad es una de las alternativas para evitar contraerlo, as\u00ed lo detalla <a><\/a>la doctora Nancy Sandoval, m\u00e9dica internista e infect\u00f3loga del Departamento de Medicina Interna del Hospital Roosevelt.<\/p>\n\n\n\n<p>La doctora Sandoval al hablar del s\u00edndrome de Guillain-Barr\u00e9 (SGB) expresa que es una enfermedad rara que ataca parte del sistema nervioso perif\u00e9rico. Esto provoca inflamaci\u00f3n de los nervios, lo que puede causar debilidad muscular, hormigueo e incluso par\u00e1lisis temporal en algunas partes del cuerpo. En casos m\u00e1s graves, el SGB puede afectar la capacidad de respirar y requerir atenci\u00f3n m\u00e9dica urgente.<\/p><div class=\"elmet-contenido\" id=\"elmet-992005058\"><div class=\"elmet-adlabel\">Anuncios<\/div><div style=\"margin-top: 20px;margin-right: 20px;margin-bottom: 20px;margin-left: 20px;\" id=\"elmet-2394125573\"><a href=\"https:\/\/www.facebook.com\/arrincuanantigua\/\" aria-label=\"cintillo-arrin-cual\"><img loading=\"lazy\" decoding=\"async\" src=\"https:\/\/elmetropolitano.com.gt\/es\/wp-content\/uploads\/2021\/11\/cintillo-arrin-cual-1.jpg\" alt=\"\"  srcset=\"https:\/\/elmetropolitano.com.gt\/es\/wp-content\/uploads\/2021\/11\/cintillo-arrin-cual-1.jpg 750w, https:\/\/elmetropolitano.com.gt\/es\/wp-content\/uploads\/2021\/11\/cintillo-arrin-cual-1-300x36.jpg 300w, https:\/\/elmetropolitano.com.gt\/es\/wp-content\/uploads\/2021\/11\/cintillo-arrin-cual-1-600x72.jpg 600w\" sizes=\"(max-width: 750px) 100vw, 750px\" width=\"750\" height=\"90\"   \/><\/a><\/div><\/div>\n\n\n\n<p>\u00abLa higiene es clave. L\u00e1vate las manos regularmente para prevenir infecciones que puedan causar el s\u00edndrome de Guillain-Barr\u00e9.\u00bb<\/p>\n\n\n\n<p>En medio de una emergencia sanitaria, las dudas y especulaciones comienzan a surgir en la poblaci\u00f3n guatemalteca, al punto que se lleg\u00f3 a correr el rumor que este s\u00edndrome proviene del consumo de algunas carnes y l\u00edquidos.<\/p>\n\n\n\n<p>Pero realmente, \u00bfqu\u00e9 provoca el s\u00edndrome de Guillain Barr\u00e9?, \u00bfes el agua o el pollo sus factores detonantes? Estas y otras dudas las resuelve la infect\u00f3loga Nancy Sandoval, quien nos detalla sobre la enfermedad y c\u00f3mo prevenirla.<\/p>\n\n\n\n<p>\u00bfA qu\u00e9 se le atribuye el s\u00edndrome de Guillain Barr\u00e9?<\/p>\n\n\n\n<p>Hasta el momento se desconocen las causas que lo provocan. Pero s\u00ed existen datos que demuestran que se puede predisponer, por ejemplo, microorganismos t\u00f3xicos como infecciones respiratorias superiores y gastroenteritis, que en el caso de Suchitep\u00e9quez se relaciona m\u00e1s a un evento de saneamiento ambiental, puesto que algunos pacientes dan positivos a microorganismos como el Campylobactersp, que tiene su origen en la manipulaci\u00f3n inadecuada de alimentos a la hora de su preparaci\u00f3n.<\/p>\n\n\n\n<p>\u00bfEste trastorno es contagioso?<\/p>\n\n\n\n<p>Guillain Barr\u00e9 no es una infecci\u00f3n, no es una enfermedad que se contagie, es una enfermedad neurol\u00f3gica, pero si se ha comprobado que 6 de cada 10 personas que la presentan, en el pasado han tenido antecedentes de infecciones gastrointestinales o respiratorias, as\u00ed tambi\u00e9n han presentado cuadros que han dado positivos en Zika, Dengue y Chikungu\u00f1a y Covid 19, \u201cpero hasta el momento estos son motivos de estudio, no hay confirmaci\u00f3n\u201d.<\/p>\n\n\n\n<p>\u201cQuiero aclarar algo y es para que las personas no se alerten, no por presentar estos cuadros cl\u00ednicosen menci\u00f3n, son candidatos directos para padecer Guillain Barr\u00e9\u201d.<\/p>\n\n\n\n<p>\u00bfSon los alimentos los detonantes del Guillain Barr\u00e9?<\/p>\n\n\n\n<p>No. Aqu\u00ed el problema es la contaminaci\u00f3n cruzada en la que se prepara los alimentos. \u201cPor ello se recomienda que, si manipula carnes y verduras, no utilizar el mismo cuchillo y tabla para cortar ambos productos\u201d. De preferencia, utilice agua clorada, potable o hervirla. Antes de consumir los vegetales se deben lavar con abundante agua, secarlos y guardarlos en un lugar limpio y seguro.<\/p>\n\n\n\n<p>\u00bfQu\u00e9 debo hacer si presento este tipo de neuropat\u00eda perif\u00e9rica?<\/p>\n\n\n\n<p>Lo primero es acudir al centro de salud para ser evaluado y obtener un diagn\u00f3stico cl\u00ednico, el cual se complementa con estudios que confirmen el trastorno. \u201cHasta el momento no hay un tratamiento para elGuillian Barr\u00e9, pero s\u00ed existen procedimientos que ayudan a cortar en la medida de lo posible el cuadro que el paciente presenta\u201d.<\/p>\n\n\n\n<p>\u00bfEn cu\u00e1nto tiempo se cura el Guillain Barr\u00e9?<\/p>\n\n\n\n<p>La mayor\u00eda se logra recuperar de manera pronta, toda vez cuente con un tratamiento que ayude a contrarrestar estos anticuerpos. No obstante, quienes sufren un da\u00f1o en la ra\u00edz nerviosa de manera profunda, estos podr\u00edan tener una recuperaci\u00f3n m\u00e1s prolongada de hasta un a\u00f1o, ya que esto conlleva tratamientos de fisioterapia, apoyo psicol\u00f3gico y sin duda el acompa\u00f1amiento de la familia.<\/p>\n\n\n\n<p>Hasta el momento, el Ministerio de Salud P\u00fablica y Asistencia Social reporta 72 casos de la enfermedad neurol\u00f3gica con par\u00e1lisis fl\u00e1cida en Guatemala, las cuales las atribuye al s\u00edndrome de Guillain-Barr\u00e9, el cual inici\u00f3 en la Costa Sur. Los departamentos afectados son Suchitep\u00e9quez<\/p>\n\n\n\n<p><a href=\"https:\/\/www.facebook.com\/hashtag\/entrevista?__eep__=6&amp;__cft__[0]=AZWFDWqIoZTj6wdU-OBOetvAyMJiJ8B5SguyqK2jDQSxGZQYkE89HWqq3pd5cFZ7jQQ1lOrIStPQzTEO5HOs_VCHfZZMR-oj_zIRBC8USODKGlkooLOptBPYmxvwheGRNOHr1oHZKer6dW8SC9Gvue4uexKZ5mZNl4Fmyhw94TM3bfldq_Mh2XcKiobh-DmP50c&amp;__tn__=*NK-R\">#Entrevista<\/a><a href=\"https:\/\/www.facebook.com\/hashtag\/s%C3%ADndromedeguillainbarr%C3%A9?__eep__=6&amp;__cft__[0]=AZWFDWqIoZTj6wdU-OBOetvAyMJiJ8B5SguyqK2jDQSxGZQYkE89HWqq3pd5cFZ7jQQ1lOrIStPQzTEO5HOs_VCHfZZMR-oj_zIRBC8USODKGlkooLOptBPYmxvwheGRNOHr1oHZKer6dW8SC9Gvue4uexKZ5mZNl4Fmyhw94TM3bfldq_Mh2XcKiobh-DmP50c&amp;__tn__=*NK-R\">#S\u00edndromedeGuillainBarr\u00e9<\/a>: <a href=\"https:\/\/www.facebook.com\/hashtag\/salud?__eep__=6&amp;__cft__[0]=AZWFDWqIoZTj6wdU-OBOetvAyMJiJ8B5SguyqK2jDQSxGZQYkE89HWqq3pd5cFZ7jQQ1lOrIStPQzTEO5HOs_VCHfZZMR-oj_zIRBC8USODKGlkooLOptBPYmxvwheGRNOHr1oHZKer6dW8SC9Gvue4uexKZ5mZNl4Fmyhw94TM3bfldq_Mh2XcKiobh-DmP50c&amp;__tn__=*NK-R\">#salud<\/a><\/p>\n\n\n\n<p><a href=\"https:\/\/l.facebook.com\/l.php?u=http%3A%2F%2Fwww.elmetropolitano.com%2F%3Ffbclid%3DIwAR1ieLSDDwsZCzpOFuc5nZGgaOU5yk64jL6JJ0p8aKfFZp8HP3nGjBTviIE&amp;h=AT27vdciUuIQRna4274X466CpRJjU8QTBNRgl0km5fpPtV9xdPI0nBvQHXx50Pe0LdEak6rPEwgg1_lbIkMLQla2yH4neOg3PSXlY2cG06xxa1VHjt_KmMzERXvXTv4H39z-&amp;__tn__=-UK-R&amp;c[0]=AT3J2VhgbX93IpN9gaLFrkshrW1zFASt4NHajCxeMe0b5jiaZDxbW3YzSmTB2fBbgSFlx2Ns2PbaD6IK5FfifKGBgn6vAJaBvV3lrMn6i8WPOE_ac-k4kzHcg3n70o9BHsWaR2Q-6sWmBO84b-V31QWUmd-eZtIGTaXYrpjlyIy-_YLw985OJSEMii_DmdA0RPKTXIJXRLEm\" target=\"_blank\" rel=\"noreferrer noopener\">www.elmetropolitano.com<\/a><a href=\"http:\/\/www.metroredes.com\/?fbclid=IwAR1hOZBSBI4ehhf4cyfrl_zvaqERfKXtVGQJKeRumJIl4T3-HRM-1g8lOgk\" target=\"_blank\" rel=\"noreferrer noopener\">www.metroredes.com<\/a><\/p>\n\n\n\n<p><\/p>\n","protected":false},"excerpt":{"rendered":"<p>Tratar cualquier enfermedad viral o bacteriana de manera adecuada puede evitar complicaciones en la salud humana, y esto a su vez evita el trastorno neurol\u00f3gico de Guillain-Barr\u00e9, un s\u00edndrome que se increment\u00f3 en Guatemala en diciembre de 2023 principalmente en hombres. Prevenirlo y tomar medidas adecuadas de higiene y salubridad es una de las alternativas <a class=\"read-more\" href=\"https:\/\/elmetropolitano.com.gt\/es\/sindrome-de-guillain-barre-un-trastorno-neurologico-que-afecta-mas-a-los-hombres\/\">Leer m\u00e1s<\/a><\/p>\n","protected":false},"author":1,"featured_media":78649,"comment_status":"open","ping_status":"closed","sticky":false,"template":"","format":"standard","meta":{"footnotes":""},"categories":[2],"tags":[12],"class_list":["post-78648","post","type-post","status-publish","format-standard","has-post-thumbnail","hentry","category-nacionales","tag-nacionales"],"_links":{"self":[{"href":"https:\/\/elmetropolitano.com.gt\/es\/wp-json\/wp\/v2\/posts\/78648","targetHints":{"allow":["GET"]}}],"collection":[{"href":"https:\/\/elmetropolitano.com.gt\/es\/wp-json\/wp\/v2\/posts"}],"about":[{"href":"https:\/\/elmetropolitano.com.gt\/es\/wp-json\/wp\/v2\/types\/post"}],"author":[{"embeddable":true,"href":"https:\/\/elmetropolitano.com.gt\/es\/wp-json\/wp\/v2\/users\/1"}],"replies":[{"embeddable":true,"href":"https:\/\/elmetropolitano.com.gt\/es\/wp-json\/wp\/v2\/comments?post=78648"}],"version-history":[{"count":1,"href":"https:\/\/elmetropolitano.com.gt\/es\/wp-json\/wp\/v2\/posts\/78648\/revisions"}],"predecessor-version":[{"id":78650,"href":"https:\/\/elmetropolitano.com.gt\/es\/wp-json\/wp\/v2\/posts\/78648\/revisions\/78650"}],"wp:featuredmedia":[{"embeddable":true,"href":"https:\/\/elmetropolitano.com.gt\/es\/wp-json\/wp\/v2\/media\/78649"}],"wp:attachment":[{"href":"https:\/\/elmetropolitano.com.gt\/es\/wp-json\/wp\/v2\/media?parent=78648"}],"wp:term":[{"taxonomy":"category","embeddable":true,"href":"https:\/\/elmetropolitano.com.gt\/es\/wp-json\/wp\/v2\/categories?post=78648"},{"taxonomy":"post_tag","embeddable":true,"href":"https:\/\/elmetropolitano.com.gt\/es\/wp-json\/wp\/v2\/tags?post=78648"}],"curies":[{"name":"wp","href":"https:\/\/api.w.org\/{rel}","templated":true}]}}