{"id":78651,"date":"2024-02-23T20:05:14","date_gmt":"2024-02-24T02:05:14","guid":{"rendered":"https:\/\/elmetropolitano.com.gt\/es\/?p=78651"},"modified":"2024-02-23T20:05:15","modified_gmt":"2024-02-24T02:05:15","slug":"presidenta-en-funciones-ordena-a-conred-gestionar-apoyo-internacional-por-incendio-en-volcan-de-agua","status":"publish","type":"post","link":"https:\/\/elmetropolitano.com.gt\/es\/presidenta-en-funciones-ordena-a-conred-gestionar-apoyo-internacional-por-incendio-en-volcan-de-agua\/","title":{"rendered":"Presidenta en funciones ordena a Conred gestionar apoyo internacional por incendio en Volc\u00e1n de Agua"},"content":{"rendered":"\n<p>La presidenta en funciones, Karin Herrera, orden\u00f3 a la Coordinadora Nacional para la Reducci\u00f3n de Desastres (Conred) gestionar el apoyo internacional para combatir el incendio en el Volc\u00e1n de Agua.<\/p>\n\n\n\n<p>\u00abOrden\u00e9 a la Conred gestionar el apoyo internacional. Solicitamos equipo de protecci\u00f3n para los brigadistas y horas de vuelo para continuar mitigando los incendios desde el aire\u00bb <a><\/a>Expreso la Presidenta en Funciones en sus redes sociales<\/p><div class=\"elmet-contenido\" id=\"elmet-1172098694\"><div class=\"elmet-adlabel\">Anuncios<\/div><div style=\"margin-top: 20px;margin-right: 20px;margin-bottom: 20px;margin-left: 20px;\" id=\"elmet-3395666007\"><a href=\"https:\/\/www.facebook.com\/arrincuanantigua\/\" aria-label=\"cintillo-arrin-cual\"><img loading=\"lazy\" decoding=\"async\" src=\"https:\/\/elmetropolitano.com.gt\/es\/wp-content\/uploads\/2021\/11\/cintillo-arrin-cual-1.jpg\" alt=\"\"  srcset=\"https:\/\/elmetropolitano.com.gt\/es\/wp-content\/uploads\/2021\/11\/cintillo-arrin-cual-1.jpg 750w, https:\/\/elmetropolitano.com.gt\/es\/wp-content\/uploads\/2021\/11\/cintillo-arrin-cual-1-300x36.jpg 300w, https:\/\/elmetropolitano.com.gt\/es\/wp-content\/uploads\/2021\/11\/cintillo-arrin-cual-1-600x72.jpg 600w\" sizes=\"(max-width: 750px) 100vw, 750px\" width=\"750\" height=\"90\"   \/><\/a><\/div><\/div>\n\n\n\n<p>Con ello se reafirma el compromiso de este gobierno para controlar la situaci\u00f3n de los diferentes incendios que afectan al pa\u00eds.<\/p>\n\n\n\n<p>Adem\u00e1s, la vicegobernante indic\u00f3 que el Ministerio de Desarrollo Social brindar\u00e1 la ayuda necesaria en los albergues de las \u00e1reas afectadas.<\/p>\n\n\n\n<p>\u00abEl compromiso de nuestro gobierno contin\u00faa para controlar la situaci\u00f3n de los diferentes incendios que afectan al pa\u00eds\u00bb enfatizo Karin Herrera<\/p>\n\n\n\n<p>Sobre la reuni\u00f3n<\/p>\n\n\n\n<p>En medio de la emergencia causada por los incendios forestales que afectan al pa\u00eds, la presidenta en funciones sostuvo una reuni\u00f3n interinstitucional e internacional para coordinar y gestionar la labor y el avance en el manejo de la situaci\u00f3n.<\/p>\n\n\n\n<p>En el encuentro, las autoridades informaron que se iniciaron actividades a partir de las 4:00 horas, y se coordinaron acciones por tierra y aire.<\/p>\n\n\n\n<p>Igualmente, la mandataria en funciones solicit\u00f3 a la Canciller\u00eda pedir apoyo a Honduras y Estados Unidos. Tambi\u00e9n gir\u00f3 instrucciones para que se combata el fuego por medio de todos los recursos que tenga el Estado, as\u00ed como para que se habilite un centro de acopio en la ciudad.<\/p>\n\n\n\n<p>Se\u00f1al\u00f3 que es de vital importancia coordinar esfuerzos entre las distintas instituciones para poder controlar los 22 incendios forestales que se registran en el pa\u00eds. Tambi\u00e9n inform\u00f3 que busca trabajar con todas las autoridades correspondientes, para poder salvar las vidas humanas de las personas que residen en las zonas afectadas, as\u00ed como para proteger la flora y fauna del lugar.<\/p>\n\n\n\n<p>Adem\u00e1s, hizo un llamado para seguir trabajando en conjunto y unidad de todos los sectores para encontrar soluciones prontas a la emergencia que se vive en el pa\u00eds. Adem\u00e1s, solicit\u00f3 a la poblaci\u00f3n mantenerse informada a trav\u00e9s de los canales oficiales. Tambi\u00e9n agradeci\u00f3 a los m\u00e1s de 400 elementos que se encuentran combatiendo los siniestros.<\/p>\n\n\n\n<p>Contin\u00faan acciones<\/p>\n\n\n\n<p>En tanto, la Conred, indic\u00f3 que contin\u00faan las acciones para sofocar el incendio en las faldas del Volc\u00e1n de Agua, bajo una coordinaci\u00f3n interinstitucional.<\/p>\n\n\n\n<p>Las acciones de supresi\u00f3n para combatir el incendio forestal en el Volc\u00e1n de Agua contin\u00faan. Como parte de estas se siguen realizando descargas de agua, con las instituciones del Sistema Conred sobre el \u00e1rea del siniestro.<\/p>\n\n\n\n<p>Asimismo, el puesto de Comando Unificado (PCU) mantiene la coordinaci\u00f3n estrat\u00e9gica para sofocar el incendio forestal en el volc\u00e1n. Por ello, las aeronaves contin\u00faan con las descargas h\u00eddricas en los focos activos.<\/p>\n\n\n\n<p>Tambi\u00e9n se contin\u00faa con las operaciones t\u00e1cticas y estrat\u00e9gicas en el combate del incendio forestal en el Volc\u00e1n de Agua, donde se hacen sobrevuelos para identificar los focos activos del siniestro.<\/p>\n\n\n\n<p>Temporada de incendios forestales<\/p>\n\n\n\n<p>Seg\u00fan registros de la Conred, desde el inicio de la temporada 2023-2024 de incendios forestales hasta este viernes de la Conred reporta en total 395 siniestros. Los cuales han consumido mil 293 hect\u00e1reas de \u00e1rboles.<\/p>\n\n\n\n<p>Los departamentos con el mayor registro de incendios forestales son:<\/p>\n\n\n\n<p>Guatemala, 68<\/p>\n\n\n\n<p>Quich\u00e9, 44<\/p>\n\n\n\n<p>Huehuetenango, 34<\/p>\n\n\n\n<p>Zacapa, 28<\/p>\n\n\n\n<p>Jalapa, 25<\/p>\n\n\n\n<p>Temporada de Incendios Forestales 2023-2024.<\/p>\n\n\n\n<p>Entretanto, en los otros departamentos var\u00edan entre los 17 y 4 incendios forestales. Adem\u00e1s, del total de incendios 269 son forestales y 126 no forestales.<\/p>\n\n\n\n<p><a href=\"https:\/\/www.facebook.com\/hashtag\/incendiosforestales?__eep__=6&amp;__cft__[0]=AZW7Hx-YI9MFkuUe8thk8wED4R1K72C7iazbAa5_EaFhHjDoxRMNFX0QHxaTXi-91B8PIx6gu-eCu8_2IseciH8cpTTMp70A_z25tPT0r5C_FmXKMcGCoKjgAwcXstknqL4VosPPz48jby2PP6JcEOJA82Qd8b1yYXTyBO37sExkX_1P1ylwlUeYbWY-9_McLHw&amp;__tn__=*NK-R\">#IncendiosForestales<\/a><a href=\"https:\/\/www.facebook.com\/hashtag\/volcandeagua?__eep__=6&amp;__cft__[0]=AZW7Hx-YI9MFkuUe8thk8wED4R1K72C7iazbAa5_EaFhHjDoxRMNFX0QHxaTXi-91B8PIx6gu-eCu8_2IseciH8cpTTMp70A_z25tPT0r5C_FmXKMcGCoKjgAwcXstknqL4VosPPz48jby2PP6JcEOJA82Qd8b1yYXTyBO37sExkX_1P1ylwlUeYbWY-9_McLHw&amp;__tn__=*NK-R\">#volcandeagua<\/a><a href=\"https:\/\/www.facebook.com\/hashtag\/metroredes?__eep__=6&amp;__cft__[0]=AZW7Hx-YI9MFkuUe8thk8wED4R1K72C7iazbAa5_EaFhHjDoxRMNFX0QHxaTXi-91B8PIx6gu-eCu8_2IseciH8cpTTMp70A_z25tPT0r5C_FmXKMcGCoKjgAwcXstknqL4VosPPz48jby2PP6JcEOJA82Qd8b1yYXTyBO37sExkX_1P1ylwlUeYbWY-9_McLHw&amp;__tn__=*NK-R\">#Metroredes<\/a><\/p>\n\n\n\n<p><a href=\"https:\/\/l.facebook.com\/l.php?u=http%3A%2F%2Fwww.elmetropolitano.com.gt%2F%3Ffbclid%3DIwAR0w7ZfOm-cVdifgzWucBmACv27-tXRjLErGYGR9Fxhh3xBmNKfuV7GtdeQ&amp;h=AT3ZCrHqpYqmJtUSSt0pxYQ3V-ZvzFuJI0_nxUg0hnNqlTKYqSg2Th1ZsFZpZ_IIIRwK9oc28f3YRiUaMFF7Ui2hHuOzQgRtXAA7i5ANRizFso_UbRLakSXNKHVfIanlUz17&amp;__tn__=-UK-R&amp;c[0]=AT1RDXv8dwIFGZHRC2mXJ2ynnuwToJRPpdSqjXUzIE_HCKRiG6fSGJqB--3o8uT9PndspT8dndgOV5W8_dA21urnYriSWD0nS_hql8xgHGIoweBrT8jngSsCWz9XKRlQ0FShlZMIL6teAD_DlqGwoWRZC6xH7VyeNdACnfftRfR77FIlmQAV1JwoMFmvqLrAXmT8yoxpUXzI\" rel=\"noreferrer noopener\" target=\"_blank\">www.elmetropolitano.com.gt<\/a><\/p>\n\n\n\n<p><a href=\"https:\/\/l.facebook.com\/l.php?u=http%3A%2F%2Fwww.metroredes.com%2F%3Ffbclid%3DIwAR03_O434iwSWPvIrJGcB1o2qX_u5s3LGdRb8TwT2XDdKC7tUB7oA4_Jy_g&amp;h=AT3JlC9O8y0A5prTUO1KFsPes3hOj1RYk7uRDZbiaH4Ln4-PLAur_kzOMsN9vfG9-IFuxZhtGkwbbDpHnaCsw7VrXgVGvQtKmXtqHwTyrI-qGo1A-kcNtr5MKrVXoJ8uSFYH&amp;__tn__=-UK-R&amp;c[0]=AT1RDXv8dwIFGZHRC2mXJ2ynnuwToJRPpdSqjXUzIE_HCKRiG6fSGJqB--3o8uT9PndspT8dndgOV5W8_dA21urnYriSWD0nS_hql8xgHGIoweBrT8jngSsCWz9XKRlQ0FShlZMIL6teAD_DlqGwoWRZC6xH7VyeNdACnfftRfR77FIlmQAV1JwoMFmvqLrAXmT8yoxpUXzI\" target=\"_blank\" rel=\"noreferrer noopener\">www.metroredes.com<\/a><\/p>\n\n\n\n<figure class=\"wp-block-gallery has-nested-images columns-default is-cropped wp-block-gallery-1 is-layout-flex wp-block-gallery-is-layout-flex\">\n<figure class=\"wp-block-image size-large\"><img loading=\"lazy\" decoding=\"async\" width=\"1024\" height=\"683\" data-id=\"78653\" src=\"https:\/\/elmetropolitano.com.gt\/es\/wp-content\/uploads\/2024\/02\/429666886_887639446695473_943641393286723071_n-1024x683.jpg\" alt=\"\" class=\"wp-image-78653\" srcset=\"https:\/\/elmetropolitano.com.gt\/es\/wp-content\/uploads\/2024\/02\/429666886_887639446695473_943641393286723071_n-1024x683.jpg 1024w, https:\/\/elmetropolitano.com.gt\/es\/wp-content\/uploads\/2024\/02\/429666886_887639446695473_943641393286723071_n-300x200.jpg 300w, https:\/\/elmetropolitano.com.gt\/es\/wp-content\/uploads\/2024\/02\/429666886_887639446695473_943641393286723071_n-768x512.jpg 768w, https:\/\/elmetropolitano.com.gt\/es\/wp-content\/uploads\/2024\/02\/429666886_887639446695473_943641393286723071_n-1536x1025.jpg 1536w, https:\/\/elmetropolitano.com.gt\/es\/wp-content\/uploads\/2024\/02\/429666886_887639446695473_943641393286723071_n.jpg 2048w\" sizes=\"auto, (max-width: 1024px) 100vw, 1024px\" \/><\/figure>\n\n\n\n<figure class=\"wp-block-image size-large\"><img loading=\"lazy\" decoding=\"async\" width=\"1024\" height=\"852\" data-id=\"78654\" src=\"https:\/\/elmetropolitano.com.gt\/es\/wp-content\/uploads\/2024\/02\/429818910_887636836695734_2463521910154250138_n-1024x852.jpg\" alt=\"\" class=\"wp-image-78654\" srcset=\"https:\/\/elmetropolitano.com.gt\/es\/wp-content\/uploads\/2024\/02\/429818910_887636836695734_2463521910154250138_n-1024x852.jpg 1024w, https:\/\/elmetropolitano.com.gt\/es\/wp-content\/uploads\/2024\/02\/429818910_887636836695734_2463521910154250138_n-300x250.jpg 300w, https:\/\/elmetropolitano.com.gt\/es\/wp-content\/uploads\/2024\/02\/429818910_887636836695734_2463521910154250138_n-768x639.jpg 768w, https:\/\/elmetropolitano.com.gt\/es\/wp-content\/uploads\/2024\/02\/429818910_887636836695734_2463521910154250138_n.jpg 1080w\" sizes=\"auto, (max-width: 1024px) 100vw, 1024px\" \/><\/figure>\n<\/figure>\n","protected":false},"excerpt":{"rendered":"<p>La presidenta en funciones, Karin Herrera, orden\u00f3 a la Coordinadora Nacional para la Reducci\u00f3n de Desastres (Conred) gestionar el apoyo internacional para combatir el incendio en el Volc\u00e1n de Agua. \u00abOrden\u00e9 a la Conred gestionar el apoyo internacional. Solicitamos equipo de protecci\u00f3n para los brigadistas y horas de vuelo para continuar mitigando los incendios desde <a class=\"read-more\" href=\"https:\/\/elmetropolitano.com.gt\/es\/presidenta-en-funciones-ordena-a-conred-gestionar-apoyo-internacional-por-incendio-en-volcan-de-agua\/\">Leer m\u00e1s<\/a><\/p>\n","protected":false},"author":1,"featured_media":78652,"comment_status":"open","ping_status":"closed","sticky":false,"template":"","format":"standard","meta":{"footnotes":""},"categories":[2],"tags":[12],"class_list":["post-78651","post","type-post","status-publish","format-standard","has-post-thumbnail","hentry","category-nacionales","tag-nacionales"],"_links":{"self":[{"href":"https:\/\/elmetropolitano.com.gt\/es\/wp-json\/wp\/v2\/posts\/78651","targetHints":{"allow":["GET"]}}],"collection":[{"href":"https:\/\/elmetropolitano.com.gt\/es\/wp-json\/wp\/v2\/posts"}],"about":[{"href":"https:\/\/elmetropolitano.com.gt\/es\/wp-json\/wp\/v2\/types\/post"}],"author":[{"embeddable":true,"href":"https:\/\/elmetropolitano.com.gt\/es\/wp-json\/wp\/v2\/users\/1"}],"replies":[{"embeddable":true,"href":"https:\/\/elmetropolitano.com.gt\/es\/wp-json\/wp\/v2\/comments?post=78651"}],"version-history":[{"count":1,"href":"https:\/\/elmetropolitano.com.gt\/es\/wp-json\/wp\/v2\/posts\/78651\/revisions"}],"predecessor-version":[{"id":78655,"href":"https:\/\/elmetropolitano.com.gt\/es\/wp-json\/wp\/v2\/posts\/78651\/revisions\/78655"}],"wp:featuredmedia":[{"embeddable":true,"href":"https:\/\/elmetropolitano.com.gt\/es\/wp-json\/wp\/v2\/media\/78652"}],"wp:attachment":[{"href":"https:\/\/elmetropolitano.com.gt\/es\/wp-json\/wp\/v2\/media?parent=78651"}],"wp:term":[{"taxonomy":"category","embeddable":true,"href":"https:\/\/elmetropolitano.com.gt\/es\/wp-json\/wp\/v2\/categories?post=78651"},{"taxonomy":"post_tag","embeddable":true,"href":"https:\/\/elmetropolitano.com.gt\/es\/wp-json\/wp\/v2\/tags?post=78651"}],"curies":[{"name":"wp","href":"https:\/\/api.w.org\/{rel}","templated":true}]}}