{"id":78681,"date":"2024-02-23T21:16:04","date_gmt":"2024-02-24T03:16:04","guid":{"rendered":"https:\/\/elmetropolitano.com.gt\/es\/?p=78681"},"modified":"2024-02-23T21:16:05","modified_gmt":"2024-02-24T03:16:05","slug":"con-mas-de-mil-estudiantes-da-inicio-el-bachillerato-con-orientacion-en-educacion-fisica","status":"publish","type":"post","link":"https:\/\/elmetropolitano.com.gt\/es\/con-mas-de-mil-estudiantes-da-inicio-el-bachillerato-con-orientacion-en-educacion-fisica\/","title":{"rendered":"Con m\u00e1s de mil estudiantes, da inicio el Bachillerato con Orientaci\u00f3n en Educaci\u00f3n F\u00edsica"},"content":{"rendered":"\n<p>Esta semana, el Ministerio de Educaci\u00f3n (Mineduc), mediante la Direcci\u00f3n General de Educaci\u00f3n F\u00edsica (Digef), dio el banderazo de salida al ciclo escolar 2024 en el Bachillerato en Ciencias y Letras con Orientaci\u00f3n en Educaci\u00f3n F\u00edsica.<\/p>\n\n\n\n<p>Entre risas y emociones, las 22 escuelas normales de educaci\u00f3n f\u00edsica de la Rep\u00fablica arrancaron motores, para preparar de la mejor manera a los estudiantes <a><\/a>en cuanto a materia deportiva. Con m\u00e1s de mil estudiantes inscritos, alumnos y maestros disfrutaron del acto de apertura del ciclo escolar 2024.<\/p><div class=\"elmet-contenido\" id=\"elmet-3876016814\"><div class=\"elmet-adlabel\">Anuncios<\/div><div style=\"margin-top: 20px;margin-right: 20px;margin-bottom: 20px;margin-left: 20px;\" id=\"elmet-9526338\"><a href=\"https:\/\/www.facebook.com\/arrincuanantigua\/\" aria-label=\"cintillo-arrin-cual\"><img loading=\"lazy\" decoding=\"async\" src=\"https:\/\/elmetropolitano.com.gt\/es\/wp-content\/uploads\/2021\/11\/cintillo-arrin-cual-1.jpg\" alt=\"\"  srcset=\"https:\/\/elmetropolitano.com.gt\/es\/wp-content\/uploads\/2021\/11\/cintillo-arrin-cual-1.jpg 750w, https:\/\/elmetropolitano.com.gt\/es\/wp-content\/uploads\/2021\/11\/cintillo-arrin-cual-1-300x36.jpg 300w, https:\/\/elmetropolitano.com.gt\/es\/wp-content\/uploads\/2021\/11\/cintillo-arrin-cual-1-600x72.jpg 600w\" sizes=\"(max-width: 750px) 100vw, 750px\" width=\"750\" height=\"90\"   \/><\/a><\/div><\/div>\n\n\n\n<p>Inscripciones<\/p>\n\n\n\n<p>Si bien es cierto que el ciclo escolar 2024 ya dio inicio, eso no es impedimento para que m\u00e1s j\u00f3venes guatemaltecos formen parte de esta gran oportunidad, los cuales tendr\u00e1n hasta el 31 de marzo para inscribirse.<\/p>\n\n\n\n<p>Los aspirantes a estudiar este bachillerato deber\u00e1n presentar la siguiente papeler\u00eda en la Escuela de Educaci\u00f3n F\u00edsica de su departamento:<\/p>\n\n\n\n<p>certificaciones de nacimiento extendidas por Renap (recientes y originales)<\/p>\n\n\n\n<p>certificados de primero, segundo y tercero b\u00e1sico<\/p>\n\n\n\n<p>diploma de tercero b\u00e1sico con registro al dorso<\/p>\n\n\n\n<p>electrocardiograma (Aprofam o m\u00e9dico privado)<\/p>\n\n\n\n<p>carta de recomendaci\u00f3n del director<\/p>\n\n\n\n<p>si es mayor de edad, fotocopia del DPI<\/p>\n\n\n\n<p>fotocopia del DPI de los padres y del encargado (a)<\/p>\n\n\n\n<p>convenio de estudios (se les proporcionar\u00e1 en el establecimiento y ser\u00e1 llenado el d\u00eda de la inscripci\u00f3n)<\/p>\n\n\n\n<p>f\u00f3lder tama\u00f1o oficio<\/p>\n\n\n\n<p>P\u00e9nsum del bachillerato<\/p>\n\n\n\n<p>Adem\u00e1s del p\u00e9nsum regular del bachillerato, los estudiantes pueden aprender o reforzar conocimientos en disciplinas deportivas como:<\/p>\n\n\n\n<p>voleibol<\/p>\n\n\n\n<p>nataci\u00f3n<\/p>\n\n\n\n<p>gimnasia art\u00edstica<\/p>\n\n\n\n<p>atletismo<\/p>\n\n\n\n<p>baloncesto y futbol<\/p>\n\n\n\n<p>Sin embargo, las autoridades sugieren que al culminar este bachillerato se contin\u00fae la carrera universitaria en educaci\u00f3n f\u00edsica, enfocada en la preparaci\u00f3n de profesionales para obtener la Licenciatura en Deportes.<\/p>\n\n\n\n<p>Texto: Josu\u00e9 David Acevedo Rivas<\/p>\n\n\n\n<p><a href=\"https:\/\/www.facebook.com\/hashtag\/digef?__eep__=6&amp;__cft__[0]=AZV1IOBaj8ekQNBJ1fU_i5K6r448nFlevi2P2LVabZB7sXYk2hxG_pUBuA2ASrIEvyYHPlu2r89IoN_jEH1lK0oaY6olS6ZzXbYROghLAlUOdZ47F-5Zzm0ToYV643KGHq09yvHrxCAEK0wNjrDZvwyLHfnj04k4x-8WuoQsjASHgBWAjUMZudQ-sa5OeV6ZrzQ&amp;__tn__=*NK-R\">#Digef<\/a><a href=\"https:\/\/www.facebook.com\/hashtag\/metroredes?__eep__=6&amp;__cft__[0]=AZV1IOBaj8ekQNBJ1fU_i5K6r448nFlevi2P2LVabZB7sXYk2hxG_pUBuA2ASrIEvyYHPlu2r89IoN_jEH1lK0oaY6olS6ZzXbYROghLAlUOdZ47F-5Zzm0ToYV643KGHq09yvHrxCAEK0wNjrDZvwyLHfnj04k4x-8WuoQsjASHgBWAjUMZudQ-sa5OeV6ZrzQ&amp;__tn__=*NK-R\">#metroredes<\/a><\/p>\n\n\n\n<figure class=\"wp-block-gallery has-nested-images columns-default is-cropped wp-block-gallery-1 is-layout-flex wp-block-gallery-is-layout-flex\">\n<figure class=\"wp-block-image size-large\"><img loading=\"lazy\" decoding=\"async\" width=\"1024\" height=\"768\" data-id=\"78683\" src=\"https:\/\/elmetropolitano.com.gt\/es\/wp-content\/uploads\/2024\/02\/409169418_887712986688119_7433178521643878726_n-1024x768.jpg\" alt=\"\" class=\"wp-image-78683\" srcset=\"https:\/\/elmetropolitano.com.gt\/es\/wp-content\/uploads\/2024\/02\/409169418_887712986688119_7433178521643878726_n-1024x768.jpg 1024w, https:\/\/elmetropolitano.com.gt\/es\/wp-content\/uploads\/2024\/02\/409169418_887712986688119_7433178521643878726_n-300x225.jpg 300w, https:\/\/elmetropolitano.com.gt\/es\/wp-content\/uploads\/2024\/02\/409169418_887712986688119_7433178521643878726_n-768x576.jpg 768w, https:\/\/elmetropolitano.com.gt\/es\/wp-content\/uploads\/2024\/02\/409169418_887712986688119_7433178521643878726_n-1536x1152.jpg 1536w, https:\/\/elmetropolitano.com.gt\/es\/wp-content\/uploads\/2024\/02\/409169418_887712986688119_7433178521643878726_n.jpg 1600w\" sizes=\"auto, (max-width: 1024px) 100vw, 1024px\" \/><\/figure>\n\n\n\n<figure class=\"wp-block-image size-large\"><img loading=\"lazy\" decoding=\"async\" width=\"1024\" height=\"768\" data-id=\"78684\" src=\"https:\/\/elmetropolitano.com.gt\/es\/wp-content\/uploads\/2024\/02\/429654150_887712980021453_4574757928961532618_n-1024x768.jpg\" alt=\"\" class=\"wp-image-78684\" srcset=\"https:\/\/elmetropolitano.com.gt\/es\/wp-content\/uploads\/2024\/02\/429654150_887712980021453_4574757928961532618_n-1024x768.jpg 1024w, https:\/\/elmetropolitano.com.gt\/es\/wp-content\/uploads\/2024\/02\/429654150_887712980021453_4574757928961532618_n-300x225.jpg 300w, https:\/\/elmetropolitano.com.gt\/es\/wp-content\/uploads\/2024\/02\/429654150_887712980021453_4574757928961532618_n-768x576.jpg 768w, https:\/\/elmetropolitano.com.gt\/es\/wp-content\/uploads\/2024\/02\/429654150_887712980021453_4574757928961532618_n-1536x1153.jpg 1536w, https:\/\/elmetropolitano.com.gt\/es\/wp-content\/uploads\/2024\/02\/429654150_887712980021453_4574757928961532618_n.jpg 1599w\" sizes=\"auto, (max-width: 1024px) 100vw, 1024px\" \/><\/figure>\n\n\n\n<figure class=\"wp-block-image size-large\"><img loading=\"lazy\" decoding=\"async\" width=\"1024\" height=\"768\" data-id=\"78687\" src=\"https:\/\/elmetropolitano.com.gt\/es\/wp-content\/uploads\/2024\/02\/429669332_887712930021458_3493080930662609255_n-1024x768.jpg\" alt=\"\" class=\"wp-image-78687\" srcset=\"https:\/\/elmetropolitano.com.gt\/es\/wp-content\/uploads\/2024\/02\/429669332_887712930021458_3493080930662609255_n-1024x768.jpg 1024w, https:\/\/elmetropolitano.com.gt\/es\/wp-content\/uploads\/2024\/02\/429669332_887712930021458_3493080930662609255_n-300x225.jpg 300w, https:\/\/elmetropolitano.com.gt\/es\/wp-content\/uploads\/2024\/02\/429669332_887712930021458_3493080930662609255_n-768x576.jpg 768w, https:\/\/elmetropolitano.com.gt\/es\/wp-content\/uploads\/2024\/02\/429669332_887712930021458_3493080930662609255_n-1536x1153.jpg 1536w, https:\/\/elmetropolitano.com.gt\/es\/wp-content\/uploads\/2024\/02\/429669332_887712930021458_3493080930662609255_n.jpg 1599w\" sizes=\"auto, (max-width: 1024px) 100vw, 1024px\" \/><\/figure>\n\n\n\n<figure class=\"wp-block-image size-large\"><img loading=\"lazy\" decoding=\"async\" width=\"1024\" height=\"576\" data-id=\"78685\" src=\"https:\/\/elmetropolitano.com.gt\/es\/wp-content\/uploads\/2024\/02\/429672502_887712936688124_1455738803595490538_n-1024x576.jpg\" alt=\"\" class=\"wp-image-78685\" srcset=\"https:\/\/elmetropolitano.com.gt\/es\/wp-content\/uploads\/2024\/02\/429672502_887712936688124_1455738803595490538_n-1024x576.jpg 1024w, https:\/\/elmetropolitano.com.gt\/es\/wp-content\/uploads\/2024\/02\/429672502_887712936688124_1455738803595490538_n-300x169.jpg 300w, https:\/\/elmetropolitano.com.gt\/es\/wp-content\/uploads\/2024\/02\/429672502_887712936688124_1455738803595490538_n-768x432.jpg 768w, https:\/\/elmetropolitano.com.gt\/es\/wp-content\/uploads\/2024\/02\/429672502_887712936688124_1455738803595490538_n.jpg 1280w\" sizes=\"auto, (max-width: 1024px) 100vw, 1024px\" \/><\/figure>\n\n\n\n<figure class=\"wp-block-image size-large\"><img loading=\"lazy\" decoding=\"async\" width=\"1024\" height=\"768\" data-id=\"78686\" src=\"https:\/\/elmetropolitano.com.gt\/es\/wp-content\/uploads\/2024\/02\/429792375_887712586688159_6054765871076699429_n-1024x768.jpg\" alt=\"\" class=\"wp-image-78686\" srcset=\"https:\/\/elmetropolitano.com.gt\/es\/wp-content\/uploads\/2024\/02\/429792375_887712586688159_6054765871076699429_n-1024x768.jpg 1024w, https:\/\/elmetropolitano.com.gt\/es\/wp-content\/uploads\/2024\/02\/429792375_887712586688159_6054765871076699429_n-300x225.jpg 300w, https:\/\/elmetropolitano.com.gt\/es\/wp-content\/uploads\/2024\/02\/429792375_887712586688159_6054765871076699429_n-768x576.jpg 768w, https:\/\/elmetropolitano.com.gt\/es\/wp-content\/uploads\/2024\/02\/429792375_887712586688159_6054765871076699429_n-1536x1152.jpg 1536w, https:\/\/elmetropolitano.com.gt\/es\/wp-content\/uploads\/2024\/02\/429792375_887712586688159_6054765871076699429_n.jpg 1600w\" sizes=\"auto, (max-width: 1024px) 100vw, 1024px\" \/><\/figure>\n<\/figure>\n","protected":false},"excerpt":{"rendered":"<p>Esta semana, el Ministerio de Educaci\u00f3n (Mineduc), mediante la Direcci\u00f3n General de Educaci\u00f3n F\u00edsica (Digef), dio el banderazo de salida al ciclo escolar 2024 en el Bachillerato en Ciencias y Letras con Orientaci\u00f3n en Educaci\u00f3n F\u00edsica. Entre risas y emociones, las 22 escuelas normales de educaci\u00f3n f\u00edsica de la Rep\u00fablica arrancaron motores, para preparar de <a class=\"read-more\" href=\"https:\/\/elmetropolitano.com.gt\/es\/con-mas-de-mil-estudiantes-da-inicio-el-bachillerato-con-orientacion-en-educacion-fisica\/\">Leer m\u00e1s<\/a><\/p>\n","protected":false},"author":1,"featured_media":78682,"comment_status":"open","ping_status":"closed","sticky":false,"template":"","format":"standard","meta":{"footnotes":""},"categories":[2],"tags":[12],"class_list":["post-78681","post","type-post","status-publish","format-standard","has-post-thumbnail","hentry","category-nacionales","tag-nacionales"],"_links":{"self":[{"href":"https:\/\/elmetropolitano.com.gt\/es\/wp-json\/wp\/v2\/posts\/78681","targetHints":{"allow":["GET"]}}],"collection":[{"href":"https:\/\/elmetropolitano.com.gt\/es\/wp-json\/wp\/v2\/posts"}],"about":[{"href":"https:\/\/elmetropolitano.com.gt\/es\/wp-json\/wp\/v2\/types\/post"}],"author":[{"embeddable":true,"href":"https:\/\/elmetropolitano.com.gt\/es\/wp-json\/wp\/v2\/users\/1"}],"replies":[{"embeddable":true,"href":"https:\/\/elmetropolitano.com.gt\/es\/wp-json\/wp\/v2\/comments?post=78681"}],"version-history":[{"count":1,"href":"https:\/\/elmetropolitano.com.gt\/es\/wp-json\/wp\/v2\/posts\/78681\/revisions"}],"predecessor-version":[{"id":78688,"href":"https:\/\/elmetropolitano.com.gt\/es\/wp-json\/wp\/v2\/posts\/78681\/revisions\/78688"}],"wp:featuredmedia":[{"embeddable":true,"href":"https:\/\/elmetropolitano.com.gt\/es\/wp-json\/wp\/v2\/media\/78682"}],"wp:attachment":[{"href":"https:\/\/elmetropolitano.com.gt\/es\/wp-json\/wp\/v2\/media?parent=78681"}],"wp:term":[{"taxonomy":"category","embeddable":true,"href":"https:\/\/elmetropolitano.com.gt\/es\/wp-json\/wp\/v2\/categories?post=78681"},{"taxonomy":"post_tag","embeddable":true,"href":"https:\/\/elmetropolitano.com.gt\/es\/wp-json\/wp\/v2\/tags?post=78681"}],"curies":[{"name":"wp","href":"https:\/\/api.w.org\/{rel}","templated":true}]}}