{"id":78698,"date":"2024-02-23T21:22:27","date_gmt":"2024-02-24T03:22:27","guid":{"rendered":"https:\/\/elmetropolitano.com.gt\/es\/?p=78698"},"modified":"2024-02-23T21:22:28","modified_gmt":"2024-02-24T03:22:28","slug":"quieren-otra-alerta-para-proteger-a-ninos-y-ninas-en-las-escuelas","status":"publish","type":"post","link":"https:\/\/elmetropolitano.com.gt\/es\/quieren-otra-alerta-para-proteger-a-ninos-y-ninas-en-las-escuelas\/","title":{"rendered":"Quieren otra alerta para proteger a ni\u00f1os y ni\u00f1as en las escuelas"},"content":{"rendered":"\n<p>La diputada Lucrecia Marroqu\u00edn de Palomo, del Partido Valor acompa\u00f1ada de autoridades del sector justicia, de la Secretar\u00eda de Bienestar Social de la Presidencia y del Instituto Nacional para Varones Adri\u00e1n Zapata, en conferencia de prensa present\u00f3 la Iniciativa 6344 que promueve la ley del sistema de alerta \u00c1ngel-Domingo.<\/p>\n\n\n\n<p>Esta <a><\/a>propuesta normativa tiene por objetivo salvaguardar la vida e integridad de ni\u00f1as, ni\u00f1os y adolescentes de los centros educativos, que est\u00e1n siendo v\u00edctimas del delito de acoso y amenazas por negarse a participar en delitos o integrar grupos delictivos, pandillas, entre otros.<\/p><div class=\"elmet-contenido\" id=\"elmet-1998125840\"><div class=\"elmet-adlabel\">Anuncios<\/div><div style=\"margin-top: 20px;margin-right: 20px;margin-bottom: 20px;margin-left: 20px;\" id=\"elmet-284577592\"><a href=\"https:\/\/www.facebook.com\/arrincuanantigua\/\" aria-label=\"cintillo-arrin-cual\"><img loading=\"lazy\" decoding=\"async\" src=\"https:\/\/elmetropolitano.com.gt\/es\/wp-content\/uploads\/2021\/11\/cintillo-arrin-cual-1.jpg\" alt=\"\"  srcset=\"https:\/\/elmetropolitano.com.gt\/es\/wp-content\/uploads\/2021\/11\/cintillo-arrin-cual-1.jpg 750w, https:\/\/elmetropolitano.com.gt\/es\/wp-content\/uploads\/2021\/11\/cintillo-arrin-cual-1-300x36.jpg 300w, https:\/\/elmetropolitano.com.gt\/es\/wp-content\/uploads\/2021\/11\/cintillo-arrin-cual-1-600x72.jpg 600w\" sizes=\"(max-width: 750px) 100vw, 750px\" width=\"750\" height=\"90\"   \/><\/a><\/div><\/div>\n\n\n\n<p><a href=\"https:\/\/www.facebook.com\/hashtag\/metroredes?__eep__=6&amp;__cft__[0]=AZVTP87GAFmE4jRGRXQF_Cxf4L38eNFKatuvRBvcGYT6l_aANj5d_Y9KwMQ35JOM-JGBGdBjN2IvO4townTeQ0b5gd884u0S_6XAg_Lj8xn-Jg-8_Kbz3DIh8mYPPJIql9adDgujOijYS16XnmaVe7U83kyJ_DN0j2ITr1i9WY3riwOk-HTZx8slnR3K-RieaZI&amp;__tn__=*NK-R\">#metroredes<\/a><a href=\"https:\/\/www.facebook.com\/hashtag\/congresodelarepublicagt?__eep__=6&amp;__cft__[0]=AZVTP87GAFmE4jRGRXQF_Cxf4L38eNFKatuvRBvcGYT6l_aANj5d_Y9KwMQ35JOM-JGBGdBjN2IvO4townTeQ0b5gd884u0S_6XAg_Lj8xn-Jg-8_Kbz3DIh8mYPPJIql9adDgujOijYS16XnmaVe7U83kyJ_DN0j2ITr1i9WY3riwOk-HTZx8slnR3K-RieaZI&amp;__tn__=*NK-R\">#CongresoDeLaRepublicagt<\/a><\/p>\n\n\n\n<p><\/p>\n","protected":false},"excerpt":{"rendered":"<p>La diputada Lucrecia Marroqu\u00edn de Palomo, del Partido Valor acompa\u00f1ada de autoridades del sector justicia, de la Secretar\u00eda de Bienestar Social de la Presidencia y del Instituto Nacional para Varones Adri\u00e1n Zapata, en conferencia de prensa present\u00f3 la Iniciativa 6344 que promueve la ley del sistema de alerta \u00c1ngel-Domingo. Esta propuesta normativa tiene por objetivo <a class=\"read-more\" href=\"https:\/\/elmetropolitano.com.gt\/es\/quieren-otra-alerta-para-proteger-a-ninos-y-ninas-en-las-escuelas\/\">Leer m\u00e1s<\/a><\/p>\n","protected":false},"author":1,"featured_media":78699,"comment_status":"open","ping_status":"closed","sticky":false,"template":"","format":"standard","meta":{"footnotes":""},"categories":[2],"tags":[12],"class_list":["post-78698","post","type-post","status-publish","format-standard","has-post-thumbnail","hentry","category-nacionales","tag-nacionales"],"_links":{"self":[{"href":"https:\/\/elmetropolitano.com.gt\/es\/wp-json\/wp\/v2\/posts\/78698","targetHints":{"allow":["GET"]}}],"collection":[{"href":"https:\/\/elmetropolitano.com.gt\/es\/wp-json\/wp\/v2\/posts"}],"about":[{"href":"https:\/\/elmetropolitano.com.gt\/es\/wp-json\/wp\/v2\/types\/post"}],"author":[{"embeddable":true,"href":"https:\/\/elmetropolitano.com.gt\/es\/wp-json\/wp\/v2\/users\/1"}],"replies":[{"embeddable":true,"href":"https:\/\/elmetropolitano.com.gt\/es\/wp-json\/wp\/v2\/comments?post=78698"}],"version-history":[{"count":1,"href":"https:\/\/elmetropolitano.com.gt\/es\/wp-json\/wp\/v2\/posts\/78698\/revisions"}],"predecessor-version":[{"id":78700,"href":"https:\/\/elmetropolitano.com.gt\/es\/wp-json\/wp\/v2\/posts\/78698\/revisions\/78700"}],"wp:featuredmedia":[{"embeddable":true,"href":"https:\/\/elmetropolitano.com.gt\/es\/wp-json\/wp\/v2\/media\/78699"}],"wp:attachment":[{"href":"https:\/\/elmetropolitano.com.gt\/es\/wp-json\/wp\/v2\/media?parent=78698"}],"wp:term":[{"taxonomy":"category","embeddable":true,"href":"https:\/\/elmetropolitano.com.gt\/es\/wp-json\/wp\/v2\/categories?post=78698"},{"taxonomy":"post_tag","embeddable":true,"href":"https:\/\/elmetropolitano.com.gt\/es\/wp-json\/wp\/v2\/tags?post=78698"}],"curies":[{"name":"wp","href":"https:\/\/api.w.org\/{rel}","templated":true}]}}