{"id":78704,"date":"2024-02-24T12:12:48","date_gmt":"2024-02-24T18:12:48","guid":{"rendered":"https:\/\/elmetropolitano.com.gt\/es\/?p=78704"},"modified":"2024-02-24T12:12:49","modified_gmt":"2024-02-24T18:12:49","slug":"cc-pone-fin-al-duelo-entre-diputados-por-nosotros","status":"publish","type":"post","link":"https:\/\/elmetropolitano.com.gt\/es\/cc-pone-fin-al-duelo-entre-diputados-por-nosotros\/","title":{"rendered":"CC pone fin al duelo entre diputados por NOSOTROS"},"content":{"rendered":"\n<p>La Corte de Constitucionalidad (CC) le puso fin al duelo que exist\u00eda por quedarse con la jefatura de bancada de NOSOTROS entre las diputada Nadia de Le\u00f3n Torres (hija de Sandra Torres) y Vivian Preciado Navarijo, al declarar con lugar un amparo a favor de la primera en menci\u00f3n.<\/p>\n\n\n\n<p>La <a><\/a>CC resolvi\u00f3 el amparo que obliga a la Junta Directiva del Congreso a reconocer a Nadia como jefa de esa bancada y por lo que dijo ella recientemente, ya no quiere dentro de NOSOTROS a Preciado Navarijo ni al diputado Rudy Werner Pereira.<\/p><div class=\"elmet-contenido\" id=\"elmet-2439071098\"><div class=\"elmet-adlabel\">Anuncios<\/div><div style=\"margin-top: 20px;margin-right: 20px;margin-bottom: 20px;margin-left: 20px;\" id=\"elmet-3163054110\"><a href=\"https:\/\/www.facebook.com\/arrincuanantigua\/\" aria-label=\"cintillo-arrin-cual\"><img loading=\"lazy\" decoding=\"async\" src=\"https:\/\/elmetropolitano.com.gt\/es\/wp-content\/uploads\/2021\/11\/cintillo-arrin-cual-1.jpg\" alt=\"\"  srcset=\"https:\/\/elmetropolitano.com.gt\/es\/wp-content\/uploads\/2021\/11\/cintillo-arrin-cual-1.jpg 750w, https:\/\/elmetropolitano.com.gt\/es\/wp-content\/uploads\/2021\/11\/cintillo-arrin-cual-1-300x36.jpg 300w, https:\/\/elmetropolitano.com.gt\/es\/wp-content\/uploads\/2021\/11\/cintillo-arrin-cual-1-600x72.jpg 600w\" sizes=\"(max-width: 750px) 100vw, 750px\" width=\"750\" height=\"90\"   \/><\/a><\/div><\/div>\n\n\n\n<p>Por lo mismo, ella se queda sola con NOSOTROS y asegur\u00f3 que si se encuentra afiliada a dicha organizaci\u00f3n partidaria, mientras que los otros dos no.<\/p>\n\n\n\n<p>Navarijo hasta ayer sosten\u00eda que ella era la jefe de bloque ya que por mayor\u00eda fue designada y que a\u00fan no la han dejado afuera.<\/p>\n\n\n\n<p>Desde hace m\u00e1s de diez d\u00edas ambas diputadas dijeron ser jefes de bloque y la Junta Directiva Legislativa dijo que lo analizar\u00eda. Ahora con el fallo de la CC todo queda finiquitado.<\/p>\n\n\n\n<p>Texto: Francisco Javier Hurtarte<\/p>\n\n\n\n<p><a href=\"https:\/\/www.facebook.com\/hashtag\/metroredes?__eep__=6&amp;__cft__[0]=AZVIePoeUT0_ZNwDZZWSOIVUgFlyFtdkZL6ORARy76mKiNzy22I3f0TPqpwxDm73pDaFhMWJCYIUgtVc-oSrsOpfigRmVKqR-KYkVkpWZaqvEYw4hcVaF2ECZJPR5M9fIfBprTobn_c44WxeBxS8IGZYLHuvoU3zL3KxP7b9m-kyu6zDti61GJUZjFNR1F2Psj8&amp;__tn__=*NK-R\">#metroredes<\/a><a href=\"https:\/\/www.facebook.com\/hashtag\/partidonosotros?__eep__=6&amp;__cft__[0]=AZVIePoeUT0_ZNwDZZWSOIVUgFlyFtdkZL6ORARy76mKiNzy22I3f0TPqpwxDm73pDaFhMWJCYIUgtVc-oSrsOpfigRmVKqR-KYkVkpWZaqvEYw4hcVaF2ECZJPR5M9fIfBprTobn_c44WxeBxS8IGZYLHuvoU3zL3KxP7b9m-kyu6zDti61GJUZjFNR1F2Psj8&amp;__tn__=*NK-R\">#PartidoNosotros<\/a>  www.metroredes.com  www.elescuintleco.com <\/p>\n\n\n\n<figure class=\"wp-block-gallery has-nested-images columns-default is-cropped wp-block-gallery-1 is-layout-flex wp-block-gallery-is-layout-flex\">\n<figure class=\"wp-block-image size-large\"><img loading=\"lazy\" decoding=\"async\" width=\"576\" height=\"1024\" data-id=\"78708\" src=\"https:\/\/elmetropolitano.com.gt\/es\/wp-content\/uploads\/2024\/02\/409176298_887866643339420_643377790424051085_n-1-576x1024.jpg\" alt=\"\" class=\"wp-image-78708\" srcset=\"https:\/\/elmetropolitano.com.gt\/es\/wp-content\/uploads\/2024\/02\/409176298_887866643339420_643377790424051085_n-1-576x1024.jpg 576w, https:\/\/elmetropolitano.com.gt\/es\/wp-content\/uploads\/2024\/02\/409176298_887866643339420_643377790424051085_n-1-169x300.jpg 169w, https:\/\/elmetropolitano.com.gt\/es\/wp-content\/uploads\/2024\/02\/409176298_887866643339420_643377790424051085_n-1-768x1365.jpg 768w, https:\/\/elmetropolitano.com.gt\/es\/wp-content\/uploads\/2024\/02\/409176298_887866643339420_643377790424051085_n-1-864x1536.jpg 864w, https:\/\/elmetropolitano.com.gt\/es\/wp-content\/uploads\/2024\/02\/409176298_887866643339420_643377790424051085_n-1.jpg 900w\" sizes=\"auto, (max-width: 576px) 100vw, 576px\" \/><\/figure>\n\n\n\n<figure class=\"wp-block-image size-large\"><img loading=\"lazy\" decoding=\"async\" width=\"576\" height=\"1024\" data-id=\"78709\" src=\"https:\/\/elmetropolitano.com.gt\/es\/wp-content\/uploads\/2024\/02\/429652981_887866670006084_6630591812838288882_n-1-576x1024.jpg\" alt=\"\" class=\"wp-image-78709\" srcset=\"https:\/\/elmetropolitano.com.gt\/es\/wp-content\/uploads\/2024\/02\/429652981_887866670006084_6630591812838288882_n-1-576x1024.jpg 576w, https:\/\/elmetropolitano.com.gt\/es\/wp-content\/uploads\/2024\/02\/429652981_887866670006084_6630591812838288882_n-1-169x300.jpg 169w, https:\/\/elmetropolitano.com.gt\/es\/wp-content\/uploads\/2024\/02\/429652981_887866670006084_6630591812838288882_n-1-768x1365.jpg 768w, https:\/\/elmetropolitano.com.gt\/es\/wp-content\/uploads\/2024\/02\/429652981_887866670006084_6630591812838288882_n-1-864x1536.jpg 864w, https:\/\/elmetropolitano.com.gt\/es\/wp-content\/uploads\/2024\/02\/429652981_887866670006084_6630591812838288882_n-1.jpg 900w\" sizes=\"auto, (max-width: 576px) 100vw, 576px\" \/><\/figure>\n\n\n\n<figure class=\"wp-block-image size-large\"><img loading=\"lazy\" decoding=\"async\" width=\"728\" height=\"1024\" data-id=\"78707\" src=\"https:\/\/elmetropolitano.com.gt\/es\/wp-content\/uploads\/2024\/02\/429665047_887866636672754_5451309547126053342_n-728x1024.jpg\" alt=\"\" class=\"wp-image-78707\" srcset=\"https:\/\/elmetropolitano.com.gt\/es\/wp-content\/uploads\/2024\/02\/429665047_887866636672754_5451309547126053342_n-728x1024.jpg 728w, https:\/\/elmetropolitano.com.gt\/es\/wp-content\/uploads\/2024\/02\/429665047_887866636672754_5451309547126053342_n-213x300.jpg 213w, https:\/\/elmetropolitano.com.gt\/es\/wp-content\/uploads\/2024\/02\/429665047_887866636672754_5451309547126053342_n-768x1081.jpg 768w, https:\/\/elmetropolitano.com.gt\/es\/wp-content\/uploads\/2024\/02\/429665047_887866636672754_5451309547126053342_n.jpg 897w\" sizes=\"auto, (max-width: 728px) 100vw, 728px\" \/><\/figure>\n<\/figure>\n","protected":false},"excerpt":{"rendered":"<p>La Corte de Constitucionalidad (CC) le puso fin al duelo que exist\u00eda por quedarse con la jefatura de bancada de NOSOTROS entre las diputada Nadia de Le\u00f3n Torres (hija de Sandra Torres) y Vivian Preciado Navarijo, al declarar con lugar un amparo a favor de la primera en menci\u00f3n. La CC resolvi\u00f3 el amparo que <a class=\"read-more\" href=\"https:\/\/elmetropolitano.com.gt\/es\/cc-pone-fin-al-duelo-entre-diputados-por-nosotros\/\">Leer m\u00e1s<\/a><\/p>\n","protected":false},"author":1,"featured_media":78706,"comment_status":"open","ping_status":"closed","sticky":false,"template":"","format":"standard","meta":{"footnotes":""},"categories":[2],"tags":[12],"class_list":["post-78704","post","type-post","status-publish","format-standard","has-post-thumbnail","hentry","category-nacionales","tag-nacionales"],"_links":{"self":[{"href":"https:\/\/elmetropolitano.com.gt\/es\/wp-json\/wp\/v2\/posts\/78704","targetHints":{"allow":["GET"]}}],"collection":[{"href":"https:\/\/elmetropolitano.com.gt\/es\/wp-json\/wp\/v2\/posts"}],"about":[{"href":"https:\/\/elmetropolitano.com.gt\/es\/wp-json\/wp\/v2\/types\/post"}],"author":[{"embeddable":true,"href":"https:\/\/elmetropolitano.com.gt\/es\/wp-json\/wp\/v2\/users\/1"}],"replies":[{"embeddable":true,"href":"https:\/\/elmetropolitano.com.gt\/es\/wp-json\/wp\/v2\/comments?post=78704"}],"version-history":[{"count":1,"href":"https:\/\/elmetropolitano.com.gt\/es\/wp-json\/wp\/v2\/posts\/78704\/revisions"}],"predecessor-version":[{"id":78710,"href":"https:\/\/elmetropolitano.com.gt\/es\/wp-json\/wp\/v2\/posts\/78704\/revisions\/78710"}],"wp:featuredmedia":[{"embeddable":true,"href":"https:\/\/elmetropolitano.com.gt\/es\/wp-json\/wp\/v2\/media\/78706"}],"wp:attachment":[{"href":"https:\/\/elmetropolitano.com.gt\/es\/wp-json\/wp\/v2\/media?parent=78704"}],"wp:term":[{"taxonomy":"category","embeddable":true,"href":"https:\/\/elmetropolitano.com.gt\/es\/wp-json\/wp\/v2\/categories?post=78704"},{"taxonomy":"post_tag","embeddable":true,"href":"https:\/\/elmetropolitano.com.gt\/es\/wp-json\/wp\/v2\/tags?post=78704"}],"curies":[{"name":"wp","href":"https:\/\/api.w.org\/{rel}","templated":true}]}}