{"id":78720,"date":"2024-02-24T12:27:00","date_gmt":"2024-02-24T18:27:00","guid":{"rendered":"https:\/\/elmetropolitano.com.gt\/es\/?p=78720"},"modified":"2024-02-24T12:27:01","modified_gmt":"2024-02-24T18:27:01","slug":"maga-se-lleva-asistencia-humanitaria-para-pobladores","status":"publish","type":"post","link":"https:\/\/elmetropolitano.com.gt\/es\/maga-se-lleva-asistencia-humanitaria-para-pobladores\/","title":{"rendered":"MAGA: Se lleva asistencia humanitaria para pobladores"},"content":{"rendered":"\n<p>Con el reto de transparentar la ejecuci\u00f3n presupuestaria del Ministerio de Agricultura, Ganader\u00eda y alimentaci\u00f3n (MAGA), el Presidente del Congreso, Nery Ramos se reuni\u00f3 con el encargado de esa cartera Mynor Estrada, la viceministra de Seguridad Alimentaria, Klemen Gamboa y la directora administrativa, Ingrid Osorio.<\/p>\n\n\n\n<p>La <a><\/a>viceministra Gamboa se refiri\u00f3 a la asistencia humanitaria que el MAGA dar\u00e1 a ni\u00f1os con desnutrici\u00f3n aguda severa y que asistencia alimentaria se ofrece a las familias identificadas.<\/p><div class=\"elmet-contenido\" id=\"elmet-3027118439\"><div class=\"elmet-adlabel\">Anuncios<\/div><div style=\"margin-top: 20px;margin-right: 20px;margin-bottom: 20px;margin-left: 20px;\" id=\"elmet-1213612961\"><a href=\"https:\/\/www.facebook.com\/arrincuanantigua\/\" aria-label=\"cintillo-arrin-cual\"><img loading=\"lazy\" decoding=\"async\" src=\"https:\/\/elmetropolitano.com.gt\/es\/wp-content\/uploads\/2021\/11\/cintillo-arrin-cual-1.jpg\" alt=\"\"  srcset=\"https:\/\/elmetropolitano.com.gt\/es\/wp-content\/uploads\/2021\/11\/cintillo-arrin-cual-1.jpg 750w, https:\/\/elmetropolitano.com.gt\/es\/wp-content\/uploads\/2021\/11\/cintillo-arrin-cual-1-300x36.jpg 300w, https:\/\/elmetropolitano.com.gt\/es\/wp-content\/uploads\/2021\/11\/cintillo-arrin-cual-1-600x72.jpg 600w\" sizes=\"(max-width: 750px) 100vw, 750px\" width=\"750\" height=\"90\"   \/><\/a><\/div><\/div>\n\n\n\n<p>A\u00f1adi\u00f3 que muchos ni\u00f1os llegan a los centros de salud, y all\u00ed se les verifica talla y peso y si se encuentran desnutridos de inmediato se les da la ayuda necesaria. Todo lo hacen en coordinaci\u00f3n con la Secretaria de Seguridad Alimentaria y Nutricional (SESAN) y se mantiene el monitoreo, mientras que a las madres se les da alimentaci\u00f3n.<\/p>\n\n\n\n<p>Tambi\u00e9n se cumple con las medidas cautelares en nueve comunidades con el acompa\u00f1amiento de la Comisi\u00f3n Interamericana de Derechos Humanos (CIDH).<\/p>\n\n\n\n<p>Cuentan con un programa de alimentos por acciones con los Consejos Comunitarios de Desarrollo Urbano y Rural (CODESDES) y los programas de emergencia cuya ayuda se da en un momento determinado y cuyos fondos no se tocan hasta cuando se registra alguna emergencia, como su nombre lo indica.<\/p>\n\n\n\n<p>Pide cabezas del MAGA<\/p>\n\n\n\n<p>Para el presidente del Congreso, hubo ausencia total del MAGA en estos \u00faltimos a\u00f1os, pero en el \u00faltimo, utilizaron los recursos para campa\u00f1a pol\u00edtica.<\/p>\n\n\n\n<p>Para el funcionario del MAGA, hay que focalizar en cada uno de los municipios del pa\u00eds y ver con que programas se les puede ayudar.<\/p>\n\n\n\n<p>Ramos dice que le interesa la situaci\u00f3n del gran corredor seco y que pasa por Jutiapa (de donde \u00e9l es diputado distrital) y sobre los ni\u00f1os con desnutrici\u00f3n aguda, mientras que se almacenan los alimentos en algunos lugares echando a perderlos o pudri\u00e9ndose.<\/p>\n\n\n\n<p>El ministro del MAGA, explic\u00f3 que hay programa sin fondos que son una amenaza y se toman las medidas pertinentes y que ahora s\u00ed, ayudar\u00e1n con las econom\u00edas familiares rurales<\/p>\n\n\n\n<p>El presidente Ramos pidi\u00f3 depuraci\u00f3n del MAGA en Jutiapa y el Ministerio responde que en todos los programas hay problemas con plazas fantasmas que ahora verificaran.<\/p>\n\n\n\n<p>Fertilizantes gratuitos<\/p>\n\n\n\n<p>Pero para donde?<\/p>\n\n\n\n<p>El funcionario dijo que hay una donaci\u00f3n del gobierno del Reino Noruego y entregar\u00e1n fertilizantes en siete municipios del pa\u00eds.<\/p>\n\n\n\n<p>Sin embargo la viceministra dijo que no pod\u00eda revelar los nombres pues esos se dar\u00e1n a conocer en una conferencia de prensa con el presidente. No quiso decir y dejo la duda.<\/p>\n\n\n\n<p>Texto: Francisco Javier Hurtarte<\/p>\n\n\n\n<p><a href=\"https:\/\/www.facebook.com\/hashtag\/metroredes?__eep__=6&amp;__cft__[0]=AZV0UMBf1nUcz6-b7dkQHueNzuoBZpzvx_KpxPCZu-ARu54KKzbcoH2Os28onR8_stJTuFQOt6D6YaRCLDWiVEi6E2T0La_YWS_BTNw9WIj3p7ufcWdOLcBiSj0RsXGvy6Z7QjXR_PzY59NcWgL5-kV7tR-eGss7h5M1mhcDO9UKLroMAyFCrkS7eIAd5MmkiSM&amp;__tn__=*NK-R\">#metroredes<\/a><a href=\"https:\/\/www.facebook.com\/hashtag\/congresogt?__eep__=6&amp;__cft__[0]=AZV0UMBf1nUcz6-b7dkQHueNzuoBZpzvx_KpxPCZu-ARu54KKzbcoH2Os28onR8_stJTuFQOt6D6YaRCLDWiVEi6E2T0La_YWS_BTNw9WIj3p7ufcWdOLcBiSj0RsXGvy6Z7QjXR_PzY59NcWgL5-kV7tR-eGss7h5M1mhcDO9UKLroMAyFCrkS7eIAd5MmkiSM&amp;__tn__=*NK-R\">#CongresoGT<\/a><a href=\"https:\/\/www.facebook.com\/hashtag\/maga?__eep__=6&amp;__cft__[0]=AZV0UMBf1nUcz6-b7dkQHueNzuoBZpzvx_KpxPCZu-ARu54KKzbcoH2Os28onR8_stJTuFQOt6D6YaRCLDWiVEi6E2T0La_YWS_BTNw9WIj3p7ufcWdOLcBiSj0RsXGvy6Z7QjXR_PzY59NcWgL5-kV7tR-eGss7h5M1mhcDO9UKLroMAyFCrkS7eIAd5MmkiSM&amp;__tn__=*NK-R\">#Maga<\/a><\/p>\n\n\n\n<p><a href=\"https:\/\/www.facebook.com\/hashtag\/congresodelarepublicagt?__eep__=6&amp;__cft__[0]=AZV0UMBf1nUcz6-b7dkQHueNzuoBZpzvx_KpxPCZu-ARu54KKzbcoH2Os28onR8_stJTuFQOt6D6YaRCLDWiVEi6E2T0La_YWS_BTNw9WIj3p7ufcWdOLcBiSj0RsXGvy6Z7QjXR_PzY59NcWgL5-kV7tR-eGss7h5M1mhcDO9UKLroMAyFCrkS7eIAd5MmkiSM&amp;__tn__=*NK-R\">#CongresoDeLaRepublicagt<\/a>  www.metroredes.com  www.elescuintleco.com <\/p>\n\n\n\n<figure class=\"wp-block-gallery has-nested-images columns-default is-cropped wp-block-gallery-1 is-layout-flex wp-block-gallery-is-layout-flex\">\n<figure class=\"wp-block-image size-large\"><img loading=\"lazy\" decoding=\"async\" width=\"1024\" height=\"576\" data-id=\"78722\" src=\"https:\/\/elmetropolitano.com.gt\/es\/wp-content\/uploads\/2024\/02\/429757655_888070016652416_8626514145488020928_n-1-1024x576.jpg\" alt=\"\" class=\"wp-image-78722\" srcset=\"https:\/\/elmetropolitano.com.gt\/es\/wp-content\/uploads\/2024\/02\/429757655_888070016652416_8626514145488020928_n-1-1024x576.jpg 1024w, https:\/\/elmetropolitano.com.gt\/es\/wp-content\/uploads\/2024\/02\/429757655_888070016652416_8626514145488020928_n-1-300x169.jpg 300w, https:\/\/elmetropolitano.com.gt\/es\/wp-content\/uploads\/2024\/02\/429757655_888070016652416_8626514145488020928_n-1-768x432.jpg 768w, https:\/\/elmetropolitano.com.gt\/es\/wp-content\/uploads\/2024\/02\/429757655_888070016652416_8626514145488020928_n-1-1536x864.jpg 1536w, https:\/\/elmetropolitano.com.gt\/es\/wp-content\/uploads\/2024\/02\/429757655_888070016652416_8626514145488020928_n-1.jpg 1600w\" sizes=\"auto, (max-width: 1024px) 100vw, 1024px\" \/><\/figure>\n\n\n\n<figure class=\"wp-block-image size-large\"><img loading=\"lazy\" decoding=\"async\" width=\"1024\" height=\"576\" data-id=\"78723\" src=\"https:\/\/elmetropolitano.com.gt\/es\/wp-content\/uploads\/2024\/02\/429808652_888070026652415_572396780521281991_n-1024x576.jpg\" alt=\"\" class=\"wp-image-78723\" srcset=\"https:\/\/elmetropolitano.com.gt\/es\/wp-content\/uploads\/2024\/02\/429808652_888070026652415_572396780521281991_n-1024x576.jpg 1024w, https:\/\/elmetropolitano.com.gt\/es\/wp-content\/uploads\/2024\/02\/429808652_888070026652415_572396780521281991_n-300x169.jpg 300w, https:\/\/elmetropolitano.com.gt\/es\/wp-content\/uploads\/2024\/02\/429808652_888070026652415_572396780521281991_n-768x432.jpg 768w, https:\/\/elmetropolitano.com.gt\/es\/wp-content\/uploads\/2024\/02\/429808652_888070026652415_572396780521281991_n-1536x864.jpg 1536w, https:\/\/elmetropolitano.com.gt\/es\/wp-content\/uploads\/2024\/02\/429808652_888070026652415_572396780521281991_n.jpg 1600w\" sizes=\"auto, (max-width: 1024px) 100vw, 1024px\" \/><\/figure>\n<\/figure>\n","protected":false},"excerpt":{"rendered":"<p>Con el reto de transparentar la ejecuci\u00f3n presupuestaria del Ministerio de Agricultura, Ganader\u00eda y alimentaci\u00f3n (MAGA), el Presidente del Congreso, Nery Ramos se reuni\u00f3 con el encargado de esa cartera Mynor Estrada, la viceministra de Seguridad Alimentaria, Klemen Gamboa y la directora administrativa, Ingrid Osorio. La viceministra Gamboa se refiri\u00f3 a la asistencia humanitaria que <a class=\"read-more\" href=\"https:\/\/elmetropolitano.com.gt\/es\/maga-se-lleva-asistencia-humanitaria-para-pobladores\/\">Leer m\u00e1s<\/a><\/p>\n","protected":false},"author":1,"featured_media":78721,"comment_status":"open","ping_status":"closed","sticky":false,"template":"","format":"standard","meta":{"footnotes":""},"categories":[2],"tags":[12],"class_list":["post-78720","post","type-post","status-publish","format-standard","has-post-thumbnail","hentry","category-nacionales","tag-nacionales"],"_links":{"self":[{"href":"https:\/\/elmetropolitano.com.gt\/es\/wp-json\/wp\/v2\/posts\/78720","targetHints":{"allow":["GET"]}}],"collection":[{"href":"https:\/\/elmetropolitano.com.gt\/es\/wp-json\/wp\/v2\/posts"}],"about":[{"href":"https:\/\/elmetropolitano.com.gt\/es\/wp-json\/wp\/v2\/types\/post"}],"author":[{"embeddable":true,"href":"https:\/\/elmetropolitano.com.gt\/es\/wp-json\/wp\/v2\/users\/1"}],"replies":[{"embeddable":true,"href":"https:\/\/elmetropolitano.com.gt\/es\/wp-json\/wp\/v2\/comments?post=78720"}],"version-history":[{"count":1,"href":"https:\/\/elmetropolitano.com.gt\/es\/wp-json\/wp\/v2\/posts\/78720\/revisions"}],"predecessor-version":[{"id":78724,"href":"https:\/\/elmetropolitano.com.gt\/es\/wp-json\/wp\/v2\/posts\/78720\/revisions\/78724"}],"wp:featuredmedia":[{"embeddable":true,"href":"https:\/\/elmetropolitano.com.gt\/es\/wp-json\/wp\/v2\/media\/78721"}],"wp:attachment":[{"href":"https:\/\/elmetropolitano.com.gt\/es\/wp-json\/wp\/v2\/media?parent=78720"}],"wp:term":[{"taxonomy":"category","embeddable":true,"href":"https:\/\/elmetropolitano.com.gt\/es\/wp-json\/wp\/v2\/categories?post=78720"},{"taxonomy":"post_tag","embeddable":true,"href":"https:\/\/elmetropolitano.com.gt\/es\/wp-json\/wp\/v2\/tags?post=78720"}],"curies":[{"name":"wp","href":"https:\/\/api.w.org\/{rel}","templated":true}]}}