{"id":78760,"date":"2024-02-26T09:21:35","date_gmt":"2024-02-26T15:21:35","guid":{"rendered":"https:\/\/elmetropolitano.com.gt\/es\/?p=78760"},"modified":"2024-02-26T09:26:47","modified_gmt":"2024-02-26T15:26:47","slug":"cambio-de-la-rosa-de-la-paz-en-homenaje-a-las-victimas-del-conflicto-armado-interno","status":"publish","type":"post","link":"https:\/\/elmetropolitano.com.gt\/es\/cambio-de-la-rosa-de-la-paz-en-homenaje-a-las-victimas-del-conflicto-armado-interno\/","title":{"rendered":"Cambio de la Rosa de la Paz en homenaje a las v\u00edctimas del conflicto armado interno"},"content":{"rendered":"\n<p>En el marco de la conmemoraci\u00f3n del D\u00eda Nacional de la Dignificaci\u00f3n de las V\u00edctimas del Conflicto Armado Interno, este 25 de febrero se cambi\u00f3 la Rosa de la Paz en el Palacio Nacional de la Cultura.<\/p>\n\n\n\n<p>Elvia Antonieta Sep Quej fue la encargada de hacer la renovaci\u00f3n de la rosa, en representaci\u00f3n de las victimas y sobrevivientes de este acto que enluta a miles de familias guatemaltecas. La nueva <a><\/a>mensajera de la paz dijo sentirse agradecida por la distinci\u00f3n, reconocimiento importante en este d\u00eda en el que se honra la memoria de los seres queridos desaparecidos.<\/p><div class=\"elmet-contenido\" id=\"elmet-2227092867\"><div class=\"elmet-adlabel\">Anuncios<\/div><div style=\"margin-top: 20px;margin-right: 20px;margin-bottom: 20px;margin-left: 20px;\" id=\"elmet-3756286791\"><a href=\"https:\/\/www.facebook.com\/arrincuanantigua\/\" aria-label=\"cintillo-arrin-cual\"><img loading=\"lazy\" decoding=\"async\" src=\"https:\/\/elmetropolitano.com.gt\/es\/wp-content\/uploads\/2021\/11\/cintillo-arrin-cual-1.jpg\" alt=\"\"  srcset=\"https:\/\/elmetropolitano.com.gt\/es\/wp-content\/uploads\/2021\/11\/cintillo-arrin-cual-1.jpg 750w, https:\/\/elmetropolitano.com.gt\/es\/wp-content\/uploads\/2021\/11\/cintillo-arrin-cual-1-300x36.jpg 300w, https:\/\/elmetropolitano.com.gt\/es\/wp-content\/uploads\/2021\/11\/cintillo-arrin-cual-1-600x72.jpg 600w\" sizes=\"(max-width: 750px) 100vw, 750px\" width=\"750\" height=\"90\"   \/><\/a><\/div><\/div>\n\n\n\n<p>En tal sentido, dijo Antonieta Sep Quej que las \u201cv\u00edctimas del conflicto armado interno no podemos olvidar lo que sucedi\u00f3 y seguimos luchando por nuestros derechos a la verdad, justicia, reparaci\u00f3n y no repetici\u00f3n\u201d<\/p>\n\n\n\n<p>Desde el Organismo Ejecutivo se fortalece el compromiso para mejorar los esfuerzos en busca de sentar bases que den paso a un pa\u00eds en el que se respete la dignidad de todos, con la determinaci\u00f3n de hacer que entre los guatemaltecos prevalezca La Paz<\/p>\n\n\n\n<p>Desaf\u00edos y compromisos<\/p>\n\n\n\n<p>Por su parte, la ministra de Cultura y Deportes Liwy Grazioso Sierra destac\u00f3 que el Gobierno tiene muchos desaf\u00edos por enfrentar y refrend\u00f3 el compromiso del Ejecutivo de velar por todas estas personas.<\/p>\n\n\n\n<p>Mencion\u00f3 que el cambio de la Rosa de la Paz hace homenaje a todas aquellas personas y familias que sufrieron a ra\u00edz del conflicto en el que se violentaron sus derechos.<\/p>\n\n\n\n<p>Desde el Ministerio de Cultura y Deportes se entrega este reconocimiento en conmemoraci\u00f3n de la firma del Acuerdo de Paz Firme y Duradera en el Patio de la Paz, el 19 de diciembre de 1996.<\/p>\n\n\n\n<p>En este marco se institucionaliz\u00f3 el Cambio de la Rosa de la Paz. Esto se otorga a personas o instituciones nacionales o extranjeras que por medio de su trabajo y acciones promueven la cultura en Guatemala y en sus comunidades<\/p>\n\n\n\n<p>Texto Yuliza Mu\u00f1oz<\/p>\n\n\n\n<p><a href=\"https:\/\/www.facebook.com\/hashtag\/rosadelapaz?__eep__=6&amp;__cft__[0]=AZUmskjI07f5Ewh5Xk5OYMse4XBO7XlaUV-G7Ju3cJKgonSjIvYcvOdU7c_dpYOp_Jjx4TGlPnObsm2R3ew40XJ7LCO1MvJKkecDGp3I8625oCo-QO3JRpzY2ANDj_tomYjS5LYWprHrrHue0i-ducSxQFTQBhpmdShkv9E3XQjWYC4XhO-gJx7_9_J9ENzONXs&amp;__tn__=*NK-R\">#rosadelapaz<\/a><a href=\"https:\/\/www.facebook.com\/hashtag\/metroredes?__eep__=6&amp;__cft__[0]=AZUmskjI07f5Ewh5Xk5OYMse4XBO7XlaUV-G7Ju3cJKgonSjIvYcvOdU7c_dpYOp_Jjx4TGlPnObsm2R3ew40XJ7LCO1MvJKkecDGp3I8625oCo-QO3JRpzY2ANDj_tomYjS5LYWprHrrHue0i-ducSxQFTQBhpmdShkv9E3XQjWYC4XhO-gJx7_9_J9ENzONXs&amp;__tn__=*NK-R\">#metroredes<\/a>  www.metroredes.com  www.elecuintleco.com <\/p>\n\n\n\n<figure class=\"wp-block-gallery has-nested-images columns-default is-cropped wp-block-gallery-1 is-layout-flex wp-block-gallery-is-layout-flex\">\n<figure class=\"wp-block-image size-large\"><img loading=\"lazy\" decoding=\"async\" width=\"1024\" height=\"683\" data-id=\"78764\" src=\"https:\/\/elmetropolitano.com.gt\/es\/wp-content\/uploads\/2024\/02\/429789929_888895026569915_3678160150178733956_n-1024x683.jpg\" alt=\"\" class=\"wp-image-78764\" srcset=\"https:\/\/elmetropolitano.com.gt\/es\/wp-content\/uploads\/2024\/02\/429789929_888895026569915_3678160150178733956_n-1024x683.jpg 1024w, https:\/\/elmetropolitano.com.gt\/es\/wp-content\/uploads\/2024\/02\/429789929_888895026569915_3678160150178733956_n-300x200.jpg 300w, https:\/\/elmetropolitano.com.gt\/es\/wp-content\/uploads\/2024\/02\/429789929_888895026569915_3678160150178733956_n-768x512.jpg 768w, https:\/\/elmetropolitano.com.gt\/es\/wp-content\/uploads\/2024\/02\/429789929_888895026569915_3678160150178733956_n-1536x1024.jpg 1536w, https:\/\/elmetropolitano.com.gt\/es\/wp-content\/uploads\/2024\/02\/429789929_888895026569915_3678160150178733956_n.jpg 1600w\" sizes=\"auto, (max-width: 1024px) 100vw, 1024px\" \/><\/figure>\n\n\n\n<figure class=\"wp-block-image size-large\"><img loading=\"lazy\" decoding=\"async\" width=\"1024\" height=\"607\" data-id=\"78765\" src=\"https:\/\/elmetropolitano.com.gt\/es\/wp-content\/uploads\/2024\/02\/429889569_888895046569913_3775073773833305424_n-1024x607.jpg\" alt=\"\" class=\"wp-image-78765\" srcset=\"https:\/\/elmetropolitano.com.gt\/es\/wp-content\/uploads\/2024\/02\/429889569_888895046569913_3775073773833305424_n-1024x607.jpg 1024w, https:\/\/elmetropolitano.com.gt\/es\/wp-content\/uploads\/2024\/02\/429889569_888895046569913_3775073773833305424_n-300x178.jpg 300w, https:\/\/elmetropolitano.com.gt\/es\/wp-content\/uploads\/2024\/02\/429889569_888895046569913_3775073773833305424_n-768x455.jpg 768w, https:\/\/elmetropolitano.com.gt\/es\/wp-content\/uploads\/2024\/02\/429889569_888895046569913_3775073773833305424_n-1536x910.jpg 1536w, https:\/\/elmetropolitano.com.gt\/es\/wp-content\/uploads\/2024\/02\/429889569_888895046569913_3775073773833305424_n.jpg 1600w\" sizes=\"auto, (max-width: 1024px) 100vw, 1024px\" \/><\/figure>\n<\/figure>\n","protected":false},"excerpt":{"rendered":"<p>En el marco de la conmemoraci\u00f3n del D\u00eda Nacional de la Dignificaci\u00f3n de las V\u00edctimas del Conflicto Armado Interno, este 25 de febrero se cambi\u00f3 la Rosa de la Paz en el Palacio Nacional de la Cultura. Elvia Antonieta Sep Quej fue la encargada de hacer la renovaci\u00f3n de la rosa, en representaci\u00f3n de las <a class=\"read-more\" href=\"https:\/\/elmetropolitano.com.gt\/es\/cambio-de-la-rosa-de-la-paz-en-homenaje-a-las-victimas-del-conflicto-armado-interno\/\">Leer m\u00e1s<\/a><\/p>\n","protected":false},"author":1,"featured_media":78761,"comment_status":"open","ping_status":"closed","sticky":false,"template":"","format":"standard","meta":{"footnotes":""},"categories":[2],"tags":[12],"class_list":["post-78760","post","type-post","status-publish","format-standard","has-post-thumbnail","hentry","category-nacionales","tag-nacionales"],"_links":{"self":[{"href":"https:\/\/elmetropolitano.com.gt\/es\/wp-json\/wp\/v2\/posts\/78760","targetHints":{"allow":["GET"]}}],"collection":[{"href":"https:\/\/elmetropolitano.com.gt\/es\/wp-json\/wp\/v2\/posts"}],"about":[{"href":"https:\/\/elmetropolitano.com.gt\/es\/wp-json\/wp\/v2\/types\/post"}],"author":[{"embeddable":true,"href":"https:\/\/elmetropolitano.com.gt\/es\/wp-json\/wp\/v2\/users\/1"}],"replies":[{"embeddable":true,"href":"https:\/\/elmetropolitano.com.gt\/es\/wp-json\/wp\/v2\/comments?post=78760"}],"version-history":[{"count":2,"href":"https:\/\/elmetropolitano.com.gt\/es\/wp-json\/wp\/v2\/posts\/78760\/revisions"}],"predecessor-version":[{"id":78766,"href":"https:\/\/elmetropolitano.com.gt\/es\/wp-json\/wp\/v2\/posts\/78760\/revisions\/78766"}],"wp:featuredmedia":[{"embeddable":true,"href":"https:\/\/elmetropolitano.com.gt\/es\/wp-json\/wp\/v2\/media\/78761"}],"wp:attachment":[{"href":"https:\/\/elmetropolitano.com.gt\/es\/wp-json\/wp\/v2\/media?parent=78760"}],"wp:term":[{"taxonomy":"category","embeddable":true,"href":"https:\/\/elmetropolitano.com.gt\/es\/wp-json\/wp\/v2\/categories?post=78760"},{"taxonomy":"post_tag","embeddable":true,"href":"https:\/\/elmetropolitano.com.gt\/es\/wp-json\/wp\/v2\/tags?post=78760"}],"curies":[{"name":"wp","href":"https:\/\/api.w.org\/{rel}","templated":true}]}}