{"id":78862,"date":"2024-02-28T10:51:48","date_gmt":"2024-02-28T16:51:48","guid":{"rendered":"https:\/\/elmetropolitano.com.gt\/es\/?p=78862"},"modified":"2024-02-28T10:51:49","modified_gmt":"2024-02-28T16:51:49","slug":"boxeador-denzel-trujillo-viaja-a-italia-a-buscan-la-clasificacion-a-los-olimpicos-de-paris","status":"publish","type":"post","link":"https:\/\/elmetropolitano.com.gt\/es\/boxeador-denzel-trujillo-viaja-a-italia-a-buscan-la-clasificacion-a-los-olimpicos-de-paris\/","title":{"rendered":"Boxeador Denzel Trujillo Viaja a Italia a buscan la clasificaci\u00f3n a los ol\u00edmpicos de Paris"},"content":{"rendered":"\n<p>El Boxeador guatemalteco Wyatt Denzel Trujillo Seleccionado Nacional de Boxeo viaj\u00f3 hoy a las 18:00 horas rumbo a Busto Arsizo, Italia con el objetivo de buscar su clarificaci\u00f3n a los Juegos Ol\u00edmpicos de Paris, Francia 2,024, despu\u00e9s de una preparaci\u00f3n con mucha exigencia en la provincia de Las Tunas, Cuba.<\/p>\n\n\n\n<p>Con la meta de clasificar y cumplir su sue\u00f1o de estar en unos Juegos Ol\u00edmpicos Wyatt Denzel subir\u00e1 al Cuadril\u00e1tero el 03 al 11 de Marzo donde dar\u00e1 el todo por el todo para cumplir ese gran sue\u00f1o, \u00e9xitos para este muchacho de 20 a\u00f1os de edad y que pelea en la categor\u00eda de 80 kilos 176 libras Semi-Pesado con 1.88 de estatura.<\/p><div class=\"elmet-contenido\" id=\"elmet-3421303009\"><div class=\"elmet-adlabel\">Anuncios<\/div><div style=\"margin-top: 20px;margin-right: 20px;margin-bottom: 20px;margin-left: 20px;\" id=\"elmet-3937306053\"><a href=\"https:\/\/www.facebook.com\/arrincuanantigua\/\" aria-label=\"cintillo-arrin-cual\"><img loading=\"lazy\" decoding=\"async\" src=\"https:\/\/elmetropolitano.com.gt\/es\/wp-content\/uploads\/2021\/11\/cintillo-arrin-cual-1.jpg\" alt=\"\"  srcset=\"https:\/\/elmetropolitano.com.gt\/es\/wp-content\/uploads\/2021\/11\/cintillo-arrin-cual-1.jpg 750w, https:\/\/elmetropolitano.com.gt\/es\/wp-content\/uploads\/2021\/11\/cintillo-arrin-cual-1-300x36.jpg 300w, https:\/\/elmetropolitano.com.gt\/es\/wp-content\/uploads\/2021\/11\/cintillo-arrin-cual-1-600x72.jpg 600w\" sizes=\"(max-width: 750px) 100vw, 750px\" width=\"750\" height=\"90\"   \/><\/a><\/div><\/div>\n\n\n\n<p><a href=\"https:\/\/www.facebook.com\/hashtag\/boxeo?__eep__=6&amp;__cft__[0]=AZX7f5GSHxVfYQPGVyQe9d638o3tvK6pcp1lfs5g35zAAeViNbRVzotecx1Dl0mkThffKFqJdQgIyZLLt1C0xTKBHq2RKjI_cOSbW3j1UFZu9dm4bK7bAjV4wHnEdMKAN0N4j9CI3VvcFQdSgUtb6z5TuXZLTtm1tAzxqZ3hBz40ojmceZLS8anj2u_0h10r36w&amp;__tn__=*NK-R\">#boxeo<\/a><a href=\"https:\/\/www.facebook.com\/hashtag\/metroredes?__eep__=6&amp;__cft__[0]=AZX7f5GSHxVfYQPGVyQe9d638o3tvK6pcp1lfs5g35zAAeViNbRVzotecx1Dl0mkThffKFqJdQgIyZLLt1C0xTKBHq2RKjI_cOSbW3j1UFZu9dm4bK7bAjV4wHnEdMKAN0N4j9CI3VvcFQdSgUtb6z5TuXZLTtm1tAzxqZ3hBz40ojmceZLS8anj2u_0h10r36w&amp;__tn__=*NK-R\">#metroredes<\/a><a href=\"https:\/\/www.facebook.com\/hashtag\/orgullochapin?__eep__=6&amp;__cft__[0]=AZX7f5GSHxVfYQPGVyQe9d638o3tvK6pcp1lfs5g35zAAeViNbRVzotecx1Dl0mkThffKFqJdQgIyZLLt1C0xTKBHq2RKjI_cOSbW3j1UFZu9dm4bK7bAjV4wHnEdMKAN0N4j9CI3VvcFQdSgUtb6z5TuXZLTtm1tAzxqZ3hBz40ojmceZLS8anj2u_0h10r36w&amp;__tn__=*NK-R\">#OrgulloChapin<\/a><\/p>\n\n\n\n<p><a href=\"https:\/\/l.facebook.com\/l.php?u=http%3A%2F%2FWww.elmetropolitano.com.gt%2F%3Ffbclid%3DIwAR28A5cIZJLIjPc26-DBsc6tZ3T53SrdS9NrVEpR5fVKnTUFdacBXoimNt8&amp;h=AT2VCuRu0aM10_Qf-mQcrJMC5KVy43MS-Hd_WlLXV1e4lvFFK3eh27PIusy3wDC2rTyI0Qe3SP9Ik439qZbE5Mbmg-G7V8_2KTWLPwNMTIE-vioUeRkPYnxBvcDB5PELLO4i&amp;__tn__=-UK-R&amp;c[0]=AT2M9cw-bfnjnMdiy8Bgyt3NX3UxGMtONbSGUiJPtmyIdasjKv5ywZ53B4OSEBgNRPq1i7v-xNSKYAZozV-Xsyg5AOaeCEpt2ZfxNEW_rYUuiuasvQrAIcRCPr9aLhGylqTvMRX9ZTzzW47vHE3h4jsTbA-uP4Tp3Kh35Gk16V2kdTNWZ8937AY5IfnbJ9R_ayTfNFIitedi\" target=\"_blank\" rel=\"noreferrer noopener\">Www.elmetropolitano.com.gt<\/a>  www.metroredes.com  <\/p>\n\n\n\n<figure class=\"wp-block-gallery has-nested-images columns-default is-cropped wp-block-gallery-1 is-layout-flex wp-block-gallery-is-layout-flex\">\n<figure class=\"wp-block-image size-large\"><img loading=\"lazy\" decoding=\"async\" width=\"576\" height=\"1024\" data-id=\"78865\" src=\"https:\/\/elmetropolitano.com.gt\/es\/wp-content\/uploads\/2024\/02\/429919364_890166683109416_5609283520815147928_n-576x1024.jpg\" alt=\"\" class=\"wp-image-78865\" srcset=\"https:\/\/elmetropolitano.com.gt\/es\/wp-content\/uploads\/2024\/02\/429919364_890166683109416_5609283520815147928_n-576x1024.jpg 576w, https:\/\/elmetropolitano.com.gt\/es\/wp-content\/uploads\/2024\/02\/429919364_890166683109416_5609283520815147928_n-169x300.jpg 169w, https:\/\/elmetropolitano.com.gt\/es\/wp-content\/uploads\/2024\/02\/429919364_890166683109416_5609283520815147928_n.jpg 720w\" sizes=\"auto, (max-width: 576px) 100vw, 576px\" \/><\/figure>\n\n\n\n<figure class=\"wp-block-image size-large\"><img loading=\"lazy\" decoding=\"async\" width=\"768\" height=\"1024\" data-id=\"78866\" src=\"https:\/\/elmetropolitano.com.gt\/es\/wp-content\/uploads\/2024\/02\/430028800_890166676442750_5763136676722221990_n-2-768x1024.jpg\" alt=\"\" class=\"wp-image-78866\" srcset=\"https:\/\/elmetropolitano.com.gt\/es\/wp-content\/uploads\/2024\/02\/430028800_890166676442750_5763136676722221990_n-2-768x1024.jpg 768w, https:\/\/elmetropolitano.com.gt\/es\/wp-content\/uploads\/2024\/02\/430028800_890166676442750_5763136676722221990_n-2-225x300.jpg 225w, https:\/\/elmetropolitano.com.gt\/es\/wp-content\/uploads\/2024\/02\/430028800_890166676442750_5763136676722221990_n-2.jpg 960w\" sizes=\"auto, (max-width: 768px) 100vw, 768px\" \/><\/figure>\n<\/figure>\n","protected":false},"excerpt":{"rendered":"<p>El Boxeador guatemalteco Wyatt Denzel Trujillo Seleccionado Nacional de Boxeo viaj\u00f3 hoy a las 18:00 horas rumbo a Busto Arsizo, Italia con el objetivo de buscar su clarificaci\u00f3n a los Juegos Ol\u00edmpicos de Paris, Francia 2,024, despu\u00e9s de una preparaci\u00f3n con mucha exigencia en la provincia de Las Tunas, Cuba. Con la meta de clasificar <a class=\"read-more\" href=\"https:\/\/elmetropolitano.com.gt\/es\/boxeador-denzel-trujillo-viaja-a-italia-a-buscan-la-clasificacion-a-los-olimpicos-de-paris\/\">Leer m\u00e1s<\/a><\/p>\n","protected":false},"author":1,"featured_media":78864,"comment_status":"open","ping_status":"closed","sticky":false,"template":"","format":"standard","meta":{"footnotes":""},"categories":[43],"tags":[44],"class_list":["post-78862","post","type-post","status-publish","format-standard","has-post-thumbnail","hentry","category-deportes","tag-deportes"],"_links":{"self":[{"href":"https:\/\/elmetropolitano.com.gt\/es\/wp-json\/wp\/v2\/posts\/78862","targetHints":{"allow":["GET"]}}],"collection":[{"href":"https:\/\/elmetropolitano.com.gt\/es\/wp-json\/wp\/v2\/posts"}],"about":[{"href":"https:\/\/elmetropolitano.com.gt\/es\/wp-json\/wp\/v2\/types\/post"}],"author":[{"embeddable":true,"href":"https:\/\/elmetropolitano.com.gt\/es\/wp-json\/wp\/v2\/users\/1"}],"replies":[{"embeddable":true,"href":"https:\/\/elmetropolitano.com.gt\/es\/wp-json\/wp\/v2\/comments?post=78862"}],"version-history":[{"count":1,"href":"https:\/\/elmetropolitano.com.gt\/es\/wp-json\/wp\/v2\/posts\/78862\/revisions"}],"predecessor-version":[{"id":78867,"href":"https:\/\/elmetropolitano.com.gt\/es\/wp-json\/wp\/v2\/posts\/78862\/revisions\/78867"}],"wp:featuredmedia":[{"embeddable":true,"href":"https:\/\/elmetropolitano.com.gt\/es\/wp-json\/wp\/v2\/media\/78864"}],"wp:attachment":[{"href":"https:\/\/elmetropolitano.com.gt\/es\/wp-json\/wp\/v2\/media?parent=78862"}],"wp:term":[{"taxonomy":"category","embeddable":true,"href":"https:\/\/elmetropolitano.com.gt\/es\/wp-json\/wp\/v2\/categories?post=78862"},{"taxonomy":"post_tag","embeddable":true,"href":"https:\/\/elmetropolitano.com.gt\/es\/wp-json\/wp\/v2\/tags?post=78862"}],"curies":[{"name":"wp","href":"https:\/\/api.w.org\/{rel}","templated":true}]}}