{"id":78880,"date":"2024-02-28T11:32:06","date_gmt":"2024-02-28T17:32:06","guid":{"rendered":"https:\/\/elmetropolitano.com.gt\/es\/?p=78880"},"modified":"2024-02-28T11:32:07","modified_gmt":"2024-02-28T17:32:07","slug":"coban-imperial-golea-a-comunicaciones-3-0","status":"publish","type":"post","link":"https:\/\/elmetropolitano.com.gt\/es\/coban-imperial-golea-a-comunicaciones-3-0\/","title":{"rendered":"Cob\u00e1n Imperial golea a Comunicaciones 3-0"},"content":{"rendered":"\n<p>Comunicaciones fue derrotado con autoridad por Cob\u00e1n Imperial en su visita al Estadio Jos\u00e9 \u00c1ngel Rossi, en una exhibici\u00f3n de los pr\u00edncipes azules.<\/p>\n\n\n\n<p>El <a><\/a>cuadro departamental hizo valer su local\u00eda y le peg\u00f3 al actual campe\u00f3n nacional en una goleada de 3-0 para afianzarse a\u00fan m\u00e1s al liderato de la tabla general del Clausura 2024, adem\u00e1s de alargar su invicto de local.<\/p><div class=\"elmet-contenido\" id=\"elmet-3283561342\"><div class=\"elmet-adlabel\">Anuncios<\/div><div style=\"margin-top: 20px;margin-right: 20px;margin-bottom: 20px;margin-left: 20px;\" id=\"elmet-1861652441\"><a href=\"https:\/\/www.facebook.com\/arrincuanantigua\/\" aria-label=\"cintillo-arrin-cual\"><img loading=\"lazy\" decoding=\"async\" src=\"https:\/\/elmetropolitano.com.gt\/es\/wp-content\/uploads\/2021\/11\/cintillo-arrin-cual-1.jpg\" alt=\"\"  srcset=\"https:\/\/elmetropolitano.com.gt\/es\/wp-content\/uploads\/2021\/11\/cintillo-arrin-cual-1.jpg 750w, https:\/\/elmetropolitano.com.gt\/es\/wp-content\/uploads\/2021\/11\/cintillo-arrin-cual-1-300x36.jpg 300w, https:\/\/elmetropolitano.com.gt\/es\/wp-content\/uploads\/2021\/11\/cintillo-arrin-cual-1-600x72.jpg 600w\" sizes=\"(max-width: 750px) 100vw, 750px\" width=\"750\" height=\"90\"   \/><\/a><\/div><\/div>\n\n\n\n<p>Por su parte, los cremas sufren su primera derrota en lo que va del torneo, cayendo hasta la cuarta posici\u00f3n a falta de que se disputen el resto de los partidos correspondientes a la octava jornada.<\/p>\n\n\n\n<p>Celebran los pr\u00edncipes azules<\/p>\n\n\n\n<p>Comunicaciones lleg\u00f3 a este encuentro con la posibilidad de luchar por el liderato, para ello deb\u00edan ganarle a Cob\u00e1n en su visita al norte del pa\u00eds.<\/p>\n\n\n\n<p>Por su parte, los pr\u00edncipes azules intentar\u00edan afianzarse al liderato derrotando al actual campe\u00f3n de la Liga Nacional en un apasionante duelo.<\/p>\n\n\n\n<p>La alegr\u00eda para los locales, no se tard\u00f3 en llegar. Edwin Denilson Bol rompi\u00f3 la igualdad a las primeras de cambio, luego de batir al meta capitalino a los 9 minutos para adelantar al cuadro departamental.<\/p>\n\n\n\n<p>El equipo cobanero no quit\u00f3 el pie del acelerador y ampli\u00f3 la ventaja al minuto 21 gracias a Diego Casas, para culminar la primera mitad, con una ventaja para los del interior del pa\u00eds.<\/p>\n\n\n\n<p>Ya en la segunda mitad, Cob\u00e1n dio el golpe de gracia, nuevamente por la v\u00eda de Diego Casas al minuto 49. De esta manera, Comunicaciones pierde el invicto en el torneo local y tendr\u00e1 que esperar a que sus rivales culminen la jornada, para ver en qu\u00e9 lugar queda finalmente luego de siete encuentros disputados.<\/p>\n\n\n\n<p>Texto: Josu\u00e9 David Acevedo Rivas<\/p>\n\n\n\n<p><a href=\"https:\/\/www.facebook.com\/hashtag\/metroredes?__eep__=6&amp;__cft__[0]=AZV4nfGinkOCJHjy5jdJBfFraFYgN6iby54IqME2r0_nN4UUgMBhDz-K0cJFWwGRGgMzQsPbHEYrnyb1YGupY1cykXAqvSOYfFonWbW9WCHZYhj930MTIjVA7rQzTTUnXR4nEThJBclICEa3j1toW6xRUWBKN3SvDR4kY4QosejF3tGeemn4qAxRCeNrRkmnjgc&amp;__tn__=*NK-R\">#metroredes<\/a><a href=\"https:\/\/www.facebook.com\/hashtag\/cobanimperial?__eep__=6&amp;__cft__[0]=AZV4nfGinkOCJHjy5jdJBfFraFYgN6iby54IqME2r0_nN4UUgMBhDz-K0cJFWwGRGgMzQsPbHEYrnyb1YGupY1cykXAqvSOYfFonWbW9WCHZYhj930MTIjVA7rQzTTUnXR4nEThJBclICEa3j1toW6xRUWBKN3SvDR4kY4QosejF3tGeemn4qAxRCeNrRkmnjgc&amp;__tn__=*NK-R\">#CobanImperial<\/a><a href=\"https:\/\/www.facebook.com\/hashtag\/cremas?__eep__=6&amp;__cft__[0]=AZV4nfGinkOCJHjy5jdJBfFraFYgN6iby54IqME2r0_nN4UUgMBhDz-K0cJFWwGRGgMzQsPbHEYrnyb1YGupY1cykXAqvSOYfFonWbW9WCHZYhj930MTIjVA7rQzTTUnXR4nEThJBclICEa3j1toW6xRUWBKN3SvDR4kY4QosejF3tGeemn4qAxRCeNrRkmnjgc&amp;__tn__=*NK-R\">#Cremas<\/a><a href=\"https:\/\/www.facebook.com\/hashtag\/futbol?__eep__=6&amp;__cft__[0]=AZV4nfGinkOCJHjy5jdJBfFraFYgN6iby54IqME2r0_nN4UUgMBhDz-K0cJFWwGRGgMzQsPbHEYrnyb1YGupY1cykXAqvSOYfFonWbW9WCHZYhj930MTIjVA7rQzTTUnXR4nEThJBclICEa3j1toW6xRUWBKN3SvDR4kY4QosejF3tGeemn4qAxRCeNrRkmnjgc&amp;__tn__=*NK-R\">#futbol<\/a>  www.metroredes.com <\/p>\n\n\n\n<figure class=\"wp-block-gallery has-nested-images columns-default is-cropped wp-block-gallery-1 is-layout-flex wp-block-gallery-is-layout-flex\">\n<figure class=\"wp-block-image size-large\"><img loading=\"lazy\" decoding=\"async\" width=\"931\" height=\"780\" data-id=\"78882\" src=\"https:\/\/elmetropolitano.com.gt\/es\/wp-content\/uploads\/2024\/02\/429663991_890199186439499_2754717155506239176_n.jpg\" alt=\"\" class=\"wp-image-78882\" srcset=\"https:\/\/elmetropolitano.com.gt\/es\/wp-content\/uploads\/2024\/02\/429663991_890199186439499_2754717155506239176_n.jpg 931w, https:\/\/elmetropolitano.com.gt\/es\/wp-content\/uploads\/2024\/02\/429663991_890199186439499_2754717155506239176_n-300x251.jpg 300w, https:\/\/elmetropolitano.com.gt\/es\/wp-content\/uploads\/2024\/02\/429663991_890199186439499_2754717155506239176_n-768x643.jpg 768w\" sizes=\"auto, (max-width: 931px) 100vw, 931px\" \/><\/figure>\n\n\n\n<figure class=\"wp-block-image size-large\"><img loading=\"lazy\" decoding=\"async\" width=\"930\" height=\"780\" data-id=\"78883\" src=\"https:\/\/elmetropolitano.com.gt\/es\/wp-content\/uploads\/2024\/02\/429678540_890199233106161_7477213763962621033_n.jpg\" alt=\"\" class=\"wp-image-78883\" srcset=\"https:\/\/elmetropolitano.com.gt\/es\/wp-content\/uploads\/2024\/02\/429678540_890199233106161_7477213763962621033_n.jpg 930w, https:\/\/elmetropolitano.com.gt\/es\/wp-content\/uploads\/2024\/02\/429678540_890199233106161_7477213763962621033_n-300x252.jpg 300w, https:\/\/elmetropolitano.com.gt\/es\/wp-content\/uploads\/2024\/02\/429678540_890199233106161_7477213763962621033_n-768x644.jpg 768w\" sizes=\"auto, (max-width: 930px) 100vw, 930px\" \/><\/figure>\n<\/figure>\n","protected":false},"excerpt":{"rendered":"<p>Comunicaciones fue derrotado con autoridad por Cob\u00e1n Imperial en su visita al Estadio Jos\u00e9 \u00c1ngel Rossi, en una exhibici\u00f3n de los pr\u00edncipes azules. El cuadro departamental hizo valer su local\u00eda y le peg\u00f3 al actual campe\u00f3n nacional en una goleada de 3-0 para afianzarse a\u00fan m\u00e1s al liderato de la tabla general del Clausura 2024, <a class=\"read-more\" href=\"https:\/\/elmetropolitano.com.gt\/es\/coban-imperial-golea-a-comunicaciones-3-0\/\">Leer m\u00e1s<\/a><\/p>\n","protected":false},"author":1,"featured_media":78881,"comment_status":"open","ping_status":"closed","sticky":false,"template":"","format":"standard","meta":{"footnotes":""},"categories":[43],"tags":[44],"class_list":["post-78880","post","type-post","status-publish","format-standard","has-post-thumbnail","hentry","category-deportes","tag-deportes"],"_links":{"self":[{"href":"https:\/\/elmetropolitano.com.gt\/es\/wp-json\/wp\/v2\/posts\/78880","targetHints":{"allow":["GET"]}}],"collection":[{"href":"https:\/\/elmetropolitano.com.gt\/es\/wp-json\/wp\/v2\/posts"}],"about":[{"href":"https:\/\/elmetropolitano.com.gt\/es\/wp-json\/wp\/v2\/types\/post"}],"author":[{"embeddable":true,"href":"https:\/\/elmetropolitano.com.gt\/es\/wp-json\/wp\/v2\/users\/1"}],"replies":[{"embeddable":true,"href":"https:\/\/elmetropolitano.com.gt\/es\/wp-json\/wp\/v2\/comments?post=78880"}],"version-history":[{"count":1,"href":"https:\/\/elmetropolitano.com.gt\/es\/wp-json\/wp\/v2\/posts\/78880\/revisions"}],"predecessor-version":[{"id":78884,"href":"https:\/\/elmetropolitano.com.gt\/es\/wp-json\/wp\/v2\/posts\/78880\/revisions\/78884"}],"wp:featuredmedia":[{"embeddable":true,"href":"https:\/\/elmetropolitano.com.gt\/es\/wp-json\/wp\/v2\/media\/78881"}],"wp:attachment":[{"href":"https:\/\/elmetropolitano.com.gt\/es\/wp-json\/wp\/v2\/media?parent=78880"}],"wp:term":[{"taxonomy":"category","embeddable":true,"href":"https:\/\/elmetropolitano.com.gt\/es\/wp-json\/wp\/v2\/categories?post=78880"},{"taxonomy":"post_tag","embeddable":true,"href":"https:\/\/elmetropolitano.com.gt\/es\/wp-json\/wp\/v2\/tags?post=78880"}],"curies":[{"name":"wp","href":"https:\/\/api.w.org\/{rel}","templated":true}]}}