{"id":78931,"date":"2024-02-29T10:31:00","date_gmt":"2024-02-29T16:31:00","guid":{"rendered":"https:\/\/elmetropolitano.com.gt\/es\/?p=78931"},"modified":"2024-02-29T10:31:01","modified_gmt":"2024-02-29T16:31:01","slug":"bohemia-suburbana-lanza-el-podcast-arando-e-hilando-para-celebrar-sus-32-anos","status":"publish","type":"post","link":"https:\/\/elmetropolitano.com.gt\/es\/bohemia-suburbana-lanza-el-podcast-arando-e-hilando-para-celebrar-sus-32-anos\/","title":{"rendered":"Bohemia Suburbana lanza el Podcast \u00abArando e Hilando\u00bb para celebrar sus 32 a\u00f1os"},"content":{"rendered":"\n<p>La legendaria banda de rock nacional, Bohemia Suburbana, da inicio a la celebraci\u00f3n de sus 32 a\u00f1os con el lanzamiento de \u00abArando e Hilando\u00bb, el podcast que recopila su biograf\u00eda oficial.<\/p>\n\n\n\n<p>A <a><\/a>partir del pr\u00f3ximo 28 de febrero, los seguidores y el p\u00fablico en general tendr\u00e1n la oportunidad de sumergirse en la historia y legado de la banda que ha cautivado al p\u00fablico durante m\u00e1s de tres d\u00e9cadas a trav\u00e9s de sus ic\u00f3nicas canciones.<\/p><div class=\"elmet-contenido\" id=\"elmet-3368753320\"><div class=\"elmet-adlabel\">Anuncios<\/div><div style=\"margin-top: 20px;margin-right: 20px;margin-bottom: 20px;margin-left: 20px;\" id=\"elmet-1774163404\"><a href=\"https:\/\/www.facebook.com\/arrincuanantigua\/\" aria-label=\"cintillo-arrin-cual\"><img loading=\"lazy\" decoding=\"async\" src=\"https:\/\/elmetropolitano.com.gt\/es\/wp-content\/uploads\/2021\/11\/cintillo-arrin-cual-1.jpg\" alt=\"\"  srcset=\"https:\/\/elmetropolitano.com.gt\/es\/wp-content\/uploads\/2021\/11\/cintillo-arrin-cual-1.jpg 750w, https:\/\/elmetropolitano.com.gt\/es\/wp-content\/uploads\/2021\/11\/cintillo-arrin-cual-1-300x36.jpg 300w, https:\/\/elmetropolitano.com.gt\/es\/wp-content\/uploads\/2021\/11\/cintillo-arrin-cual-1-600x72.jpg 600w\" sizes=\"(max-width: 750px) 100vw, 750px\" width=\"750\" height=\"90\"   \/><\/a><\/div><\/div>\n\n\n\n<p>\u201cPara Cerveza Gallo, una marca 100% guatemalteca, es un motivo de orgullo ser parte de la celebraci\u00f3n de m\u00e1s de tres d\u00e9cadas de \u00e9xito de una banda que ha colocado el nombre de Guatemala en alto. Es parte de nuestro ADN como marca promover y apoyar el talento nacional. As\u00ed que nos sentimos muy contentos de ser parte de esta celebraci\u00f3n\u201d, coment\u00f3 Ricardo Pontaza, Gerente de Marca Cerveza Gallo.<\/p>\n\n\n\n<p>\u00abArando e Hilando\u00bb no es simplemente un podcast conversacional; es un podcast biogr\u00e1fico, con estilo documental, que transportar\u00e1 a los oyentes a trav\u00e9s de cada una de las etapas fundamentales de la banda. Los textos y la edici\u00f3n estuvieron a cargo del periodista Luis \u00abPato\u00bb Molina, mientras que la narraci\u00f3n estar\u00e1 a cargo del reconocido locutor \u00abEl Fantasma\u00bb, quien, con su voz caracter\u00edstica, nos llevar\u00e1 en un viaje musical a trav\u00e9s del tiempo musical de Bohemia.<\/p>\n\n\n\n<p>Esta primera temporada contar\u00e1 con cinco episodios, que se revelar\u00e1n cada mi\u00e9rcoles a partir del 28 de febrero (Episodio 1 \u2013 mi\u00e9rcoles 28\/2, Episodio 2 \u2013 mi\u00e9rcoles 6\/3, Episodio 3 \u2013 mi\u00e9rcoles 13\/3, Episodio 4 &#8211; mi\u00e9rcoles 20\/3, Episodio 5 \u2013 mi\u00e9rcoles 27\/3).<\/p>\n\n\n\n<p>Pensando en el p\u00fablico en general, cada episodio tendr\u00e1 una duraci\u00f3n aproximada de entre 25 y 30 minutos, lo que lo convierte en un acompa\u00f1ante perfecto para cualquier momento del d\u00eda; ya sea en el carro, en el celular o en la plataforma favorita de podcasting.<\/p>\n\n\n\n<p>Paralelamente al lanzamiento del podcast, producido por los mismos integrantes de la banda, contin\u00faa la celebraci\u00f3n de sus 32 a\u00f1os con un evento especial: \u00abBohemia Suburbana Orqueastral\u00bb.<\/p>\n\n\n\n<p>Este concierto \u00fanico se llevar\u00e1 a cabo el pr\u00f3ximo viernes 1 de marzo en el Teatro Nacional Miguel \u00c1ngel Asturias, donde la banda se unir\u00e1 al Sistema de Orquestas de Guatemala (SOG), que cuenta con destacados m\u00fasicos guatemaltecos, as\u00ed como un coro conformado por sublimes voces.<\/p>\n\n\n\n<p>La invitaci\u00f3n est\u00e1 abierta para experimentar la reinvenci\u00f3n de la m\u00fasica con &#8216;Bohemia Suburbana Orqueastral&#8217;, un espect\u00e1culo que no solo redefine, sino que revitaliza la conexi\u00f3n entre la banda y su audiencia.<\/p>\n\n\n\n<p>Link a p\u00e1gina web del podcast con accesos a las plataformas donde estar\u00e1 disponible el podcast:<\/p>\n\n\n\n<figure class=\"wp-block-embed\"><div class=\"wp-block-embed__wrapper\">\nhttps:\/\/www.bohemiasuburbana.net\/podcastbs\n<\/div><\/figure>\n\n\n\n<p><a href=\"https:\/\/www.facebook.com\/hashtag\/metroredes?__eep__=6&amp;__cft__[0]=AZV9g17Qh3lRl_4EZ1awA_9RoJ_hdj490QuYoVVD6KkZNL9aZ2gvnTuhGUybBYQiYC0ZmtDh3ZABpSZvTd9CqogHFclLdbmezxdzZIJNmFO9VvcIExiVnu43ZmU9c8kgvBQGoZjq5qIkm8H4WaLsgQrBehKSzpTBWUwI901k1Bvax2t_1qdq4a7S7GE-jqeqSvE&amp;__tn__=*NK-R\">#metroredes<\/a><a href=\"https:\/\/www.facebook.com\/hashtag\/bohemiasuburbana?__eep__=6&amp;__cft__[0]=AZV9g17Qh3lRl_4EZ1awA_9RoJ_hdj490QuYoVVD6KkZNL9aZ2gvnTuhGUybBYQiYC0ZmtDh3ZABpSZvTd9CqogHFclLdbmezxdzZIJNmFO9VvcIExiVnu43ZmU9c8kgvBQGoZjq5qIkm8H4WaLsgQrBehKSzpTBWUwI901k1Bvax2t_1qdq4a7S7GE-jqeqSvE&amp;__tn__=*NK-R\">#BohemiaSuburbana<\/a><a href=\"https:\/\/www.facebook.com\/hashtag\/musicales?__eep__=6&amp;__cft__[0]=AZV9g17Qh3lRl_4EZ1awA_9RoJ_hdj490QuYoVVD6KkZNL9aZ2gvnTuhGUybBYQiYC0ZmtDh3ZABpSZvTd9CqogHFclLdbmezxdzZIJNmFO9VvcIExiVnu43ZmU9c8kgvBQGoZjq5qIkm8H4WaLsgQrBehKSzpTBWUwI901k1Bvax2t_1qdq4a7S7GE-jqeqSvE&amp;__tn__=*NK-R\">#musicales<\/a><\/p>\n\n\n\n<p><\/p>\n","protected":false},"excerpt":{"rendered":"<p>La legendaria banda de rock nacional, Bohemia Suburbana, da inicio a la celebraci\u00f3n de sus 32 a\u00f1os con el lanzamiento de \u00abArando e Hilando\u00bb, el podcast que recopila su biograf\u00eda oficial. A partir del pr\u00f3ximo 28 de febrero, los seguidores y el p\u00fablico en general tendr\u00e1n la oportunidad de sumergirse en la historia y legado <a class=\"read-more\" href=\"https:\/\/elmetropolitano.com.gt\/es\/bohemia-suburbana-lanza-el-podcast-arando-e-hilando-para-celebrar-sus-32-anos\/\">Leer m\u00e1s<\/a><\/p>\n","protected":false},"author":1,"featured_media":78932,"comment_status":"open","ping_status":"closed","sticky":false,"template":"","format":"standard","meta":{"footnotes":""},"categories":[22],"tags":[18],"class_list":["post-78931","post","type-post","status-publish","format-standard","has-post-thumbnail","hentry","category-espectaculos","tag-espectaculos"],"_links":{"self":[{"href":"https:\/\/elmetropolitano.com.gt\/es\/wp-json\/wp\/v2\/posts\/78931","targetHints":{"allow":["GET"]}}],"collection":[{"href":"https:\/\/elmetropolitano.com.gt\/es\/wp-json\/wp\/v2\/posts"}],"about":[{"href":"https:\/\/elmetropolitano.com.gt\/es\/wp-json\/wp\/v2\/types\/post"}],"author":[{"embeddable":true,"href":"https:\/\/elmetropolitano.com.gt\/es\/wp-json\/wp\/v2\/users\/1"}],"replies":[{"embeddable":true,"href":"https:\/\/elmetropolitano.com.gt\/es\/wp-json\/wp\/v2\/comments?post=78931"}],"version-history":[{"count":1,"href":"https:\/\/elmetropolitano.com.gt\/es\/wp-json\/wp\/v2\/posts\/78931\/revisions"}],"predecessor-version":[{"id":78933,"href":"https:\/\/elmetropolitano.com.gt\/es\/wp-json\/wp\/v2\/posts\/78931\/revisions\/78933"}],"wp:featuredmedia":[{"embeddable":true,"href":"https:\/\/elmetropolitano.com.gt\/es\/wp-json\/wp\/v2\/media\/78932"}],"wp:attachment":[{"href":"https:\/\/elmetropolitano.com.gt\/es\/wp-json\/wp\/v2\/media?parent=78931"}],"wp:term":[{"taxonomy":"category","embeddable":true,"href":"https:\/\/elmetropolitano.com.gt\/es\/wp-json\/wp\/v2\/categories?post=78931"},{"taxonomy":"post_tag","embeddable":true,"href":"https:\/\/elmetropolitano.com.gt\/es\/wp-json\/wp\/v2\/tags?post=78931"}],"curies":[{"name":"wp","href":"https:\/\/api.w.org\/{rel}","templated":true}]}}