{"id":79231,"date":"2024-03-04T15:34:36","date_gmt":"2024-03-04T21:34:36","guid":{"rendered":"https:\/\/elmetropolitano.com.gt\/es\/?p=79231"},"modified":"2024-03-04T15:34:38","modified_gmt":"2024-03-04T21:34:38","slug":"jalapa-motos-honda-ahora-en-el-barrio-san-francisco","status":"publish","type":"post","link":"https:\/\/elmetropolitano.com.gt\/es\/jalapa-motos-honda-ahora-en-el-barrio-san-francisco\/","title":{"rendered":"Jalapa: Motos Honda ahora en el Barrio San Francisco,"},"content":{"rendered":"\n<p>Honda Motos demuestra su firme compromiso con la satisfacci\u00f3n del cliente al dar un paso m\u00e1s con la apertura de una nueva agencia en 1\u00aa. Calle 4-31 zona 2, Barrio San Francisco, Jalapa,<\/p>\n\n\n\n<p>La <a><\/a>apertura de la agencia \u00ab3S\u00bb en Jalapa abarca la venta de motocicletas, repuestos y servicios de taller, ofreciendo una experiencia integral para los clientes, quienes tendr\u00e1n acceso a todos los aspectos relacionados con la adquisici\u00f3n de productos Honda, desde la compra de motos hasta la adquisici\u00f3n de equipo de seguridad, adem\u00e1s de recibir atenci\u00f3n en el taller con repuestos originales.<\/p><div class=\"elmet-contenido\" id=\"elmet-3789272190\"><div class=\"elmet-adlabel\">Anuncios<\/div><div style=\"margin-top: 20px;margin-right: 20px;margin-bottom: 20px;margin-left: 20px;\" id=\"elmet-78280954\"><a href=\"https:\/\/www.facebook.com\/arrincuanantigua\/\" aria-label=\"cintillo-arrin-cual\"><img loading=\"lazy\" decoding=\"async\" src=\"https:\/\/elmetropolitano.com.gt\/es\/wp-content\/uploads\/2021\/11\/cintillo-arrin-cual-1.jpg\" alt=\"\"  srcset=\"https:\/\/elmetropolitano.com.gt\/es\/wp-content\/uploads\/2021\/11\/cintillo-arrin-cual-1.jpg 750w, https:\/\/elmetropolitano.com.gt\/es\/wp-content\/uploads\/2021\/11\/cintillo-arrin-cual-1-300x36.jpg 300w, https:\/\/elmetropolitano.com.gt\/es\/wp-content\/uploads\/2021\/11\/cintillo-arrin-cual-1-600x72.jpg 600w\" sizes=\"(max-width: 750px) 100vw, 750px\" width=\"750\" height=\"90\"   \/><\/a><\/div><\/div>\n\n\n\n<p>Los horarios de atenci\u00f3n ser\u00e1n de lunes a viernes de 8:00 a 18:00 horas y los s\u00e1bados de 8:00 a 13:00 horas.<\/p>\n\n\n\n<p>\u00abCon gran entusiasmo, anunciamos la apertura de la nueva tienda, un hito importante en nuestro compromiso de brindar un servicio excepcional a nuestros clientes. Esta expansi\u00f3n no solo fortalece nuestra presencia en la comunidad, sino que tambi\u00e9n nos<\/p>\n\n\n\n<p>permite ofrecer una experiencia de compra a\u00fan m\u00e1s personalizada.<\/p>\n\n\n\n<p>Estamos emocionados de ver c\u00f3mo esta nueva ubicaci\u00f3n se convierte en un destino favorito para los amantes de las motocicletas y c\u00f3mo contribuye al crecimiento continuo de nuestra<\/p>\n\n\n\n<p>marca y en las oportunidades laborales\u00bb, coment\u00f3 el licenciado Herberth Argueta, Gerente General de Honda Motos.<\/p>\n\n\n\n<p>Honda Motos Guatemala se compromete a cumplir con las expectativas de los clientes a trav\u00e9s de la excelencia en la calidad de sus motocicletas y en el servicio al cliente.<\/p>\n\n\n\n<p>Se ha mejorado el servicio de asistencia en taller con la incorporaci\u00f3n de mec\u00e1nicos especializados, cuya dedicaci\u00f3n garantiza un mantenimiento \u00f3ptimo para asegurar el<\/p>\n\n\n\n<p>rendimiento continuo de las motocicletas.<\/p>\n\n\n\n<p><a href=\"https:\/\/www.facebook.com\/hashtag\/motoshonda?__eep__=6&amp;__cft__[0]=AZVQxE2oW-8OWjgqggP82H6vicWdsKFXoflv04kYFbI52J_31kXjz4NxGP0Vbm_p8T5bnymBR55thfSwFMcCA7FWQ5FhsVl_pTJPI4kh3rCd-1BfHKu2pwlbcD1vXAQ3IWjZ1HrLduOzTNcmaw4Eh1j9O4dE7D4ZjMCs8XBFDjvuZNdEmELn9Lsg8p0PGQl7yIU&amp;__tn__=*NK-R\">#MotosHonda<\/a><a href=\"https:\/\/www.facebook.com\/hashtag\/jalapa?__eep__=6&amp;__cft__[0]=AZVQxE2oW-8OWjgqggP82H6vicWdsKFXoflv04kYFbI52J_31kXjz4NxGP0Vbm_p8T5bnymBR55thfSwFMcCA7FWQ5FhsVl_pTJPI4kh3rCd-1BfHKu2pwlbcD1vXAQ3IWjZ1HrLduOzTNcmaw4Eh1j9O4dE7D4ZjMCs8XBFDjvuZNdEmELn9Lsg8p0PGQl7yIU&amp;__tn__=*NK-R\">#Jalapa<\/a><a href=\"https:\/\/www.facebook.com\/hashtag\/metroredes?__eep__=6&amp;__cft__[0]=AZVQxE2oW-8OWjgqggP82H6vicWdsKFXoflv04kYFbI52J_31kXjz4NxGP0Vbm_p8T5bnymBR55thfSwFMcCA7FWQ5FhsVl_pTJPI4kh3rCd-1BfHKu2pwlbcD1vXAQ3IWjZ1HrLduOzTNcmaw4Eh1j9O4dE7D4ZjMCs8XBFDjvuZNdEmELn9Lsg8p0PGQl7yIU&amp;__tn__=*NK-R\">#metroredes<\/a><\/p>\n\n\n\n<figure class=\"wp-block-gallery has-nested-images columns-default is-cropped wp-block-gallery-1 is-layout-flex wp-block-gallery-is-layout-flex\">\n<figure class=\"wp-block-image size-large\"><img loading=\"lazy\" decoding=\"async\" width=\"1024\" height=\"621\" data-id=\"79233\" src=\"https:\/\/elmetropolitano.com.gt\/es\/wp-content\/uploads\/2024\/03\/429823060_893758109416940_2711867902544568539_n-1024x621.jpg\" alt=\"\" class=\"wp-image-79233\" srcset=\"https:\/\/elmetropolitano.com.gt\/es\/wp-content\/uploads\/2024\/03\/429823060_893758109416940_2711867902544568539_n-1024x621.jpg 1024w, https:\/\/elmetropolitano.com.gt\/es\/wp-content\/uploads\/2024\/03\/429823060_893758109416940_2711867902544568539_n-300x182.jpg 300w, https:\/\/elmetropolitano.com.gt\/es\/wp-content\/uploads\/2024\/03\/429823060_893758109416940_2711867902544568539_n-768x466.jpg 768w, https:\/\/elmetropolitano.com.gt\/es\/wp-content\/uploads\/2024\/03\/429823060_893758109416940_2711867902544568539_n.jpg 1280w\" sizes=\"auto, (max-width: 1024px) 100vw, 1024px\" \/><\/figure>\n\n\n\n<figure class=\"wp-block-image size-large\"><img loading=\"lazy\" decoding=\"async\" width=\"1024\" height=\"705\" data-id=\"79234\" src=\"https:\/\/elmetropolitano.com.gt\/es\/wp-content\/uploads\/2024\/03\/430057713_893758092750275_5664849105467081220_n-1024x705.jpg\" alt=\"\" class=\"wp-image-79234\" srcset=\"https:\/\/elmetropolitano.com.gt\/es\/wp-content\/uploads\/2024\/03\/430057713_893758092750275_5664849105467081220_n-1024x705.jpg 1024w, https:\/\/elmetropolitano.com.gt\/es\/wp-content\/uploads\/2024\/03\/430057713_893758092750275_5664849105467081220_n-300x206.jpg 300w, https:\/\/elmetropolitano.com.gt\/es\/wp-content\/uploads\/2024\/03\/430057713_893758092750275_5664849105467081220_n-768x529.jpg 768w, https:\/\/elmetropolitano.com.gt\/es\/wp-content\/uploads\/2024\/03\/430057713_893758092750275_5664849105467081220_n.jpg 1280w\" sizes=\"auto, (max-width: 1024px) 100vw, 1024px\" \/><\/figure>\n<\/figure>\n\n\n\n<p><\/p>\n","protected":false},"excerpt":{"rendered":"<p>Honda Motos demuestra su firme compromiso con la satisfacci\u00f3n del cliente al dar un paso m\u00e1s con la apertura de una nueva agencia en 1\u00aa. Calle 4-31 zona 2, Barrio San Francisco, Jalapa, La apertura de la agencia \u00ab3S\u00bb en Jalapa abarca la venta de motocicletas, repuestos y servicios de taller, ofreciendo una experiencia integral <a class=\"read-more\" href=\"https:\/\/elmetropolitano.com.gt\/es\/jalapa-motos-honda-ahora-en-el-barrio-san-francisco\/\">Leer m\u00e1s<\/a><\/p>\n","protected":false},"author":1,"featured_media":79232,"comment_status":"open","ping_status":"closed","sticky":false,"template":"","format":"standard","meta":{"footnotes":""},"categories":[31],"tags":[32],"class_list":["post-79231","post","type-post","status-publish","format-standard","has-post-thumbnail","hentry","category-metroimpulso","tag-metroimpulso"],"_links":{"self":[{"href":"https:\/\/elmetropolitano.com.gt\/es\/wp-json\/wp\/v2\/posts\/79231","targetHints":{"allow":["GET"]}}],"collection":[{"href":"https:\/\/elmetropolitano.com.gt\/es\/wp-json\/wp\/v2\/posts"}],"about":[{"href":"https:\/\/elmetropolitano.com.gt\/es\/wp-json\/wp\/v2\/types\/post"}],"author":[{"embeddable":true,"href":"https:\/\/elmetropolitano.com.gt\/es\/wp-json\/wp\/v2\/users\/1"}],"replies":[{"embeddable":true,"href":"https:\/\/elmetropolitano.com.gt\/es\/wp-json\/wp\/v2\/comments?post=79231"}],"version-history":[{"count":1,"href":"https:\/\/elmetropolitano.com.gt\/es\/wp-json\/wp\/v2\/posts\/79231\/revisions"}],"predecessor-version":[{"id":79235,"href":"https:\/\/elmetropolitano.com.gt\/es\/wp-json\/wp\/v2\/posts\/79231\/revisions\/79235"}],"wp:featuredmedia":[{"embeddable":true,"href":"https:\/\/elmetropolitano.com.gt\/es\/wp-json\/wp\/v2\/media\/79232"}],"wp:attachment":[{"href":"https:\/\/elmetropolitano.com.gt\/es\/wp-json\/wp\/v2\/media?parent=79231"}],"wp:term":[{"taxonomy":"category","embeddable":true,"href":"https:\/\/elmetropolitano.com.gt\/es\/wp-json\/wp\/v2\/categories?post=79231"},{"taxonomy":"post_tag","embeddable":true,"href":"https:\/\/elmetropolitano.com.gt\/es\/wp-json\/wp\/v2\/tags?post=79231"}],"curies":[{"name":"wp","href":"https:\/\/api.w.org\/{rel}","templated":true}]}}