{"id":79272,"date":"2024-03-05T10:58:00","date_gmt":"2024-03-05T16:58:00","guid":{"rendered":"https:\/\/elmetropolitano.com.gt\/es\/?p=79272"},"modified":"2024-03-05T10:58:03","modified_gmt":"2024-03-05T16:58:03","slug":"solo-5-celulares-encontraron-en-el-centro-carcelario-el-infiernito-escuintla","status":"publish","type":"post","link":"https:\/\/elmetropolitano.com.gt\/es\/solo-5-celulares-encontraron-en-el-centro-carcelario-el-infiernito-escuintla\/","title":{"rendered":"Solo 5 celulares encontraron en el centro carcelario \u201cEl Infiernito\u201d Escuintla"},"content":{"rendered":"\n<p>En la requisa realizada este lunes en el Centro Carcelario de M\u00e1xima Seguridad el Infiernito Escuintla, por agentes investigadores de la Divisi\u00f3n Nacional Contra el Desarrollo Criminal de las Pandillas DIPANDA, Ministerio P\u00fablico MP y unidades especializadas s\u00f3lo se localizaron 5 celulares<\/p>\n\n\n\n<p>Durante la inspecci\u00f3n realizada en dicho centro carcelario se incauto lo siguiente:<\/p><div class=\"elmet-contenido\" id=\"elmet-944465125\"><div class=\"elmet-adlabel\">Anuncios<\/div><div style=\"margin-top: 20px;margin-right: 20px;margin-bottom: 20px;margin-left: 20px;\" id=\"elmet-3994888129\"><a href=\"https:\/\/www.facebook.com\/arrincuanantigua\/\" aria-label=\"cintillo-arrin-cual\"><img loading=\"lazy\" decoding=\"async\" src=\"https:\/\/elmetropolitano.com.gt\/es\/wp-content\/uploads\/2021\/11\/cintillo-arrin-cual-1.jpg\" alt=\"\"  srcset=\"https:\/\/elmetropolitano.com.gt\/es\/wp-content\/uploads\/2021\/11\/cintillo-arrin-cual-1.jpg 750w, https:\/\/elmetropolitano.com.gt\/es\/wp-content\/uploads\/2021\/11\/cintillo-arrin-cual-1-300x36.jpg 300w, https:\/\/elmetropolitano.com.gt\/es\/wp-content\/uploads\/2021\/11\/cintillo-arrin-cual-1-600x72.jpg 600w\" sizes=\"(max-width: 750px) 100vw, 750px\" width=\"750\" height=\"90\"   \/><\/a><\/div><\/div>\n\n\n\n<p><a><\/a>-cinco tel\u00e9fonos celulares,<\/p>\n\n\n\n<p>-12 cargadores para los mismos<\/p>\n\n\n\n<p>-una USB<\/p>\n\n\n\n<p>-un dispositivo para amplificar se\u00f1al de WiFi.<\/p>\n\n\n\n<p>En ese centro carcelario se encuentran 227 pandilleros del barrio 18 privados de libertad que pas\u00f3, por que tan pocos celulares confiscados la pregunta obligatoria en hacerse con la respuesta que pudo haber habido fuga de informaci\u00f3n.<\/p>\n\n\n\n<p><a href=\"https:\/\/www.facebook.com\/hashtag\/metroredes?__eep__=6&amp;__cft__[0]=AZW6Y1Ks-768TmjeWlScRtaxsteNpfo9QsGuywPsBrJgWVoaMYBGwqaiNIOgC8OPqlo6ScVYs4Xl7a9RylOzGR8nfKkhMEmvP1O1K2BvnX-7rx6Kn7wXg35cC0gDhDofEubKuLCKJ1P1TAhy8JA5eZNdJXgBsuG1P0meheS7Zso-A680aSYhg00NlxEUZ7aHowM&amp;__tn__=*NK-R\">#metroredes<\/a><a href=\"https:\/\/www.facebook.com\/hashtag\/pncguatemala?__eep__=6&amp;__cft__[0]=AZW6Y1Ks-768TmjeWlScRtaxsteNpfo9QsGuywPsBrJgWVoaMYBGwqaiNIOgC8OPqlo6ScVYs4Xl7a9RylOzGR8nfKkhMEmvP1O1K2BvnX-7rx6Kn7wXg35cC0gDhDofEubKuLCKJ1P1TAhy8JA5eZNdJXgBsuG1P0meheS7Zso-A680aSYhg00NlxEUZ7aHowM&amp;__tn__=*NK-R\">#PNCGuatemala<\/a><\/p>\n\n\n\n<figure class=\"wp-block-gallery has-nested-images columns-default is-cropped wp-block-gallery-1 is-layout-flex wp-block-gallery-is-layout-flex\">\n<figure class=\"wp-block-image size-large\"><img loading=\"lazy\" decoding=\"async\" width=\"960\" height=\"433\" data-id=\"79275\" src=\"https:\/\/elmetropolitano.com.gt\/es\/wp-content\/uploads\/2024\/03\/429857044_893966922729392_8688466473424830023_n.jpg\" alt=\"\" class=\"wp-image-79275\" srcset=\"https:\/\/elmetropolitano.com.gt\/es\/wp-content\/uploads\/2024\/03\/429857044_893966922729392_8688466473424830023_n.jpg 960w, https:\/\/elmetropolitano.com.gt\/es\/wp-content\/uploads\/2024\/03\/429857044_893966922729392_8688466473424830023_n-300x135.jpg 300w, https:\/\/elmetropolitano.com.gt\/es\/wp-content\/uploads\/2024\/03\/429857044_893966922729392_8688466473424830023_n-768x346.jpg 768w\" sizes=\"auto, (max-width: 960px) 100vw, 960px\" \/><\/figure>\n\n\n\n<figure class=\"wp-block-image size-large\"><img loading=\"lazy\" decoding=\"async\" width=\"960\" height=\"541\" data-id=\"79274\" src=\"https:\/\/elmetropolitano.com.gt\/es\/wp-content\/uploads\/2024\/03\/429898126_893966946062723_2556018855371347443_n.jpg\" alt=\"\" class=\"wp-image-79274\" srcset=\"https:\/\/elmetropolitano.com.gt\/es\/wp-content\/uploads\/2024\/03\/429898126_893966946062723_2556018855371347443_n.jpg 960w, https:\/\/elmetropolitano.com.gt\/es\/wp-content\/uploads\/2024\/03\/429898126_893966946062723_2556018855371347443_n-300x169.jpg 300w, https:\/\/elmetropolitano.com.gt\/es\/wp-content\/uploads\/2024\/03\/429898126_893966946062723_2556018855371347443_n-768x433.jpg 768w\" sizes=\"auto, (max-width: 960px) 100vw, 960px\" \/><\/figure>\n\n\n\n<figure class=\"wp-block-image size-large\"><img loading=\"lazy\" decoding=\"async\" width=\"1024\" height=\"461\" data-id=\"79276\" src=\"https:\/\/elmetropolitano.com.gt\/es\/wp-content\/uploads\/2024\/03\/430041451_893967006062717_7771875379701367736_n-1024x461.jpg\" alt=\"\" class=\"wp-image-79276\" srcset=\"https:\/\/elmetropolitano.com.gt\/es\/wp-content\/uploads\/2024\/03\/430041451_893967006062717_7771875379701367736_n-1024x461.jpg 1024w, https:\/\/elmetropolitano.com.gt\/es\/wp-content\/uploads\/2024\/03\/430041451_893967006062717_7771875379701367736_n-300x135.jpg 300w, https:\/\/elmetropolitano.com.gt\/es\/wp-content\/uploads\/2024\/03\/430041451_893967006062717_7771875379701367736_n-768x346.jpg 768w, https:\/\/elmetropolitano.com.gt\/es\/wp-content\/uploads\/2024\/03\/430041451_893967006062717_7771875379701367736_n.jpg 1286w\" sizes=\"auto, (max-width: 1024px) 100vw, 1024px\" \/><\/figure>\n<\/figure>\n","protected":false},"excerpt":{"rendered":"<p>En la requisa realizada este lunes en el Centro Carcelario de M\u00e1xima Seguridad el Infiernito Escuintla, por agentes investigadores de la Divisi\u00f3n Nacional Contra el Desarrollo Criminal de las Pandillas DIPANDA, Ministerio P\u00fablico MP y unidades especializadas s\u00f3lo se localizaron 5 celulares Durante la inspecci\u00f3n realizada en dicho centro carcelario se incauto lo siguiente: -cinco <a class=\"read-more\" href=\"https:\/\/elmetropolitano.com.gt\/es\/solo-5-celulares-encontraron-en-el-centro-carcelario-el-infiernito-escuintla\/\">Leer m\u00e1s<\/a><\/p>\n","protected":false},"author":1,"featured_media":79273,"comment_status":"open","ping_status":"closed","sticky":false,"template":"","format":"standard","meta":{"footnotes":""},"categories":[4],"tags":[13],"class_list":["post-79272","post","type-post","status-publish","format-standard","has-post-thumbnail","hentry","category-departamentales","tag-departamentales"],"_links":{"self":[{"href":"https:\/\/elmetropolitano.com.gt\/es\/wp-json\/wp\/v2\/posts\/79272","targetHints":{"allow":["GET"]}}],"collection":[{"href":"https:\/\/elmetropolitano.com.gt\/es\/wp-json\/wp\/v2\/posts"}],"about":[{"href":"https:\/\/elmetropolitano.com.gt\/es\/wp-json\/wp\/v2\/types\/post"}],"author":[{"embeddable":true,"href":"https:\/\/elmetropolitano.com.gt\/es\/wp-json\/wp\/v2\/users\/1"}],"replies":[{"embeddable":true,"href":"https:\/\/elmetropolitano.com.gt\/es\/wp-json\/wp\/v2\/comments?post=79272"}],"version-history":[{"count":1,"href":"https:\/\/elmetropolitano.com.gt\/es\/wp-json\/wp\/v2\/posts\/79272\/revisions"}],"predecessor-version":[{"id":79277,"href":"https:\/\/elmetropolitano.com.gt\/es\/wp-json\/wp\/v2\/posts\/79272\/revisions\/79277"}],"wp:featuredmedia":[{"embeddable":true,"href":"https:\/\/elmetropolitano.com.gt\/es\/wp-json\/wp\/v2\/media\/79273"}],"wp:attachment":[{"href":"https:\/\/elmetropolitano.com.gt\/es\/wp-json\/wp\/v2\/media?parent=79272"}],"wp:term":[{"taxonomy":"category","embeddable":true,"href":"https:\/\/elmetropolitano.com.gt\/es\/wp-json\/wp\/v2\/categories?post=79272"},{"taxonomy":"post_tag","embeddable":true,"href":"https:\/\/elmetropolitano.com.gt\/es\/wp-json\/wp\/v2\/tags?post=79272"}],"curies":[{"name":"wp","href":"https:\/\/api.w.org\/{rel}","templated":true}]}}