{"id":79297,"date":"2024-03-05T11:47:24","date_gmt":"2024-03-05T17:47:24","guid":{"rendered":"https:\/\/elmetropolitano.com.gt\/es\/?p=79297"},"modified":"2024-03-05T11:47:25","modified_gmt":"2024-03-05T17:47:25","slug":"5-tendencias-de-dei-y-medio-ambiente-en-2024-un-ano-para-la-transformacion-interseccional-y-acelerada-por-la-tecnologia","status":"publish","type":"post","link":"https:\/\/elmetropolitano.com.gt\/es\/5-tendencias-de-dei-y-medio-ambiente-en-2024-un-ano-para-la-transformacion-interseccional-y-acelerada-por-la-tecnologia\/","title":{"rendered":"5 Tendencias de DEI y Medio Ambiente en 2024: un a\u00f1o para la transformaci\u00f3n interseccional y acelerada por la tecnolog\u00eda"},"content":{"rendered":"\n<p><em>Por Carolina Proa<\/em><em>\u00f1<\/em><em>o<\/em><em>, comunicadora y l<\/em><em>\u00ed<\/em><em>der de proyectos de DEI y medio ambiente.<\/em><\/p>\n\n\n\n<p>Aunque a\u00fan no ha terminado el primer trimestre, ya hay muchos motivos para entusiasmarse cuando analizamos las tendencias emergentes en Diversidad, Igualdad, e Inclusi\u00f3n (DEI) y Medio Ambiente para 2024. Este es el a\u00f1o en que las empresas no solo reconocen la importancia de la DEI y la sostenibilidad medioambiental, sino que se afanan en integrar estos elementos en el n\u00facleo mismo de sus marcos operativos y estrat\u00e9gicos.&nbsp;<\/p><div class=\"elmet-contenido\" id=\"elmet-2861777028\"><div class=\"elmet-adlabel\">Anuncios<\/div><div style=\"margin-top: 20px;margin-right: 20px;margin-bottom: 20px;margin-left: 20px;\" id=\"elmet-3997463551\"><a href=\"https:\/\/www.facebook.com\/arrincuanantigua\/\" aria-label=\"cintillo-arrin-cual\"><img loading=\"lazy\" decoding=\"async\" src=\"https:\/\/elmetropolitano.com.gt\/es\/wp-content\/uploads\/2021\/11\/cintillo-arrin-cual-1.jpg\" alt=\"\"  srcset=\"https:\/\/elmetropolitano.com.gt\/es\/wp-content\/uploads\/2021\/11\/cintillo-arrin-cual-1.jpg 750w, https:\/\/elmetropolitano.com.gt\/es\/wp-content\/uploads\/2021\/11\/cintillo-arrin-cual-1-300x36.jpg 300w, https:\/\/elmetropolitano.com.gt\/es\/wp-content\/uploads\/2021\/11\/cintillo-arrin-cual-1-600x72.jpg 600w\" sizes=\"(max-width: 750px) 100vw, 750px\" width=\"750\" height=\"90\"   \/><\/a><\/div><\/div>\n\n\n\n<p>Las empresas, que antes se trataban m\u00e1s como a\u00f1adidos o proyectos secundarios, reconocen cada vez m\u00e1s el valor de una s\u00f3lida cultura de DEI y Medio Ambiente y c\u00f3mo puede repercutir positivamente en todos los \u00e1mbitos, desde el desarrollo de productos hasta el compromiso con los clientes. Y esta transformaci\u00f3n no es solo un cambio interno, sino que tambi\u00e9n es visible en las comunicaciones externas. Por ejemplo, DEI y los impactos ambientales son ahora secciones est\u00e1ndar en los informes corporativos anuales, consolidando a\u00fan m\u00e1s su papel central en las operaciones comerciales.<\/p>\n\n\n\n<p>Como agencia de RRPP latinoamericana con nuestro propio departamento dedicado a iniciativas DEI y el medio ambiente, hemos identificado las tendencias emergentes m\u00e1s interesantes que creemos impactar\u00e1n positivamente al continente en 2024.<\/p>\n\n\n\n<p><strong>La Tecnolog<\/strong><strong>\u00ed<\/strong><strong>a <\/strong><strong>para el bien<\/strong><strong><\/strong><\/p>\n\n\n\n<p>2024 ofrece a las empresas la oportunidad de utilizar las nuevas tecnolog\u00edas con el doble prop\u00f3sito de impulsar las operaciones empresariales y, al mismo tiempo, avanzar en los objetivos de DEI y medioambientales. La Realidad Virtual (RV) y la Realidad Aumentada (RA) tienen un enorme potencial para <a href=\"https:\/\/fastcompanybrasil.com\/worklife\/como-rv-pode-tornar-o-ambiente-de-trabalho-mais-inclusivo\/\"><u>impulsar la inclusi<\/u><u>\u00f3<\/u><u>n en el lugar de trabajo<\/u><\/a>, mientras que cada semana parece haber <a href=\"https:\/\/www.uol.com.br\/vivabem\/noticias\/redacao\/2024\/02\/14\/inteligencia-artificial-pode-ser-uma-aliada-das-pessoas-com-deficiencia.htm\"><u>reportes incre<\/u><u>\u00ed<\/u><u>bles<\/u><\/a>&nbsp;sobre c\u00f3mo la Inteligencia Artificial est\u00e1 impulsando los avances tecnol\u00f3gicos para las personas con discapacidad, por no mencionar el papel que la IA puede desempe\u00f1ar en la <a href=\"https:\/\/es.weforum.org\/agenda\/2024\/02\/9-formas-en-que-la-ia-ayuda-a-combatir-el-cambio-climatico\"><u>protecci<\/u><u>\u00f3<\/u><u>n del medio ambiente<\/u><\/a>.&nbsp;<\/p>\n\n\n\n<p>Este enfoque de \u00abtecnolog\u00eda para el bien\u00bb no solo promete mejorar la eficiencia, sino que tambi\u00e9n aporta un nuevo conjunto de herramientas para ayudar a superar los obst\u00e1culos y los retos arraigados de la DEI y la sostenibilidad.<\/p>\n\n\n\n<p><strong>Enfoque hol<\/strong><strong>\u00ed<\/strong><strong>stico e interseccional de la DEI<\/strong><strong><\/strong><\/p>\n\n\n\n<p>Este a\u00f1o tambi\u00e9n ser\u00e1 testigo de un cambio de conciencia a medida que las empresas empiecen a reconocer la interconexi\u00f3n de diferentes categor\u00edas sociales como la raza, el g\u00e9nero y la clase social. Las empresas se est\u00e1n alejando de las estrategias de DEI unidimensionales y est\u00e1n adoptando un enfoque m\u00e1s hol\u00edstico e interseccional. Esto garantiza que los esfuerzos de DEI incluyan a individuos con identidades m\u00faltiples e interseccionales, reconociendo la complejidad de las experiencias del mundo real y esforz\u00e1ndose por conseguir un entorno verdaderamente inclusivo.<\/p>\n\n\n\n<p><strong>Iniciativas y compromiso de los trabajadores<\/strong><strong><\/strong><\/p>\n\n\n\n<p>Otra tendencia que est\u00e1 configurando la narrativa de la IED y el medio ambiente en 2024 es un renovado \u00e9nfasis en las iniciativas lideradas por los empleados. Las empresas no solo fomentan, sino que apoyan activamente las iniciativas encabezadas por los empleados.&nbsp;<\/p>\n\n\n\n<p>Este cambio, a su vez, est\u00e1 empoderando a los empleados, ya que les da una voz genuina y un inter\u00e9s personal en las cuestiones de DEI y medioambientales. La formaci\u00f3n de <a href=\"https:\/\/exame.com\/bussola\/grupos-de-afinidade-da-teoria-a-pratica-muitos-desafios\/\"><u>Grupos de Recursos de Empleados (ERG<\/u><\/a>) centrados en cuestiones espec\u00edficas de DEI o medioambientales es un testimonio de esta tendencia, que significa un nuevo, emocionante e inclusivo enfoque de base para la resoluci\u00f3n de problemas y el compromiso. Empresas como <a href=\"https:\/\/www.canal-ar.com.ar\/31076-Empresas-como-agentes-de-transformacion-promoviendo-la-inclusion-y-el-respeto-LGBTQIAPN.html\"><u>Intel en Am<\/u><u>\u00e9<\/u><u>rica Latina<\/u><\/a>&nbsp;han sido pioneras en la creaci\u00f3n de estos grupos.<\/p>\n\n\n\n<p><strong>Sostenibilidad y transparencia medioambiental<\/strong><strong><\/strong><\/p>\n\n\n\n<p>Uno de los mayores retos para 2024 no es s\u00f3lo garantizar pr\u00e1cticas empresariales sostenibles dentro de las cuatro paredes de su empresa, sino tambi\u00e9n asegurar una <a href=\"https:\/\/valor.globo.com\/empresas\/esg\/artigo\/por-que-a-cadeia-de-suprimentos-e-um-dos-maiores-desafios-para-o-esg-em-2024.ghtml\"><u>cadena de suministro limpia y transparente<\/u><\/a>. En lugar de limitarse a adoptar pr\u00e1cticas sostenibles dentro de sus operaciones directas, el <a href=\"https:\/\/www.forbes.com.mx\/la-sustentabilidad-representa-un-mercado-de-15000-mdd-en-latinoamerica\/\"><u>escrutinio de los consumidores<\/u><\/a>&nbsp;latinoamericanos ha agudizado el enfoque de las empresas en cadenas de suministro completas, y la capacidad de garantizar la sostenibilidad en cada paso del negocio. Este a\u00f1o, la sostenibilidad y la transparencia medioambiental se convertir\u00e1n en algo m\u00e1s que un mero cumplimiento, ya que se consideran cada vez m\u00e1s parte integrante de la integridad empresarial y la reputaci\u00f3n de la marca.<\/p>\n\n\n\n<p>Esta tendencia ya ha llevado a <a href=\"https:\/\/mexico.corresponsables.com\/actualidad\/una-cadena-de-suministro-sostenible-para-liderar-la-logistica-en-america-latina\"><u>Maersk<\/u><\/a>, l\u00edder en log\u00edstica, a renovar su compromiso de ofrecer soluciones log\u00edsticas y de cadena de suministro con bajas emisiones de carbono para todo el continente latinoamericano.<\/p>\n\n\n\n<p><strong>Colaboraci<\/strong><strong>\u00f3<\/strong><strong>n y Cooperaci<\/strong><strong>\u00f3<\/strong><strong>n<\/strong><strong><\/strong><\/p>\n\n\n\n<p>Por \u00faltimo, creo que en 2024 seguiremos asistiendo a un aumento de la colaboraci\u00f3n y la asociaci\u00f3n entre empresas, ONG y gobiernos. Estas asociaciones son cruciales para abordar los polifac\u00e9ticos retos medioambientales y de DEI a los que se enfrenta nuestra sociedad. <a href=\"https:\/\/blog.google\/intl\/pt-br\/produtos\/nas-nuvens\/como-a-nuvem-esta-ajudando-a-monitorar-e-preservar-a-amazonia\/\"><u>La nube de Google<\/u><\/a>, por ejemplo, est\u00e1 ayudando a vigilar y preservar la selva amaz\u00f3nica. Y el <a href=\"https:\/\/www.bloomberglinea.com\/2023\/08\/03\/bid-invest-aumenta-el-impacto-y-la-sostenibilidad-de-proyectos-financiados-con-alianzas-publico-privadas\/\"><u>Banco Interamericano de Desarrollo<\/u><\/a>&nbsp;ha redoblado las inversiones para nuevas asociaciones p\u00fablico-privadas ecol\u00f3gicas tras una exitosa aplicaci\u00f3n de estas pol\u00edticas en 2023.<\/p>\n\n\n\n<p>En consonancia con el reciente informe de la <a href=\"https:\/\/elpais.com\/chile\/2023-12-15\/latinoamerica-debate-una-nueva-agenda-de-inversion-para-el-desarrollo-sostenible.html\"><u>Comisi<\/u><u>\u00f3<\/u><u>n Econ<\/u><u>\u00f3<\/u><u>mica para Am<\/u><u>\u00e9<\/u><u>rica Latina y el Caribe<\/u><\/a>, creo que la creciente prevalencia de las asociaciones interindustriales y p\u00fablico-privadas es un movimiento estrat\u00e9gico para ampliar el impacto de estas iniciativas, no solo generando m\u00e1s fondos e inter\u00e9s p\u00fablico, sino tambi\u00e9n garantizando que la b\u00fasqueda de la inclusividad y la sostenibilidad sea un esfuerzo colectivo y concertado responsable para todos.<\/p>\n\n\n\n<p>Espero que las tendencias que estamos observando este a\u00f1o no sean pasajeras, sino indicativas de una transformaci\u00f3n profunda y duradera en la forma en que las empresas operan y comunican sus valores y compromisos fundamentales a un p\u00fablico m\u00e1s amplio.&nbsp;<\/p>\n\n\n\n<p>En este momento de profunda crisis para el planeta, Latam Intersect PR combina un profundo conocimiento de la intrincada din\u00e1mica entre la IED, la sostenibilidad medioambiental y la comunicaci\u00f3n corporativa para elaborar estrategias a medida que resuenen aut\u00e9nticamente con p\u00fablicos diversos.&nbsp;<\/p>\n\n\n\n<p>Nuestra experiencia garantiza que sus clientes no s\u00f3lo expresen sus compromisos medioambientales y de IED, sino que tambi\u00e9n se comprometan activamente con sus grupos de inter\u00e9s de forma significativa y con impacto. A trav\u00e9s de una narrativa estrat\u00e9gica, un alcance espec\u00edfico y un compromiso con la representaci\u00f3n genuina, Latam Intersect PR capacita a sus clientes para liderar la construcci\u00f3n de un futuro m\u00e1s inclusivo y sostenible.<\/p>\n\n\n\n<p><strong><em><strong><em>*Carolina Proa<\/em><\/strong><\/em><\/strong><strong><em><strong><em>\u00f1<\/em><\/strong><\/em><\/strong><strong><em><strong><em>o<\/em><\/strong><\/em><\/strong><em>&nbsp;es periodista y comunicadora audiovisual con m<\/em><em>\u00e1<\/em><em>s de 20 a<\/em><em>\u00f1<\/em><em>os de experiencia en redacci<\/em><em>\u00f3<\/em><em>n creativa, periodismo, consultor<\/em><em>\u00ed<\/em><em>a de comunicaci<\/em><em>\u00f3<\/em><em>n y producci<\/em><em>\u00f3<\/em><em>n de contenidos para diversas plataformas digitales, marcas e iniciativas sociales. Creadora del podcast sobre Derechos sexuales y reproductivos \u00abEmpoderHadas\u00bb, ganador de un premio UNICEF-CELAP y financiado por la Embajada de los Pa<\/em><em>\u00ed<\/em><em>ses Bajos en Panam<\/em><em>\u00e1 <\/em><em>y el Departamento de Estados de los EEUU. Adem<\/em><em>\u00e1<\/em><em>s fue becaria del International Center for Journalist (ICFJ), de quienes tambi<\/em><em>\u00e9<\/em><em>n ha recibido apoyo para sus proyectos. En LatAm Intersect PR, Carolina es responsable de coordinar campa<\/em><em>\u00f1<\/em><em>as de comunicaci<\/em><em>\u00f3<\/em><em>n enfocadas en DEI y medio ambiente. Ha colaborado en diferentes proyectos para UNICEF, UNFPA y FAO y ha sido consultora para Save the Children, TECHO y otras ONG locales e internacionales.<\/em><\/p>\n\n\n\n<p><strong>Acerca de LatAm Intersect PR<\/strong><\/p>\n\n\n\n<p><em>LatAm Intersect es una agencia de comunicaci<\/em><em>\u00f3<\/em><em>n con un equipo repartido por toda Latinoam<\/em><em>\u00e9<\/em><em>rica, desde M<\/em><em>\u00e9<\/em><em>xico hasta Chile. Nuestro principal objetivo es acercar a las empresas a las Am<\/em><em>\u00e9<\/em><em>ricas a trav<\/em><em>\u00e9<\/em><em>s de una estrategia de comunicaci<\/em><em>\u00f3<\/em><em>n que genere identificaci<\/em><em>\u00f3<\/em><em>n y conexi<\/em><em>\u00f3<\/em><em>n, porque entendemos la cultura y las especificidades de la regi<\/em><em>\u00f3<\/em><em>n. Nuestra <\/em><em>\u00e1<\/em><em>rea digital trabaja en conjunto con nuestras <\/em><em>\u00e1<\/em><em>reas de relaciones p<\/em><em>\u00fa<\/em><em>blicas e investigaci<\/em><em>\u00f3<\/em><em>n, lo que hace que nuestra comunicaci<\/em><em>\u00f3<\/em><em>n est<\/em><em>\u00e9 <\/em><em>integrada con datos valiosos y programaci<\/em><em>\u00f3<\/em><em>n basada en la audiencia.<\/em><em>\u00a0<\/em>\u00a0<em>Para m<\/em><em>\u00e1<\/em><em>s informaci<\/em><em>\u00f3<\/em><em>n, visite: <\/em><a href=\"http:\/\/www.latamintersectpr.com\/\"><em><u><em>www.latamintersectpr.com<\/em><\/u><\/em><\/a><\/p>\n\n\n\n<p><\/p>\n","protected":false},"excerpt":{"rendered":"<p>Por Carolina Proa\u00f1o, comunicadora y l\u00edder de proyectos de DEI y medio ambiente. Aunque a\u00fan no ha terminado el primer trimestre, ya hay muchos motivos para entusiasmarse cuando analizamos las tendencias emergentes en Diversidad, Igualdad, e Inclusi\u00f3n (DEI) y Medio Ambiente para 2024. Este es el a\u00f1o en que las empresas no solo reconocen la <a class=\"read-more\" href=\"https:\/\/elmetropolitano.com.gt\/es\/5-tendencias-de-dei-y-medio-ambiente-en-2024-un-ano-para-la-transformacion-interseccional-y-acelerada-por-la-tecnologia\/\">Leer m\u00e1s<\/a><\/p>\n","protected":false},"author":1,"featured_media":79298,"comment_status":"open","ping_status":"closed","sticky":false,"template":"","format":"standard","meta":{"footnotes":""},"categories":[23],"tags":[25],"class_list":["post-79297","post","type-post","status-publish","format-standard","has-post-thumbnail","hentry","category-opinion","tag-opinion"],"_links":{"self":[{"href":"https:\/\/elmetropolitano.com.gt\/es\/wp-json\/wp\/v2\/posts\/79297","targetHints":{"allow":["GET"]}}],"collection":[{"href":"https:\/\/elmetropolitano.com.gt\/es\/wp-json\/wp\/v2\/posts"}],"about":[{"href":"https:\/\/elmetropolitano.com.gt\/es\/wp-json\/wp\/v2\/types\/post"}],"author":[{"embeddable":true,"href":"https:\/\/elmetropolitano.com.gt\/es\/wp-json\/wp\/v2\/users\/1"}],"replies":[{"embeddable":true,"href":"https:\/\/elmetropolitano.com.gt\/es\/wp-json\/wp\/v2\/comments?post=79297"}],"version-history":[{"count":1,"href":"https:\/\/elmetropolitano.com.gt\/es\/wp-json\/wp\/v2\/posts\/79297\/revisions"}],"predecessor-version":[{"id":79299,"href":"https:\/\/elmetropolitano.com.gt\/es\/wp-json\/wp\/v2\/posts\/79297\/revisions\/79299"}],"wp:featuredmedia":[{"embeddable":true,"href":"https:\/\/elmetropolitano.com.gt\/es\/wp-json\/wp\/v2\/media\/79298"}],"wp:attachment":[{"href":"https:\/\/elmetropolitano.com.gt\/es\/wp-json\/wp\/v2\/media?parent=79297"}],"wp:term":[{"taxonomy":"category","embeddable":true,"href":"https:\/\/elmetropolitano.com.gt\/es\/wp-json\/wp\/v2\/categories?post=79297"},{"taxonomy":"post_tag","embeddable":true,"href":"https:\/\/elmetropolitano.com.gt\/es\/wp-json\/wp\/v2\/tags?post=79297"}],"curies":[{"name":"wp","href":"https:\/\/api.w.org\/{rel}","templated":true}]}}