{"id":79335,"date":"2024-03-05T21:20:06","date_gmt":"2024-03-06T03:20:06","guid":{"rendered":"https:\/\/elmetropolitano.com.gt\/es\/?p=79335"},"modified":"2024-03-05T21:20:06","modified_gmt":"2024-03-06T03:20:06","slug":"cabal-le-pide-a-sesan-ser-mas-efectiva-y-cambia-estrategia","status":"publish","type":"post","link":"https:\/\/elmetropolitano.com.gt\/es\/cabal-le-pide-a-sesan-ser-mas-efectiva-y-cambia-estrategia\/","title":{"rendered":"CABAL le pide a SESAN ser m\u00e1s efectiva y cambia estrategia"},"content":{"rendered":"\n<p>Mientras que los diputados de CABAL pidieron a Mireya Palmieri, encargada de la Secretaria de Seguridad Alimentaria y Nutricional (SESAN), fuera m\u00e1s efectiva en la estrategia de la lucha contra el hambre, ella anunci\u00f3 que pr\u00f3ximamente se lanzar\u00e1 la nueva estrategia de gobierno para el combate desnutrici\u00f3n.<\/p>\n\n\n\n<p>Los <a><\/a>diputados de CABAL le pidieron que se pusiera de acuerdo con el Consejo Nacional de Desarrollo Urbano y Rural (CONADUR) y que pidieran la nueva estrategia, as\u00ed como la mejor distribuci\u00f3n de los Q600 millones asignados para la lucha contra el hambre.<\/p><div class=\"elmet-contenido\" id=\"elmet-1653327164\"><div class=\"elmet-adlabel\">Anuncios<\/div><div style=\"margin-top: 20px;margin-right: 20px;margin-bottom: 20px;margin-left: 20px;\" id=\"elmet-2803144466\"><a href=\"https:\/\/www.facebook.com\/arrincuanantigua\/\" aria-label=\"cintillo-arrin-cual\"><img loading=\"lazy\" decoding=\"async\" src=\"https:\/\/elmetropolitano.com.gt\/es\/wp-content\/uploads\/2021\/11\/cintillo-arrin-cual-1.jpg\" alt=\"\"  srcset=\"https:\/\/elmetropolitano.com.gt\/es\/wp-content\/uploads\/2021\/11\/cintillo-arrin-cual-1.jpg 750w, https:\/\/elmetropolitano.com.gt\/es\/wp-content\/uploads\/2021\/11\/cintillo-arrin-cual-1-300x36.jpg 300w, https:\/\/elmetropolitano.com.gt\/es\/wp-content\/uploads\/2021\/11\/cintillo-arrin-cual-1-600x72.jpg 600w\" sizes=\"(max-width: 750px) 100vw, 750px\" width=\"750\" height=\"90\"   \/><\/a><\/div><\/div>\n\n\n\n<p>Sin embargo, la encargada de la SESAN expuso que CONADUR lo tendr\u00eda que hacer por su propia cuenta dichas estrategias y la distribuci\u00f3n de dicho dinero, ya que SESAN lo que hace es administrar el dinero conforme el trabajo que van realizando las municipalidades.<\/p>\n\n\n\n<p>Los diputados de CABAL al no quedar satisfechos con las evasivas de Palmieri, la volvi\u00f3 a citar para el mi\u00e9rcoles de la otra semana, eso si, pidiendo que se hagan presentes el encargado de la CONADUR, los de la Secretaria de Coordinaci\u00f3n Ejecutiva de la Presidencia.<\/p>\n\n\n\n<p>Texto: Francisco Javier Hurtarte<\/p>\n\n\n\n<p><a href=\"https:\/\/www.facebook.com\/hashtag\/metroredes?__eep__=6&amp;__cft__[0]=AZX75qpA88EkGrMTVAnMBuJYdz1dMbX-grYQv634q_OaroZSy5CnwpE5s4RAxEZQ8T_zI9hbpZkwajshMnvl7XeygbcqJ2RSdeRZHs9egUadQhVXm0bmy2OWpFUkb5bM8gV8eQxUFyNF0_GEqlX9hc0i6_N0GNlebCDwQYeiteNM8XiRtTd3G12GXm_98XT--uU&amp;__tn__=*NK-R\">#metroredes<\/a><a href=\"https:\/\/www.facebook.com\/hashtag\/congresogt?__eep__=6&amp;__cft__[0]=AZX75qpA88EkGrMTVAnMBuJYdz1dMbX-grYQv634q_OaroZSy5CnwpE5s4RAxEZQ8T_zI9hbpZkwajshMnvl7XeygbcqJ2RSdeRZHs9egUadQhVXm0bmy2OWpFUkb5bM8gV8eQxUFyNF0_GEqlX9hc0i6_N0GNlebCDwQYeiteNM8XiRtTd3G12GXm_98XT--uU&amp;__tn__=*NK-R\">#CongresoGT<\/a><a href=\"https:\/\/www.facebook.com\/hashtag\/partidocabal?__eep__=6&amp;__cft__[0]=AZX75qpA88EkGrMTVAnMBuJYdz1dMbX-grYQv634q_OaroZSy5CnwpE5s4RAxEZQ8T_zI9hbpZkwajshMnvl7XeygbcqJ2RSdeRZHs9egUadQhVXm0bmy2OWpFUkb5bM8gV8eQxUFyNF0_GEqlX9hc0i6_N0GNlebCDwQYeiteNM8XiRtTd3G12GXm_98XT--uU&amp;__tn__=*NK-R\">#PartidoCabal<\/a><a href=\"https:\/\/www.facebook.com\/hashtag\/sesan?__eep__=6&amp;__cft__[0]=AZX75qpA88EkGrMTVAnMBuJYdz1dMbX-grYQv634q_OaroZSy5CnwpE5s4RAxEZQ8T_zI9hbpZkwajshMnvl7XeygbcqJ2RSdeRZHs9egUadQhVXm0bmy2OWpFUkb5bM8gV8eQxUFyNF0_GEqlX9hc0i6_N0GNlebCDwQYeiteNM8XiRtTd3G12GXm_98XT--uU&amp;__tn__=*NK-R\">#SESAN<\/a><a href=\"https:\/\/www.facebook.com\/hashtag\/conadur?__eep__=6&amp;__cft__[0]=AZX75qpA88EkGrMTVAnMBuJYdz1dMbX-grYQv634q_OaroZSy5CnwpE5s4RAxEZQ8T_zI9hbpZkwajshMnvl7XeygbcqJ2RSdeRZHs9egUadQhVXm0bmy2OWpFUkb5bM8gV8eQxUFyNF0_GEqlX9hc0i6_N0GNlebCDwQYeiteNM8XiRtTd3G12GXm_98XT--uU&amp;__tn__=*NK-R\">#Conadur<\/a><\/p>\n\n\n\n<figure class=\"wp-block-gallery has-nested-images columns-default is-cropped wp-block-gallery-1 is-layout-flex wp-block-gallery-is-layout-flex\">\n<figure class=\"wp-block-image size-large\"><img loading=\"lazy\" decoding=\"async\" width=\"1024\" height=\"682\" data-id=\"79339\" src=\"https:\/\/elmetropolitano.com.gt\/es\/wp-content\/uploads\/2024\/03\/429797416_894479466011471_925046216479167269_n-1024x682.jpg\" alt=\"\" class=\"wp-image-79339\" srcset=\"https:\/\/elmetropolitano.com.gt\/es\/wp-content\/uploads\/2024\/03\/429797416_894479466011471_925046216479167269_n-1024x682.jpg 1024w, https:\/\/elmetropolitano.com.gt\/es\/wp-content\/uploads\/2024\/03\/429797416_894479466011471_925046216479167269_n-300x200.jpg 300w, https:\/\/elmetropolitano.com.gt\/es\/wp-content\/uploads\/2024\/03\/429797416_894479466011471_925046216479167269_n-768x512.jpg 768w, https:\/\/elmetropolitano.com.gt\/es\/wp-content\/uploads\/2024\/03\/429797416_894479466011471_925046216479167269_n.jpg 1280w\" sizes=\"auto, (max-width: 1024px) 100vw, 1024px\" \/><\/figure>\n\n\n\n<figure class=\"wp-block-image size-large\"><img loading=\"lazy\" decoding=\"async\" width=\"1024\" height=\"682\" data-id=\"79338\" src=\"https:\/\/elmetropolitano.com.gt\/es\/wp-content\/uploads\/2024\/03\/430472360_894479499344801_7147479069303929123_n-1024x682.jpg\" alt=\"\" class=\"wp-image-79338\" srcset=\"https:\/\/elmetropolitano.com.gt\/es\/wp-content\/uploads\/2024\/03\/430472360_894479499344801_7147479069303929123_n-1024x682.jpg 1024w, https:\/\/elmetropolitano.com.gt\/es\/wp-content\/uploads\/2024\/03\/430472360_894479499344801_7147479069303929123_n-300x200.jpg 300w, https:\/\/elmetropolitano.com.gt\/es\/wp-content\/uploads\/2024\/03\/430472360_894479499344801_7147479069303929123_n-768x512.jpg 768w, https:\/\/elmetropolitano.com.gt\/es\/wp-content\/uploads\/2024\/03\/430472360_894479499344801_7147479069303929123_n.jpg 1280w\" sizes=\"auto, (max-width: 1024px) 100vw, 1024px\" \/><\/figure>\n\n\n\n<figure class=\"wp-block-image size-large\"><img loading=\"lazy\" decoding=\"async\" width=\"1024\" height=\"682\" data-id=\"79337\" src=\"https:\/\/elmetropolitano.com.gt\/es\/wp-content\/uploads\/2024\/03\/430842102_894479522678132_2882464315929350601_n-1024x682.jpg\" alt=\"\" class=\"wp-image-79337\" srcset=\"https:\/\/elmetropolitano.com.gt\/es\/wp-content\/uploads\/2024\/03\/430842102_894479522678132_2882464315929350601_n-1024x682.jpg 1024w, https:\/\/elmetropolitano.com.gt\/es\/wp-content\/uploads\/2024\/03\/430842102_894479522678132_2882464315929350601_n-300x200.jpg 300w, https:\/\/elmetropolitano.com.gt\/es\/wp-content\/uploads\/2024\/03\/430842102_894479522678132_2882464315929350601_n-768x512.jpg 768w, https:\/\/elmetropolitano.com.gt\/es\/wp-content\/uploads\/2024\/03\/430842102_894479522678132_2882464315929350601_n.jpg 1280w\" sizes=\"auto, (max-width: 1024px) 100vw, 1024px\" \/><\/figure>\n<\/figure>\n","protected":false},"excerpt":{"rendered":"<p>Mientras que los diputados de CABAL pidieron a Mireya Palmieri, encargada de la Secretaria de Seguridad Alimentaria y Nutricional (SESAN), fuera m\u00e1s efectiva en la estrategia de la lucha contra el hambre, ella anunci\u00f3 que pr\u00f3ximamente se lanzar\u00e1 la nueva estrategia de gobierno para el combate desnutrici\u00f3n. Los diputados de CABAL le pidieron que se <a class=\"read-more\" href=\"https:\/\/elmetropolitano.com.gt\/es\/cabal-le-pide-a-sesan-ser-mas-efectiva-y-cambia-estrategia\/\">Leer m\u00e1s<\/a><\/p>\n","protected":false},"author":1,"featured_media":79336,"comment_status":"open","ping_status":"closed","sticky":false,"template":"","format":"standard","meta":{"footnotes":""},"categories":[2],"tags":[12],"class_list":["post-79335","post","type-post","status-publish","format-standard","has-post-thumbnail","hentry","category-nacionales","tag-nacionales"],"_links":{"self":[{"href":"https:\/\/elmetropolitano.com.gt\/es\/wp-json\/wp\/v2\/posts\/79335","targetHints":{"allow":["GET"]}}],"collection":[{"href":"https:\/\/elmetropolitano.com.gt\/es\/wp-json\/wp\/v2\/posts"}],"about":[{"href":"https:\/\/elmetropolitano.com.gt\/es\/wp-json\/wp\/v2\/types\/post"}],"author":[{"embeddable":true,"href":"https:\/\/elmetropolitano.com.gt\/es\/wp-json\/wp\/v2\/users\/1"}],"replies":[{"embeddable":true,"href":"https:\/\/elmetropolitano.com.gt\/es\/wp-json\/wp\/v2\/comments?post=79335"}],"version-history":[{"count":1,"href":"https:\/\/elmetropolitano.com.gt\/es\/wp-json\/wp\/v2\/posts\/79335\/revisions"}],"predecessor-version":[{"id":79340,"href":"https:\/\/elmetropolitano.com.gt\/es\/wp-json\/wp\/v2\/posts\/79335\/revisions\/79340"}],"wp:featuredmedia":[{"embeddable":true,"href":"https:\/\/elmetropolitano.com.gt\/es\/wp-json\/wp\/v2\/media\/79336"}],"wp:attachment":[{"href":"https:\/\/elmetropolitano.com.gt\/es\/wp-json\/wp\/v2\/media?parent=79335"}],"wp:term":[{"taxonomy":"category","embeddable":true,"href":"https:\/\/elmetropolitano.com.gt\/es\/wp-json\/wp\/v2\/categories?post=79335"},{"taxonomy":"post_tag","embeddable":true,"href":"https:\/\/elmetropolitano.com.gt\/es\/wp-json\/wp\/v2\/tags?post=79335"}],"curies":[{"name":"wp","href":"https:\/\/api.w.org\/{rel}","templated":true}]}}