{"id":79359,"date":"2024-03-06T10:58:24","date_gmt":"2024-03-06T16:58:24","guid":{"rendered":"https:\/\/elmetropolitano.com.gt\/es\/?p=79359"},"modified":"2024-03-06T10:58:25","modified_gmt":"2024-03-06T16:58:25","slug":"doctor-bayter-e-ingrid-macher-los-maximos-exponentes-de-la-salud-mental-fisica-y-emocional-en-guatemala","status":"publish","type":"post","link":"https:\/\/elmetropolitano.com.gt\/es\/doctor-bayter-e-ingrid-macher-los-maximos-exponentes-de-la-salud-mental-fisica-y-emocional-en-guatemala\/","title":{"rendered":"Doctor Bayter e Ingrid Macher: Los m\u00e1ximos exponentes de la salud mental, f\u00edsica y emocional en Guatemala"},"content":{"rendered":"\n<p>Este s\u00e1bado el Centro de Convenciones del Hotel Westin Camino Real ser\u00e1 el epicentro de un evento sin precedentes en Guatemala: el Healthy Day, que contar\u00e1 con la presencia de del Doctor Bayter e Ingrid Macher, dos de los m\u00e1ximo exponentes en temas de salud mental, f\u00edsica y emocional.<\/p>\n\n\n\n<p>La <a><\/a>primera edici\u00f3n del Healthy Day busca impulsar y fomentar una cultura de vida saludable en Guatemala, a trav\u00e9s de distintas actividades de inter\u00e9s, que aportar\u00e1n las herramientas necesarias para que las personas adopten h\u00e1bitos positivos.<\/p><div class=\"elmet-contenido\" id=\"elmet-803177707\"><div class=\"elmet-adlabel\">Anuncios<\/div><div style=\"margin-top: 20px;margin-right: 20px;margin-bottom: 20px;margin-left: 20px;\" id=\"elmet-2577657597\"><a href=\"https:\/\/www.facebook.com\/arrincuanantigua\/\" aria-label=\"cintillo-arrin-cual\"><img loading=\"lazy\" decoding=\"async\" src=\"https:\/\/elmetropolitano.com.gt\/es\/wp-content\/uploads\/2021\/11\/cintillo-arrin-cual-1.jpg\" alt=\"\"  srcset=\"https:\/\/elmetropolitano.com.gt\/es\/wp-content\/uploads\/2021\/11\/cintillo-arrin-cual-1.jpg 750w, https:\/\/elmetropolitano.com.gt\/es\/wp-content\/uploads\/2021\/11\/cintillo-arrin-cual-1-300x36.jpg 300w, https:\/\/elmetropolitano.com.gt\/es\/wp-content\/uploads\/2021\/11\/cintillo-arrin-cual-1-600x72.jpg 600w\" sizes=\"(max-width: 750px) 100vw, 750px\" width=\"750\" height=\"90\"   \/><\/a><\/div><\/div>\n\n\n\n<p>Este evento trae por primera vez a Guatemala al Doctor Bayter, el m\u00e1ximo exponente de habla hispana de la dieta keto, un m\u00e9todo para la p\u00e9rdida de peso y la mejora de la salud basado en una ingesta baja en carbohidratos y alta en grasas.<\/p>\n\n\n\n<p>Cuenta con millones de seguidores en sus redes sociales y ser\u00e1 uno de los platillos principales en el Healthy Day 2024.<\/p>\n\n\n\n<p>Adem\u00e1s, El Doctor Bayter ha logrado una gran notoriedad como conferencista internacional en todos los pa\u00edses de Latinoam\u00e9rica, Estados Unidos y Espa\u00f1a.<\/p>\n\n\n\n<p>Es autor de varios libros, entre ellos \u2018Cat\u00e1strofes en Cirug\u00eda Pl\u00e1stica\u2019, \u2018Dieta Keto Perfecta DKP\u2019, y m\u00e1s recientemente durante la Feria Internacional del Libro de Bogot\u00e1 de 2023 present\u00f3 \u2018Comer Para Sanar\u2019.<\/p>\n\n\n\n<p>Por su parte Ingrid Macher es la hispana m\u00e1s influyente en temas de salud y nutrici\u00f3n en Estados Unidos y ha logrado inspirar a millones de personas a cambiar su estilo de vida.<\/p>\n\n\n\n<p>Cuenta tambi\u00e9n con millones de seguidores de redes sociales, con quienes comparte tips, recetas y ejercicios para mantener una buena salud. Adem\u00e1s, motiva a sus seguidores a tener h\u00e1bitos saludables.<\/p>\n\n\n\n<p>Es autora de tres libros best seller, logrando publicar con la editorial m\u00e1s importante del mundo, HarperCollins.<\/p>\n\n\n\n<p>Inter\u00e9s por la salud<\/p>\n\n\n\n<p>Alexis Canahui, founder y director de Win.gt, explica que en Guatemala ha existido un creciente inter\u00e9s por los temas relacionados a la salud y el bienestar, lo que ha impulsado a una creciente industria healthy en el pa\u00eds.<\/p>\n\n\n\n<p>\u201cEn los \u00faltimos tres meses, desarrollando este evento, nos hemos dado cuenta que hay un enorme inter\u00e9s por el tema de la salud y el bienestar\u201d, dijo Alexis.<\/p>\n\n\n\n<p>El Doctor Bayter ha explicado que actualmente 1 de cada 5 personas en el mundo tiene enfermedades autoinmunes.<\/p>\n\n\n\n<p>Asma, tiroides, diabetes tipo 1, colitis, algunos tipos de artritis, son algunas enfermedades que el Doctor Bayter menciona como autoinmunes.<\/p>\n\n\n\n<p>\u201cHay algunas prote\u00ednas que cuando entran a tu sangre confunden al sistema inmune y son atacadas\u201d, dice Bayter, explicando de esa forma c\u00f3mo pueden darse ese tipo de enfermedades.<\/p>\n\n\n\n<p>Son este tipo de situaciones las que hace crecer el inter\u00e9s de las personas por priorizar su salud y su bienestar.<\/p>\n\n\n\n<p>La Organizaci\u00f3n Mundial de la Salud ha destacado en distintas publicaciones la necesidad de adoptar h\u00e1bitos adecuados para mantener un estado de salud y bienestar integral.<\/p>\n\n\n\n<p>En esos rubros se ha destacado la importancia de la salud, no solo f\u00edsica, sino tambi\u00e9n emocional como un punto clave.<\/p>\n\n\n\n<p>\u00bfQu\u00e9 habr\u00e1 en el Healthy Day?<\/p>\n\n\n\n<p>El Healthy Day ofrecer\u00e1 un alto contenido de valor para impulsar y fomentar una cultura de vida saludable en Guatemala.<\/p>\n\n\n\n<p>Habr\u00e1 actividades como conferencias sobre alimentaci\u00f3n, laboratorios fitness, foros inspiradores y una expo market con productos y servicios para una vida m\u00e1s saludable.<\/p>\n\n\n\n<p>Se trata de un evento completo y enriquecedor, que tambi\u00e9n contar\u00e1 con la participaci\u00f3n de speakers nacionales como Andrea Cardona, Andrea G\u00e1lvez, Alejandra Marroqu\u00edn, Willy Barrios, Lester Paz, entre otros.<\/p>\n\n\n\n<p>Este evento, organizado por Win.gt, representa una nueva forma de adquirir h\u00e1bitos saludables en Guatemala a trav\u00e9s de distintas actividades, en donde las personas podr\u00e1n adquirir nuevas experiencias e ideas para mejorar su estilo de vida.<\/p>\n\n\n\n<p><a href=\"https:\/\/www.facebook.com\/hashtag\/wingt?__eep__=6&amp;__cft__[0]=AZWYaUx0O7hEQTNGAjhM1YYdpzNeixyWxcKwGbvOKJGPUrsVmANEha0xtpli1Lab5uf-kZElim-FoLI0Q0cj-yDGfIRlIVl2D-mk7ljVrdSVPFywtaxiqJu7lyBjGlMUr74vy_FUy7wi94Ml1Z2ZF3LM3_0SIDSZk_QWMY32loLqrmQbhW_ABbopOuSNoNtiFmE&amp;__tn__=*NK-R\">#wingt<\/a><a href=\"https:\/\/www.facebook.com\/hashtag\/metroredes?__eep__=6&amp;__cft__[0]=AZWYaUx0O7hEQTNGAjhM1YYdpzNeixyWxcKwGbvOKJGPUrsVmANEha0xtpli1Lab5uf-kZElim-FoLI0Q0cj-yDGfIRlIVl2D-mk7ljVrdSVPFywtaxiqJu7lyBjGlMUr74vy_FUy7wi94Ml1Z2ZF3LM3_0SIDSZk_QWMY32loLqrmQbhW_ABbopOuSNoNtiFmE&amp;__tn__=*NK-R\">#metroredes<\/a><a href=\"https:\/\/www.facebook.com\/hashtag\/healthyday?__eep__=6&amp;__cft__[0]=AZWYaUx0O7hEQTNGAjhM1YYdpzNeixyWxcKwGbvOKJGPUrsVmANEha0xtpli1Lab5uf-kZElim-FoLI0Q0cj-yDGfIRlIVl2D-mk7ljVrdSVPFywtaxiqJu7lyBjGlMUr74vy_FUy7wi94Ml1Z2ZF3LM3_0SIDSZk_QWMY32loLqrmQbhW_ABbopOuSNoNtiFmE&amp;__tn__=*NK-R\">#healthyday<\/a> <a href=\"http:\/\/www.elmetropolitano.com.gt\/?fbclid=IwAR2rvbWWI5QfxVv2bQH59FCNiWVvYcPdV3623Jv1SSd_t8YaFA5M9Fx-mSM\" target=\"_blank\" rel=\"noreferrer noopener\">www.elmetropolitano.com.gt<\/a> <a href=\"https:\/\/l.facebook.com\/l.php?u=http%3A%2F%2FWww.metroredes.com%2F%3Ffbclid%3DIwAR3fxNlq9-dNcyn_ZYNILNo9wvAJ_GU8RdhnKjOr-sLnt3iZYILrHKZQ14M&amp;h=AT09kaC_pHJUggis3Jl-hO0SEUlzHOq-MzUdA9_E5ZF-FnjR92a7AZp3JEMGRMNcksoFUJaJfNxqAOHNycS00jtEeBSa8P8w3Al32EQ0KI0L7RoL2rvW4OcNaRqLyjdoXGif&amp;__tn__=-UK-R&amp;c[0]=AT0qa7SEyyj-BSFS0w6sqE21h8KZ4mucqVn6c0rJDzF2GzYTgXsR8525TId0eZzP1tbJgW02794CnX1YwRdxHm-8V_heT939VtYUxcAR_N5zV1LA-22fLcYtE3Tpq6xjvYsFVt9XPX4LcZQVx6QhxMQU-qRyQPzFlY1vZNdL6Wo4g1dr60yK55_swHHAQD5e_ALy4ef_KbGg\" target=\"_blank\" rel=\"noreferrer noopener\">Www.metroredes.com<\/a><\/p>\n\n\n\n<figure class=\"wp-block-gallery has-nested-images columns-default is-cropped wp-block-gallery-1 is-layout-flex wp-block-gallery-is-layout-flex\">\n<figure class=\"wp-block-image size-large\"><img loading=\"lazy\" decoding=\"async\" width=\"526\" height=\"935\" data-id=\"79361\" src=\"https:\/\/elmetropolitano.com.gt\/es\/wp-content\/uploads\/2024\/03\/430108191_894884409304310_4066947087769516269_n-1.jpg\" alt=\"\" class=\"wp-image-79361\" srcset=\"https:\/\/elmetropolitano.com.gt\/es\/wp-content\/uploads\/2024\/03\/430108191_894884409304310_4066947087769516269_n-1.jpg 526w, https:\/\/elmetropolitano.com.gt\/es\/wp-content\/uploads\/2024\/03\/430108191_894884409304310_4066947087769516269_n-1-169x300.jpg 169w\" sizes=\"auto, (max-width: 526px) 100vw, 526px\" \/><\/figure>\n<\/figure>\n","protected":false},"excerpt":{"rendered":"<p>Este s\u00e1bado el Centro de Convenciones del Hotel Westin Camino Real ser\u00e1 el epicentro de un evento sin precedentes en Guatemala: el Healthy Day, que contar\u00e1 con la presencia de del Doctor Bayter e Ingrid Macher, dos de los m\u00e1ximo exponentes en temas de salud mental, f\u00edsica y emocional. La primera edici\u00f3n del Healthy Day <a class=\"read-more\" href=\"https:\/\/elmetropolitano.com.gt\/es\/doctor-bayter-e-ingrid-macher-los-maximos-exponentes-de-la-salud-mental-fisica-y-emocional-en-guatemala\/\">Leer m\u00e1s<\/a><\/p>\n","protected":false},"author":1,"featured_media":79360,"comment_status":"open","ping_status":"closed","sticky":false,"template":"","format":"standard","meta":{"footnotes":""},"categories":[46],"tags":[47],"class_list":["post-79359","post","type-post","status-publish","format-standard","has-post-thumbnail","hentry","category-metrosalud","tag-metrosalud"],"_links":{"self":[{"href":"https:\/\/elmetropolitano.com.gt\/es\/wp-json\/wp\/v2\/posts\/79359","targetHints":{"allow":["GET"]}}],"collection":[{"href":"https:\/\/elmetropolitano.com.gt\/es\/wp-json\/wp\/v2\/posts"}],"about":[{"href":"https:\/\/elmetropolitano.com.gt\/es\/wp-json\/wp\/v2\/types\/post"}],"author":[{"embeddable":true,"href":"https:\/\/elmetropolitano.com.gt\/es\/wp-json\/wp\/v2\/users\/1"}],"replies":[{"embeddable":true,"href":"https:\/\/elmetropolitano.com.gt\/es\/wp-json\/wp\/v2\/comments?post=79359"}],"version-history":[{"count":1,"href":"https:\/\/elmetropolitano.com.gt\/es\/wp-json\/wp\/v2\/posts\/79359\/revisions"}],"predecessor-version":[{"id":79362,"href":"https:\/\/elmetropolitano.com.gt\/es\/wp-json\/wp\/v2\/posts\/79359\/revisions\/79362"}],"wp:featuredmedia":[{"embeddable":true,"href":"https:\/\/elmetropolitano.com.gt\/es\/wp-json\/wp\/v2\/media\/79360"}],"wp:attachment":[{"href":"https:\/\/elmetropolitano.com.gt\/es\/wp-json\/wp\/v2\/media?parent=79359"}],"wp:term":[{"taxonomy":"category","embeddable":true,"href":"https:\/\/elmetropolitano.com.gt\/es\/wp-json\/wp\/v2\/categories?post=79359"},{"taxonomy":"post_tag","embeddable":true,"href":"https:\/\/elmetropolitano.com.gt\/es\/wp-json\/wp\/v2\/tags?post=79359"}],"curies":[{"name":"wp","href":"https:\/\/api.w.org\/{rel}","templated":true}]}}