{"id":79376,"date":"2024-03-06T15:47:23","date_gmt":"2024-03-06T21:47:23","guid":{"rendered":"https:\/\/elmetropolitano.com.gt\/es\/?p=79376"},"modified":"2024-03-06T15:47:25","modified_gmt":"2024-03-06T21:47:25","slug":"karin-herrera-participa-en-relanzamiento-de-univet-en-coban-alta-verapaz","status":"publish","type":"post","link":"https:\/\/elmetropolitano.com.gt\/es\/karin-herrera-participa-en-relanzamiento-de-univet-en-coban-alta-verapaz\/","title":{"rendered":"Karin Herrera participa en relanzamiento de Univet en Cob\u00e1n, Alta Verapaz"},"content":{"rendered":"\n<p>En un acto en el Parque La Paz de Cob\u00e1n, Alta Verapaz, la vicepresidenta Karin Herrera particip\u00f3 en el relanzamiento de las unidades m\u00f3viles para la prevenci\u00f3n de violencia sexual, explotaci\u00f3n y trata de personas (Univet).<\/p>\n\n\n\n<p>Esto marca el inicio de una estrategia integral para prevenir la trata, explotaci\u00f3n y violencia sexual en Guatemala.<\/p><div class=\"elmet-contenido\" id=\"elmet-2571498323\"><div class=\"elmet-adlabel\">Anuncios<\/div><div style=\"margin-top: 20px;margin-right: 20px;margin-bottom: 20px;margin-left: 20px;\" id=\"elmet-4287412757\"><a href=\"https:\/\/www.facebook.com\/arrincuanantigua\/\" aria-label=\"cintillo-arrin-cual\"><img loading=\"lazy\" decoding=\"async\" src=\"https:\/\/elmetropolitano.com.gt\/es\/wp-content\/uploads\/2021\/11\/cintillo-arrin-cual-1.jpg\" alt=\"\"  srcset=\"https:\/\/elmetropolitano.com.gt\/es\/wp-content\/uploads\/2021\/11\/cintillo-arrin-cual-1.jpg 750w, https:\/\/elmetropolitano.com.gt\/es\/wp-content\/uploads\/2021\/11\/cintillo-arrin-cual-1-300x36.jpg 300w, https:\/\/elmetropolitano.com.gt\/es\/wp-content\/uploads\/2021\/11\/cintillo-arrin-cual-1-600x72.jpg 600w\" sizes=\"(max-width: 750px) 100vw, 750px\" width=\"750\" height=\"90\"   \/><\/a><\/div><\/div>\n\n\n\n<p>La <a><\/a>actividad cont\u00f3 con la participaci\u00f3n de destacadas figuras, como Danisa Ram\u00edrez, secretaria contra la violencia sexual, explotaci\u00f3n y trata de personas (SVET), y M\u00f3nica Mazariegos, subsecretaria ejecutiva de SVET. Tambi\u00e9n estuvo presente Besem Obenson, representante en Guatemala de la Oficina del Alto Comisionado de las Naciones Unidas para los Refugiados (ACNUR).<\/p>\n\n\n\n<p>La Vicepresidenta reafirm\u00f3 el compromiso del Gobierno de fortalecer e implementar unidades m\u00f3viles para prevenir la violencia sexual, explotaci\u00f3n y trata de personas. Destac\u00f3 que estos cr\u00edmenes no deber\u00edan existir y alent\u00f3 a la poblaci\u00f3n a denunciar cualquier delito sin temor.<\/p>\n\n\n\n<p>\u201cEstos flagelos da\u00f1an a nuestra comunidad y no deben ser tolerados<\/p>\n\n\n\n<p>Adem\u00e1s, hizo hincapi\u00e9 en la atenci\u00f3n a las comunidades m\u00e1s lejanas y abandonadas\u201d indic\u00f3 la vicepresidenta<\/p>\n\n\n\n<p>Estrategia en siete departamentos<\/p>\n\n\n\n<p>Las unidades m\u00f3viles de Univet iniciar\u00e1n operaciones en 7 departamentos y 48 municipios del pa\u00eds, centr\u00e1ndose en \u00e1reas rurales. La meta para este a\u00f1o es sensibilizar y concientizar a 13 mil ni\u00f1as, ni\u00f1os, j\u00f3venes y mujeres en situaci\u00f3n de vulnerabilidad, con el objetivo de prevenir estos actos de violencia.<\/p>\n\n\n\n<p>Besem Obenson, representante de ACNUR para Guatemala, resalt\u00f3 el papel fundamental de estas unidades m\u00f3viles en el acceso a derechos para todas las personas guatemaltecas. Expres\u00f3 el entusiasmo de ACNUR por apoyar a SVET y trabajar conjuntamente para ofrecer servicios vitales. Enfatiz\u00f3 la importancia de la educaci\u00f3n y la prevenci\u00f3n como esfuerzos colectivos.<\/p>\n\n\n\n<p>La SVET, respaldada por el apoyo de ACNUR, se comprometi\u00f3 a contar con el mejor recurso humano capacitado para brindar atenci\u00f3n de calidad en las zonas m\u00e1s desatendidas del pa\u00eds. Con siete unidades m\u00f3viles en funcionamiento, Alta Verapaz lidera este a\u00f1o las iniciativas para prevenir violaci\u00f3n, explotaci\u00f3n y trata de personas.<\/p>\n\n\n\n<p>Univet, concebida para fortalecer la prevenci\u00f3n relacionada con la violencia de g\u00e9nero, se enfoca en lugares con dif\u00edcil acceso a la atenci\u00f3n.<\/p>\n\n\n\n<p>Este es un paso importante hacia la protecci\u00f3n de los derechos y la seguridad de las personas guatemaltecas, y marca un hito en la lucha contra la trata, explotaci\u00f3n y violencia sexual en el pa\u00eds.<\/p>\n\n\n\n<p>Texto: Lincy Rodr\u00edguez<\/p>\n\n\n\n<p><a href=\"https:\/\/www.facebook.com\/hashtag\/univet?__eep__=6&amp;__cft__[0]=AZUASd7AjwyaXJ6X2a_GNXeMCTmDmWEpvcGapczvfgBjOryKQGW-xkLZ4QY1d-ysuZ4ltN5-dp2KI8ToJcQcfqKYuiAInn0goafxPSGBzPaR1tNUhwCfpmPMpBk7W7wLxOoVoMsM1OtK1UzC5ynkgooM0s0FLSWLCmIpTSD_F-cFuF9GCQleH4AX-20OKKZAzvA&amp;__tn__=*NK-R\">#univet<\/a><a href=\"https:\/\/www.facebook.com\/hashtag\/metroredes?__eep__=6&amp;__cft__[0]=AZUASd7AjwyaXJ6X2a_GNXeMCTmDmWEpvcGapczvfgBjOryKQGW-xkLZ4QY1d-ysuZ4ltN5-dp2KI8ToJcQcfqKYuiAInn0goafxPSGBzPaR1tNUhwCfpmPMpBk7W7wLxOoVoMsM1OtK1UzC5ynkgooM0s0FLSWLCmIpTSD_F-cFuF9GCQleH4AX-20OKKZAzvA&amp;__tn__=*NK-R\">#metroredes<\/a> <a href=\"http:\/\/www.elmetropolitano.com.gt\/?fbclid=IwAR2LiWBC0z3eXYEGa6zAx3-Uj8IMUOJ3XuO9st7G4PG4nmKmL_nCXZj705U\" target=\"_blank\" rel=\"noreferrer noopener\">Www.elmetropolitano.com.gt<\/a> <a href=\"https:\/\/l.facebook.com\/l.php?u=http%3A%2F%2FWww.metroredes.com%2F%3Ffbclid%3DIwAR0_-8c24jupVAfau4K3a5zyKhAyezGBAZ2MmZQlybN6zMOb_V6LVq5mPFU&amp;h=AT0b1IqqbRRDnrA8ZvRsClH6DHt5g6NXzUlhPZKUG3DAMswObbcEsJcAiyTozBCLVQQlxeYVdRFfBuKVZtGgexlhQmVNxWcvoAqoKZGBkMPf9l4WEzzewoJPp857oFKxb9R-&amp;__tn__=-UK-R&amp;c[0]=AT3zlPaiTRC7U_L8aRlBjLk8iS694MxSSXSqTBQIba8KL23Z9cuPCa0TOKembhBgmCOY5KH-OCXDZiGI8nN7qTTAOtGXfMLpSTs075Iro1VFl-5Q1mS-YbeokhLsTYyge6w__M6tx_rLYLhgRPOro7ONcMYToXpkcbmUjcWfCTZ07Kfk9nUhG3DlOIsHF-RKeTLDXliLFd-H\" target=\"_blank\" rel=\"noreferrer noopener\">Www.metroredes.com<\/a><\/p>\n\n\n\n<figure class=\"wp-block-gallery has-nested-images columns-default is-cropped wp-block-gallery-1 is-layout-flex wp-block-gallery-is-layout-flex\">\n<figure class=\"wp-block-image size-large\"><img loading=\"lazy\" decoding=\"async\" width=\"1024\" height=\"683\" data-id=\"79378\" src=\"https:\/\/elmetropolitano.com.gt\/es\/wp-content\/uploads\/2024\/03\/429832021_895095282616556_431453463680382061_n-1024x683.jpg\" alt=\"\" class=\"wp-image-79378\" srcset=\"https:\/\/elmetropolitano.com.gt\/es\/wp-content\/uploads\/2024\/03\/429832021_895095282616556_431453463680382061_n-1024x683.jpg 1024w, https:\/\/elmetropolitano.com.gt\/es\/wp-content\/uploads\/2024\/03\/429832021_895095282616556_431453463680382061_n-300x200.jpg 300w, https:\/\/elmetropolitano.com.gt\/es\/wp-content\/uploads\/2024\/03\/429832021_895095282616556_431453463680382061_n-768x512.jpg 768w, https:\/\/elmetropolitano.com.gt\/es\/wp-content\/uploads\/2024\/03\/429832021_895095282616556_431453463680382061_n.jpg 1440w\" sizes=\"auto, (max-width: 1024px) 100vw, 1024px\" \/><\/figure>\n\n\n\n<figure class=\"wp-block-image size-large\"><img loading=\"lazy\" decoding=\"async\" width=\"1024\" height=\"683\" data-id=\"79379\" src=\"https:\/\/elmetropolitano.com.gt\/es\/wp-content\/uploads\/2024\/03\/429834192_895095295949888_3076043320834670357_n-1024x683.jpg\" alt=\"\" class=\"wp-image-79379\" srcset=\"https:\/\/elmetropolitano.com.gt\/es\/wp-content\/uploads\/2024\/03\/429834192_895095295949888_3076043320834670357_n-1024x683.jpg 1024w, https:\/\/elmetropolitano.com.gt\/es\/wp-content\/uploads\/2024\/03\/429834192_895095295949888_3076043320834670357_n-300x200.jpg 300w, https:\/\/elmetropolitano.com.gt\/es\/wp-content\/uploads\/2024\/03\/429834192_895095295949888_3076043320834670357_n-768x512.jpg 768w, https:\/\/elmetropolitano.com.gt\/es\/wp-content\/uploads\/2024\/03\/429834192_895095295949888_3076043320834670357_n.jpg 1440w\" sizes=\"auto, (max-width: 1024px) 100vw, 1024px\" \/><\/figure>\n\n\n\n<figure class=\"wp-block-image size-large\"><img loading=\"lazy\" decoding=\"async\" width=\"1024\" height=\"683\" data-id=\"79380\" src=\"https:\/\/elmetropolitano.com.gt\/es\/wp-content\/uploads\/2024\/03\/430040884_895095269283224_7508857126218096828_n-1024x683.jpg\" alt=\"\" class=\"wp-image-79380\" srcset=\"https:\/\/elmetropolitano.com.gt\/es\/wp-content\/uploads\/2024\/03\/430040884_895095269283224_7508857126218096828_n-1024x683.jpg 1024w, https:\/\/elmetropolitano.com.gt\/es\/wp-content\/uploads\/2024\/03\/430040884_895095269283224_7508857126218096828_n-300x200.jpg 300w, https:\/\/elmetropolitano.com.gt\/es\/wp-content\/uploads\/2024\/03\/430040884_895095269283224_7508857126218096828_n-768x512.jpg 768w, https:\/\/elmetropolitano.com.gt\/es\/wp-content\/uploads\/2024\/03\/430040884_895095269283224_7508857126218096828_n.jpg 1440w\" sizes=\"auto, (max-width: 1024px) 100vw, 1024px\" \/><\/figure>\n<\/figure>\n","protected":false},"excerpt":{"rendered":"<p>En un acto en el Parque La Paz de Cob\u00e1n, Alta Verapaz, la vicepresidenta Karin Herrera particip\u00f3 en el relanzamiento de las unidades m\u00f3viles para la prevenci\u00f3n de violencia sexual, explotaci\u00f3n y trata de personas (Univet). Esto marca el inicio de una estrategia integral para prevenir la trata, explotaci\u00f3n y violencia sexual en Guatemala. La <a class=\"read-more\" href=\"https:\/\/elmetropolitano.com.gt\/es\/karin-herrera-participa-en-relanzamiento-de-univet-en-coban-alta-verapaz\/\">Leer m\u00e1s<\/a><\/p>\n","protected":false},"author":1,"featured_media":79377,"comment_status":"open","ping_status":"closed","sticky":false,"template":"","format":"standard","meta":{"footnotes":""},"categories":[4],"tags":[13],"class_list":["post-79376","post","type-post","status-publish","format-standard","has-post-thumbnail","hentry","category-departamentales","tag-departamentales"],"_links":{"self":[{"href":"https:\/\/elmetropolitano.com.gt\/es\/wp-json\/wp\/v2\/posts\/79376","targetHints":{"allow":["GET"]}}],"collection":[{"href":"https:\/\/elmetropolitano.com.gt\/es\/wp-json\/wp\/v2\/posts"}],"about":[{"href":"https:\/\/elmetropolitano.com.gt\/es\/wp-json\/wp\/v2\/types\/post"}],"author":[{"embeddable":true,"href":"https:\/\/elmetropolitano.com.gt\/es\/wp-json\/wp\/v2\/users\/1"}],"replies":[{"embeddable":true,"href":"https:\/\/elmetropolitano.com.gt\/es\/wp-json\/wp\/v2\/comments?post=79376"}],"version-history":[{"count":1,"href":"https:\/\/elmetropolitano.com.gt\/es\/wp-json\/wp\/v2\/posts\/79376\/revisions"}],"predecessor-version":[{"id":79381,"href":"https:\/\/elmetropolitano.com.gt\/es\/wp-json\/wp\/v2\/posts\/79376\/revisions\/79381"}],"wp:featuredmedia":[{"embeddable":true,"href":"https:\/\/elmetropolitano.com.gt\/es\/wp-json\/wp\/v2\/media\/79377"}],"wp:attachment":[{"href":"https:\/\/elmetropolitano.com.gt\/es\/wp-json\/wp\/v2\/media?parent=79376"}],"wp:term":[{"taxonomy":"category","embeddable":true,"href":"https:\/\/elmetropolitano.com.gt\/es\/wp-json\/wp\/v2\/categories?post=79376"},{"taxonomy":"post_tag","embeddable":true,"href":"https:\/\/elmetropolitano.com.gt\/es\/wp-json\/wp\/v2\/tags?post=79376"}],"curies":[{"name":"wp","href":"https:\/\/api.w.org\/{rel}","templated":true}]}}