{"id":79388,"date":"2024-03-07T09:45:19","date_gmt":"2024-03-07T15:45:19","guid":{"rendered":"https:\/\/elmetropolitano.com.gt\/es\/?p=79388"},"modified":"2024-03-07T09:45:20","modified_gmt":"2024-03-07T15:45:20","slug":"idea-central-se-une-a-habitat-guate-para-mejorar-la-calidad-de-vida-de-10-familias","status":"publish","type":"post","link":"https:\/\/elmetropolitano.com.gt\/es\/idea-central-se-une-a-habitat-guate-para-mejorar-la-calidad-de-vida-de-10-familias\/","title":{"rendered":"IDEA CENTRAL se une a Habitat Guate para mejorar la calidad de vida de 10 familias"},"content":{"rendered":"\n<p>Recientemente, el equipo de Idea Central se uni\u00f3 a Habitat Guate en una jornada de trabajo voluntario para contribuir con la mejora de 10 hogares en comunidades guatemaltecas. Esta iniciativa forma parte del compromiso de la empresa con la responsabilidad social y el desarrollo sostenible del pa\u00eds.<\/p>\n\n\n\n<p>Los colaboradores de la desarrolladora se sumaron con entusiasmo a esta noble causa, trabajando <a><\/a>mano a mano con las familias beneficiadas para realizar mejoras en sus viviendas.<\/p><div class=\"elmet-contenido\" id=\"elmet-1095753231\"><div class=\"elmet-adlabel\">Anuncios<\/div><div style=\"margin-top: 20px;margin-right: 20px;margin-bottom: 20px;margin-left: 20px;\" id=\"elmet-2049059859\"><a href=\"https:\/\/www.facebook.com\/arrincuanantigua\/\" aria-label=\"cintillo-arrin-cual\"><img loading=\"lazy\" decoding=\"async\" src=\"https:\/\/elmetropolitano.com.gt\/es\/wp-content\/uploads\/2021\/11\/cintillo-arrin-cual-1.jpg\" alt=\"\"  srcset=\"https:\/\/elmetropolitano.com.gt\/es\/wp-content\/uploads\/2021\/11\/cintillo-arrin-cual-1.jpg 750w, https:\/\/elmetropolitano.com.gt\/es\/wp-content\/uploads\/2021\/11\/cintillo-arrin-cual-1-300x36.jpg 300w, https:\/\/elmetropolitano.com.gt\/es\/wp-content\/uploads\/2021\/11\/cintillo-arrin-cual-1-600x72.jpg 600w\" sizes=\"(max-width: 750px) 100vw, 750px\" width=\"750\" height=\"90\"   \/><\/a><\/div><\/div>\n\n\n\n<p>\u201cEstamos convencidos de que la vivienda digna es un derecho fundamental para todas las personas. Por ello, nos sentimos orgullosos de colaborar con Habitat Guate en esta iniciativa que busca mejorar las condiciones de vida de familias guatemaltecas\u201d, mencion\u00f3 Marisela Flores, Gerente de Mercadeo de Idea Central<\/p>\n\n\n\n<p>La colaboraci\u00f3n entre ambas instituciones es un ejemplo del trabajo conjunto que se puede realizar entre el sector privado y las organizaciones sociales para lograr un impacto positivo en la comunidad.<\/p>\n\n\n\n<p>Esta iniciativa representa un paso adelante en la construcci\u00f3n de un pa\u00eds m\u00e1s justo y equitativo, donde todas las personas tengan la oportunidad de vivir en un hogar digno.<\/p>\n\n\n\n<p>Idea Central es una desarrolladora inmobiliaria con una amplia trayectoria en el mercado guatemalteco. Se caracteriza por su compromiso con la calidad, la innovaci\u00f3n y la responsabilidad social. Sus proyectos se distinguen por su dise\u00f1o vanguardista, ubicaci\u00f3n estrat\u00e9gica y altos est\u00e1ndares de construcci\u00f3n.<\/p>\n\n\n\n<p>Idea Central comenz\u00f3 como inmobiliaria desde el a\u00f1o 1999. Luego de unos a\u00f1os se fue diversificando y a partir del a\u00f1o 2004 comenz\u00f3 a desarrollar proyectos espec\u00edficos para inversionistas, ofreci\u00e9ndoles seguridad, confiabilidad y un retorno de inversi\u00f3n a corto plazo.<\/p>\n\n\n\n<p>En detalle Idea Central<\/p>\n\n\n\n<p>Actualmente, ha desarrollado m\u00e1s de 30 proyectos; entre ellos Torre Quattro, Casa Roble, Industrial Las Tunas, Casa Acueducto, Moretti, Industrial Las Tunas, Brunelo, Casalini Los Arcos, Casalini Sexta Avenida, entre otros. Idea Central cuenta con el aval de la C\u00e1mara de Corredores de Bienes Ra\u00edces de Guatemala -CCBRG- y de la C\u00e1mara Guatemalteca de la Construcci\u00f3n<\/p>\n\n\n\n<p><a href=\"https:\/\/www.facebook.com\/hashtag\/ideacentral?__eep__=6&amp;__cft__[0]=AZX86dLKJqOU6ZRNPlZ3xVpuwgnkWOfGqh33JI-h2yYqiYnstmUClY1VF_waXIyB0a3XTcBZngJTuzBAYhwelhel1soPptGHfAo10oiqBk1mmwW_Zq40FIUk6mV5etWpcGIjsatgmCD4fXESLD1JVwaey6-b6EbSQ_d-nrVbRYpT_UdAWRZXI8Zk1-q5pIBYuw8&amp;__tn__=*NK-R\">#IdeaCentral<\/a><a href=\"https:\/\/www.facebook.com\/hashtag\/habitatguate?__eep__=6&amp;__cft__[0]=AZX86dLKJqOU6ZRNPlZ3xVpuwgnkWOfGqh33JI-h2yYqiYnstmUClY1VF_waXIyB0a3XTcBZngJTuzBAYhwelhel1soPptGHfAo10oiqBk1mmwW_Zq40FIUk6mV5etWpcGIjsatgmCD4fXESLD1JVwaey6-b6EbSQ_d-nrVbRYpT_UdAWRZXI8Zk1-q5pIBYuw8&amp;__tn__=*NK-R\">#HabitatGuate<\/a><a href=\"https:\/\/www.facebook.com\/hashtag\/metroredes?__eep__=6&amp;__cft__[0]=AZX86dLKJqOU6ZRNPlZ3xVpuwgnkWOfGqh33JI-h2yYqiYnstmUClY1VF_waXIyB0a3XTcBZngJTuzBAYhwelhel1soPptGHfAo10oiqBk1mmwW_Zq40FIUk6mV5etWpcGIjsatgmCD4fXESLD1JVwaey6-b6EbSQ_d-nrVbRYpT_UdAWRZXI8Zk1-q5pIBYuw8&amp;__tn__=*NK-R\">#metroredes<\/a><a href=\"https:\/\/www.facebook.com\/hashtag\/viviendadigna?__eep__=6&amp;__cft__[0]=AZX86dLKJqOU6ZRNPlZ3xVpuwgnkWOfGqh33JI-h2yYqiYnstmUClY1VF_waXIyB0a3XTcBZngJTuzBAYhwelhel1soPptGHfAo10oiqBk1mmwW_Zq40FIUk6mV5etWpcGIjsatgmCD4fXESLD1JVwaey6-b6EbSQ_d-nrVbRYpT_UdAWRZXI8Zk1-q5pIBYuw8&amp;__tn__=*NK-R\">#viviendadigna<\/a><\/p>\n\n\n\n<p><\/p>\n\n\n\n<figure class=\"wp-block-gallery has-nested-images columns-default is-cropped wp-block-gallery-1 is-layout-flex wp-block-gallery-is-layout-flex\">\n<figure class=\"wp-block-image size-large\"><img loading=\"lazy\" decoding=\"async\" width=\"1024\" height=\"768\" data-id=\"79390\" src=\"https:\/\/elmetropolitano.com.gt\/es\/wp-content\/uploads\/2024\/03\/429817098_895140925945325_6745843501296193124_n-1024x768.jpg\" alt=\"\" class=\"wp-image-79390\" srcset=\"https:\/\/elmetropolitano.com.gt\/es\/wp-content\/uploads\/2024\/03\/429817098_895140925945325_6745843501296193124_n-1024x768.jpg 1024w, https:\/\/elmetropolitano.com.gt\/es\/wp-content\/uploads\/2024\/03\/429817098_895140925945325_6745843501296193124_n-300x225.jpg 300w, https:\/\/elmetropolitano.com.gt\/es\/wp-content\/uploads\/2024\/03\/429817098_895140925945325_6745843501296193124_n-768x576.jpg 768w, https:\/\/elmetropolitano.com.gt\/es\/wp-content\/uploads\/2024\/03\/429817098_895140925945325_6745843501296193124_n-1536x1152.jpg 1536w, https:\/\/elmetropolitano.com.gt\/es\/wp-content\/uploads\/2024\/03\/429817098_895140925945325_6745843501296193124_n.jpg 1600w\" sizes=\"auto, (max-width: 1024px) 100vw, 1024px\" \/><\/figure>\n\n\n\n<figure class=\"wp-block-image size-large\"><img loading=\"lazy\" decoding=\"async\" width=\"1024\" height=\"768\" data-id=\"79391\" src=\"https:\/\/elmetropolitano.com.gt\/es\/wp-content\/uploads\/2024\/03\/430842652_895141125945305_398426538548216325_n-1024x768.jpg\" alt=\"\" class=\"wp-image-79391\" srcset=\"https:\/\/elmetropolitano.com.gt\/es\/wp-content\/uploads\/2024\/03\/430842652_895141125945305_398426538548216325_n-1024x768.jpg 1024w, https:\/\/elmetropolitano.com.gt\/es\/wp-content\/uploads\/2024\/03\/430842652_895141125945305_398426538548216325_n-300x225.jpg 300w, https:\/\/elmetropolitano.com.gt\/es\/wp-content\/uploads\/2024\/03\/430842652_895141125945305_398426538548216325_n-768x576.jpg 768w, https:\/\/elmetropolitano.com.gt\/es\/wp-content\/uploads\/2024\/03\/430842652_895141125945305_398426538548216325_n-1536x1152.jpg 1536w, https:\/\/elmetropolitano.com.gt\/es\/wp-content\/uploads\/2024\/03\/430842652_895141125945305_398426538548216325_n.jpg 2048w\" sizes=\"auto, (max-width: 1024px) 100vw, 1024px\" \/><\/figure>\n<\/figure>\n","protected":false},"excerpt":{"rendered":"<p>Recientemente, el equipo de Idea Central se uni\u00f3 a Habitat Guate en una jornada de trabajo voluntario para contribuir con la mejora de 10 hogares en comunidades guatemaltecas. Esta iniciativa forma parte del compromiso de la empresa con la responsabilidad social y el desarrollo sostenible del pa\u00eds. Los colaboradores de la desarrolladora se sumaron con <a class=\"read-more\" href=\"https:\/\/elmetropolitano.com.gt\/es\/idea-central-se-une-a-habitat-guate-para-mejorar-la-calidad-de-vida-de-10-familias\/\">Leer m\u00e1s<\/a><\/p>\n","protected":false},"author":1,"featured_media":79389,"comment_status":"open","ping_status":"closed","sticky":false,"template":"","format":"standard","meta":{"footnotes":""},"categories":[2],"tags":[12],"class_list":["post-79388","post","type-post","status-publish","format-standard","has-post-thumbnail","hentry","category-nacionales","tag-nacionales"],"_links":{"self":[{"href":"https:\/\/elmetropolitano.com.gt\/es\/wp-json\/wp\/v2\/posts\/79388","targetHints":{"allow":["GET"]}}],"collection":[{"href":"https:\/\/elmetropolitano.com.gt\/es\/wp-json\/wp\/v2\/posts"}],"about":[{"href":"https:\/\/elmetropolitano.com.gt\/es\/wp-json\/wp\/v2\/types\/post"}],"author":[{"embeddable":true,"href":"https:\/\/elmetropolitano.com.gt\/es\/wp-json\/wp\/v2\/users\/1"}],"replies":[{"embeddable":true,"href":"https:\/\/elmetropolitano.com.gt\/es\/wp-json\/wp\/v2\/comments?post=79388"}],"version-history":[{"count":1,"href":"https:\/\/elmetropolitano.com.gt\/es\/wp-json\/wp\/v2\/posts\/79388\/revisions"}],"predecessor-version":[{"id":79392,"href":"https:\/\/elmetropolitano.com.gt\/es\/wp-json\/wp\/v2\/posts\/79388\/revisions\/79392"}],"wp:featuredmedia":[{"embeddable":true,"href":"https:\/\/elmetropolitano.com.gt\/es\/wp-json\/wp\/v2\/media\/79389"}],"wp:attachment":[{"href":"https:\/\/elmetropolitano.com.gt\/es\/wp-json\/wp\/v2\/media?parent=79388"}],"wp:term":[{"taxonomy":"category","embeddable":true,"href":"https:\/\/elmetropolitano.com.gt\/es\/wp-json\/wp\/v2\/categories?post=79388"},{"taxonomy":"post_tag","embeddable":true,"href":"https:\/\/elmetropolitano.com.gt\/es\/wp-json\/wp\/v2\/tags?post=79388"}],"curies":[{"name":"wp","href":"https:\/\/api.w.org\/{rel}","templated":true}]}}