{"id":79393,"date":"2024-03-07T09:50:07","date_gmt":"2024-03-07T15:50:07","guid":{"rendered":"https:\/\/elmetropolitano.com.gt\/es\/?p=79393"},"modified":"2024-03-07T09:50:08","modified_gmt":"2024-03-07T15:50:08","slug":"mandatario-bernardo-arevalo-reitera-apoyo-a-los-gobiernos-locales","status":"publish","type":"post","link":"https:\/\/elmetropolitano.com.gt\/es\/mandatario-bernardo-arevalo-reitera-apoyo-a-los-gobiernos-locales\/","title":{"rendered":"Mandatario Bernardo Ar\u00e9valo reitera apoyo a los gobiernos locales"},"content":{"rendered":"\n<p>El presidente Bernardo Ar\u00e9valo reiter\u00f3 el apoyo a los gobiernos locales, este mi\u00e9rcoles, durante la primera reuni\u00f3n de la Comisi\u00f3n Presidencial de Asuntos Municipales (Copresam) en el Palacio Nacional de la Cultura.<\/p>\n\n\n\n<p>Quiero reiterarles el compromiso del Gobierno de la Rep\u00fablica de trabajar con todos los alcaldes del pa\u00eds, porque al final el mandato popular que ustedes tienen es para generar las obras de desarrollo <a><\/a>y el mandato nuestro es trabajar por del desarrollo de toda la naci\u00f3n<\/p><div class=\"elmet-contenido\" id=\"elmet-46956953\"><div class=\"elmet-adlabel\">Anuncios<\/div><div style=\"margin-top: 20px;margin-right: 20px;margin-bottom: 20px;margin-left: 20px;\" id=\"elmet-670092086\"><a href=\"https:\/\/www.facebook.com\/arrincuanantigua\/\" aria-label=\"cintillo-arrin-cual\"><img loading=\"lazy\" decoding=\"async\" src=\"https:\/\/elmetropolitano.com.gt\/es\/wp-content\/uploads\/2021\/11\/cintillo-arrin-cual-1.jpg\" alt=\"\"  srcset=\"https:\/\/elmetropolitano.com.gt\/es\/wp-content\/uploads\/2021\/11\/cintillo-arrin-cual-1.jpg 750w, https:\/\/elmetropolitano.com.gt\/es\/wp-content\/uploads\/2021\/11\/cintillo-arrin-cual-1-300x36.jpg 300w, https:\/\/elmetropolitano.com.gt\/es\/wp-content\/uploads\/2021\/11\/cintillo-arrin-cual-1-600x72.jpg 600w\" sizes=\"(max-width: 750px) 100vw, 750px\" width=\"750\" height=\"90\"   \/><\/a><\/div><\/div>\n\n\n\n<p>El gobernante resalt\u00f3 que esta sede de Gobierno es del pueblo y para el pueblo, por ello ahora se abrieron las puertas para trabajar con todos los sectores del pa\u00eds.<\/p>\n\n\n\n<p>La coordinaci\u00f3n<\/p>\n\n\n\n<p>En su mensaje, el mandatario indic\u00f3 que la coordinaci\u00f3n con las municipalidades se efectuar\u00e1 por medio de entidades de Gobierno y con visitas a nivel departamental.<\/p>\n\n\n\n<p>La Copresam es uno de estos instrumentos en los que el Ejecutivo buscar\u00e1 formas de apoyar a las municipalidades para enfrentar estos retos y los retos de las tareas municipales.<\/p>\n\n\n\n<p>Resalt\u00f3 que en los pr\u00f3ximos meses se espera conocer m\u00e1s de cerca las necesidades de cada departamento con visitas al interior.<\/p>\n\n\n\n<p>Sobre la reuni\u00f3n<\/p>\n\n\n\n<p>Durante la primera reuni\u00f3n se cont\u00f3 con la participaci\u00f3n de 38 alcaldes de diversos puntos del pa\u00eds para dar a conocer el quehacer de esta comisi\u00f3n, como ente articulador entre el Ejecutivo y los gobiernos locales. Otro tema para abordar es el agua y el saneamiento.<\/p>\n\n\n\n<p>En esta reuni\u00f3n pudimos compartir con 38 alcaldes, la mayor\u00eda procedentes del oriente del pa\u00eds, norte y centro para entender de primera vez las necesidades de cada departamento.<\/p>\n\n\n\n<p>El objetivo es entablar un relacionamiento y articulaci\u00f3n efectiva y constructiva entre la labor del Ejecutivo y los gobiernos locales. Darles a conocer el quehacer de la Copresam desde una visi\u00f3n estrat\u00e9gica en la que podamos unir esfuerzos que desemboquen en desarrollo para los municipios.<\/p>\n\n\n\n<p>Medio ambiente<\/p>\n\n\n\n<p>Tambi\u00e9n se suma a esta coordinaci\u00f3n el Ministerio de Ambiente y Recursos Naturales.<\/p>\n\n\n\n<p>Bernardo Ar\u00e9valo indic\u00f3 que \u201cPara que podamos apoyar los esfuerzos locales que orienten el cumplimiento de acuerdos sensibles relacionados con el agua y saneamiento. Pero, sobre todo, el acompa\u00f1amiento a las municipalidades en sus retos para alcanzar esa respuesta precisa a la poblaci\u00f3n\u201d<\/p>\n\n\n\n<p>Se tiene previsto un siguiente encuentro que aglutine un nuevo grupo de alcaldes de otros puntos del pa\u00eds.<\/p>\n\n\n\n<p>Texto: Brenda Larios<\/p>\n\n\n\n<p><a href=\"https:\/\/www.facebook.com\/hashtag\/copresam?__eep__=6&amp;__cft__[0]=AZWswtg4H0KxvQ5juvc7zyPLcBjfH767D5EP4CiKE5A2W3onMsaUo3K773MwASEaBLwAT5d8MnCfpw82yFegeSBtE4wD7I6S_0U5fvcJbGPMlGr_TlrKrjC7Dy-9lyu4G-O3HGxYZyFoasyv_EohRCmrR9P2QFZ-7F47MGHvkEwA0YFzivL-egsqbBwHKkKdEYk&amp;__tn__=*NK-R\">#copresam<\/a><a href=\"https:\/\/www.facebook.com\/hashtag\/metroredes?__eep__=6&amp;__cft__[0]=AZWswtg4H0KxvQ5juvc7zyPLcBjfH767D5EP4CiKE5A2W3onMsaUo3K773MwASEaBLwAT5d8MnCfpw82yFegeSBtE4wD7I6S_0U5fvcJbGPMlGr_TlrKrjC7Dy-9lyu4G-O3HGxYZyFoasyv_EohRCmrR9P2QFZ-7F47MGHvkEwA0YFzivL-egsqbBwHKkKdEYk&amp;__tn__=*NK-R\">#metroredes<\/a>  www.metroredes.com <\/p>\n\n\n\n<figure class=\"wp-block-gallery has-nested-images columns-default is-cropped wp-block-gallery-1 is-layout-flex wp-block-gallery-is-layout-flex\">\n<figure class=\"wp-block-image size-large\"><img loading=\"lazy\" decoding=\"async\" width=\"680\" height=\"383\" data-id=\"79395\" src=\"https:\/\/elmetropolitano.com.gt\/es\/wp-content\/uploads\/2024\/03\/429847551_895148505944567_5697901255035801990_n.jpg\" alt=\"\" class=\"wp-image-79395\" srcset=\"https:\/\/elmetropolitano.com.gt\/es\/wp-content\/uploads\/2024\/03\/429847551_895148505944567_5697901255035801990_n.jpg 680w, https:\/\/elmetropolitano.com.gt\/es\/wp-content\/uploads\/2024\/03\/429847551_895148505944567_5697901255035801990_n-300x169.jpg 300w\" sizes=\"auto, (max-width: 680px) 100vw, 680px\" \/><\/figure>\n\n\n\n<figure class=\"wp-block-image size-large\"><img loading=\"lazy\" decoding=\"async\" width=\"680\" height=\"510\" data-id=\"79396\" src=\"https:\/\/elmetropolitano.com.gt\/es\/wp-content\/uploads\/2024\/03\/429868661_895148495944568_761644711001418292_n.jpg\" alt=\"\" class=\"wp-image-79396\" srcset=\"https:\/\/elmetropolitano.com.gt\/es\/wp-content\/uploads\/2024\/03\/429868661_895148495944568_761644711001418292_n.jpg 680w, https:\/\/elmetropolitano.com.gt\/es\/wp-content\/uploads\/2024\/03\/429868661_895148495944568_761644711001418292_n-300x225.jpg 300w\" sizes=\"auto, (max-width: 680px) 100vw, 680px\" \/><\/figure>\n<\/figure>\n","protected":false},"excerpt":{"rendered":"<p>El presidente Bernardo Ar\u00e9valo reiter\u00f3 el apoyo a los gobiernos locales, este mi\u00e9rcoles, durante la primera reuni\u00f3n de la Comisi\u00f3n Presidencial de Asuntos Municipales (Copresam) en el Palacio Nacional de la Cultura. Quiero reiterarles el compromiso del Gobierno de la Rep\u00fablica de trabajar con todos los alcaldes del pa\u00eds, porque al final el mandato popular <a class=\"read-more\" href=\"https:\/\/elmetropolitano.com.gt\/es\/mandatario-bernardo-arevalo-reitera-apoyo-a-los-gobiernos-locales\/\">Leer m\u00e1s<\/a><\/p>\n","protected":false},"author":1,"featured_media":79394,"comment_status":"open","ping_status":"closed","sticky":false,"template":"","format":"standard","meta":{"footnotes":""},"categories":[2],"tags":[12],"class_list":["post-79393","post","type-post","status-publish","format-standard","has-post-thumbnail","hentry","category-nacionales","tag-nacionales"],"_links":{"self":[{"href":"https:\/\/elmetropolitano.com.gt\/es\/wp-json\/wp\/v2\/posts\/79393","targetHints":{"allow":["GET"]}}],"collection":[{"href":"https:\/\/elmetropolitano.com.gt\/es\/wp-json\/wp\/v2\/posts"}],"about":[{"href":"https:\/\/elmetropolitano.com.gt\/es\/wp-json\/wp\/v2\/types\/post"}],"author":[{"embeddable":true,"href":"https:\/\/elmetropolitano.com.gt\/es\/wp-json\/wp\/v2\/users\/1"}],"replies":[{"embeddable":true,"href":"https:\/\/elmetropolitano.com.gt\/es\/wp-json\/wp\/v2\/comments?post=79393"}],"version-history":[{"count":1,"href":"https:\/\/elmetropolitano.com.gt\/es\/wp-json\/wp\/v2\/posts\/79393\/revisions"}],"predecessor-version":[{"id":79397,"href":"https:\/\/elmetropolitano.com.gt\/es\/wp-json\/wp\/v2\/posts\/79393\/revisions\/79397"}],"wp:featuredmedia":[{"embeddable":true,"href":"https:\/\/elmetropolitano.com.gt\/es\/wp-json\/wp\/v2\/media\/79394"}],"wp:attachment":[{"href":"https:\/\/elmetropolitano.com.gt\/es\/wp-json\/wp\/v2\/media?parent=79393"}],"wp:term":[{"taxonomy":"category","embeddable":true,"href":"https:\/\/elmetropolitano.com.gt\/es\/wp-json\/wp\/v2\/categories?post=79393"},{"taxonomy":"post_tag","embeddable":true,"href":"https:\/\/elmetropolitano.com.gt\/es\/wp-json\/wp\/v2\/tags?post=79393"}],"curies":[{"name":"wp","href":"https:\/\/api.w.org\/{rel}","templated":true}]}}