{"id":79400,"date":"2024-03-07T10:44:46","date_gmt":"2024-03-07T16:44:46","guid":{"rendered":"https:\/\/elmetropolitano.com.gt\/es\/?p=79400"},"modified":"2024-03-07T10:44:47","modified_gmt":"2024-03-07T16:44:47","slug":"diputada-nadia-de-leon-torres-gana-espacios-ahora-llega-a-finanzas","status":"publish","type":"post","link":"https:\/\/elmetropolitano.com.gt\/es\/diputada-nadia-de-leon-torres-gana-espacios-ahora-llega-a-finanzas\/","title":{"rendered":"Diputada Nadia de Le\u00f3n Torres gana espacios, ahora llega a finanzas"},"content":{"rendered":"\n<p>La diputada Nadia de Le\u00f3n Torres, ahora la \u00fanica diputada de la bancada NOSOTROS, sigue ganando espacios y este mi\u00e9rcoles se present\u00f3 a la Comisi\u00f3n de Finanzas para notificarle al presidente de la misma, Julio H\u00e9ctor Estrada, que ella es la designada para participar en esa sala de trabajo.<\/p>\n\n\n\n<p>Estrada no estaba tan convencido y present\u00f3 alguna oposici\u00f3n; sin embargo, la diputada Nadia, hija de Sandra Torres, <a><\/a>asegur\u00f3 que le acompa\u00f1aba su abogado por aquello que no se le deje participar.<\/p><div class=\"elmet-contenido\" id=\"elmet-3668294282\"><div class=\"elmet-adlabel\">Anuncios<\/div><div style=\"margin-top: 20px;margin-right: 20px;margin-bottom: 20px;margin-left: 20px;\" id=\"elmet-1453949087\"><a href=\"https:\/\/www.facebook.com\/arrincuanantigua\/\" aria-label=\"cintillo-arrin-cual\"><img loading=\"lazy\" decoding=\"async\" src=\"https:\/\/elmetropolitano.com.gt\/es\/wp-content\/uploads\/2021\/11\/cintillo-arrin-cual-1.jpg\" alt=\"\"  srcset=\"https:\/\/elmetropolitano.com.gt\/es\/wp-content\/uploads\/2021\/11\/cintillo-arrin-cual-1.jpg 750w, https:\/\/elmetropolitano.com.gt\/es\/wp-content\/uploads\/2021\/11\/cintillo-arrin-cual-1-300x36.jpg 300w, https:\/\/elmetropolitano.com.gt\/es\/wp-content\/uploads\/2021\/11\/cintillo-arrin-cual-1-600x72.jpg 600w\" sizes=\"(max-width: 750px) 100vw, 750px\" width=\"750\" height=\"90\"   \/><\/a><\/div><\/div>\n\n\n\n<p>Estrada dijo que la Corte de Constitucionalidad (CC) instruye a la Junta Directiva del Congreso y que se haga saber del fallo a los jefes de bloque, pero no a las comisiones.<\/p>\n\n\n\n<p>Los diputado Rudy Pereira y Vivian Preciado Navarijo, el partido NOSOTROS los expuls\u00f3 y s\u00f3lo se qued\u00f3 con la bancada Nadia.<\/p>\n\n\n\n<p>El presidente de la Comisi\u00f3n de Finanzas argument\u00f3 que se puede juramentar en lugar de Rudy Pereira o esperar la notificaci\u00f3n de Junta Directiva (JD) y esto fue apoyado por el parlamentario Luis Contreras quien indic\u00f3 que JD no ha notificado y no exist\u00eda cu\u00f3rrum para votar.<\/p>\n\n\n\n<p>\u201cSe debe esperar que est\u00e9n completos para votar si se acepta\u201d, termin\u00f3 argumentando el congresista. Pero el diputado Carlos L\u00f3pez se\u00f1al\u00f3 que en el pleno ya se marcan a 25 independientes y legalmente ya est\u00e1 Nadia como \u00fanica de la bancada NOSOTROS.<\/p>\n\n\n\n<p>Otro que opin\u00f3 al respecto, \u00c1lvaro Arz\u00fa quien dijo que el criterio de la CC est\u00e1 claro y la JD ya lo acat\u00f3. \u201cTenemos que ahorrarnos este amparo antes de que nos lo interponga a esta comisi\u00f3n\u201d, finaliz\u00f3 diciendo.<\/p>\n\n\n\n<p>El diputado de VOS, Jairo Flores, expres\u00f3 que la CC no nos da opci\u00f3n a votar y Estrada basado en eso dijo que se aceptaba el ingreso.<\/p>\n\n\n\n<p>Pero los fallos de la CC no es s\u00f3lo a favor de la diputada Nadia, tambi\u00e9n ha sido en contra de los parlamentarios de Semilla, donde les proh\u00edbe participar en sesiones de la instancia de jefes de bloque.<\/p>\n\n\n\n<p>Texto Francisco Javier Hurtarte<\/p>\n\n\n\n<p><a href=\"https:\/\/www.facebook.com\/hashtag\/metroredes?__eep__=6&amp;__cft__[0]=AZWXMoQEGfkyeQWZuMl90Q1mMxUuejoVcHZZNbyekDcyTXHXSeRETRxp-tMj0NVb6qtQS7fZOOhTf0edz6xds1_oAXEyONGVHruUQ9NOMmf2YLD_FQYU7o5INRBWJizL1PagW7sMSWQRmzk8l1s8T1Sx3WZfvLEAtO7OnoV_UvgET2YpA5HvgHtr3owIbDbIWtQ&amp;__tn__=*NK-R\">#metroredes<\/a><a href=\"https:\/\/www.facebook.com\/hashtag\/congresogt?__eep__=6&amp;__cft__[0]=AZWXMoQEGfkyeQWZuMl90Q1mMxUuejoVcHZZNbyekDcyTXHXSeRETRxp-tMj0NVb6qtQS7fZOOhTf0edz6xds1_oAXEyONGVHruUQ9NOMmf2YLD_FQYU7o5INRBWJizL1PagW7sMSWQRmzk8l1s8T1Sx3WZfvLEAtO7OnoV_UvgET2YpA5HvgHtr3owIbDbIWtQ&amp;__tn__=*NK-R\">#CongresoGT<\/a><a href=\"https:\/\/www.facebook.com\/hashtag\/partidonosotros?__eep__=6&amp;__cft__[0]=AZWXMoQEGfkyeQWZuMl90Q1mMxUuejoVcHZZNbyekDcyTXHXSeRETRxp-tMj0NVb6qtQS7fZOOhTf0edz6xds1_oAXEyONGVHruUQ9NOMmf2YLD_FQYU7o5INRBWJizL1PagW7sMSWQRmzk8l1s8T1Sx3WZfvLEAtO7OnoV_UvgET2YpA5HvgHtr3owIbDbIWtQ&amp;__tn__=*NK-R\">#PartidoNosotros<\/a>  www.metroredes.com  <\/p>\n\n\n\n<figure class=\"wp-block-gallery has-nested-images columns-default is-cropped wp-block-gallery-1 is-layout-flex wp-block-gallery-is-layout-flex\">\n<figure class=\"wp-block-image size-large\"><img loading=\"lazy\" decoding=\"async\" width=\"1024\" height=\"682\" data-id=\"79402\" src=\"https:\/\/elmetropolitano.com.gt\/es\/wp-content\/uploads\/2024\/03\/429861857_895405442585540_7344232082112832572_n-1024x682.jpg\" alt=\"\" class=\"wp-image-79402\" srcset=\"https:\/\/elmetropolitano.com.gt\/es\/wp-content\/uploads\/2024\/03\/429861857_895405442585540_7344232082112832572_n-1024x682.jpg 1024w, https:\/\/elmetropolitano.com.gt\/es\/wp-content\/uploads\/2024\/03\/429861857_895405442585540_7344232082112832572_n-300x200.jpg 300w, https:\/\/elmetropolitano.com.gt\/es\/wp-content\/uploads\/2024\/03\/429861857_895405442585540_7344232082112832572_n-768x512.jpg 768w, https:\/\/elmetropolitano.com.gt\/es\/wp-content\/uploads\/2024\/03\/429861857_895405442585540_7344232082112832572_n.jpg 1286w\" sizes=\"auto, (max-width: 1024px) 100vw, 1024px\" \/><\/figure>\n\n\n\n<figure class=\"wp-block-image size-large\"><img loading=\"lazy\" decoding=\"async\" width=\"1024\" height=\"682\" data-id=\"79403\" src=\"https:\/\/elmetropolitano.com.gt\/es\/wp-content\/uploads\/2024\/03\/429871953_895405469252204_5943956664908882538_n-1024x682.jpg\" alt=\"\" class=\"wp-image-79403\" srcset=\"https:\/\/elmetropolitano.com.gt\/es\/wp-content\/uploads\/2024\/03\/429871953_895405469252204_5943956664908882538_n-1024x682.jpg 1024w, https:\/\/elmetropolitano.com.gt\/es\/wp-content\/uploads\/2024\/03\/429871953_895405469252204_5943956664908882538_n-300x200.jpg 300w, https:\/\/elmetropolitano.com.gt\/es\/wp-content\/uploads\/2024\/03\/429871953_895405469252204_5943956664908882538_n-768x512.jpg 768w, https:\/\/elmetropolitano.com.gt\/es\/wp-content\/uploads\/2024\/03\/429871953_895405469252204_5943956664908882538_n.jpg 1286w\" sizes=\"auto, (max-width: 1024px) 100vw, 1024px\" \/><\/figure>\n<\/figure>\n","protected":false},"excerpt":{"rendered":"<p>La diputada Nadia de Le\u00f3n Torres, ahora la \u00fanica diputada de la bancada NOSOTROS, sigue ganando espacios y este mi\u00e9rcoles se present\u00f3 a la Comisi\u00f3n de Finanzas para notificarle al presidente de la misma, Julio H\u00e9ctor Estrada, que ella es la designada para participar en esa sala de trabajo. Estrada no estaba tan convencido y <a class=\"read-more\" href=\"https:\/\/elmetropolitano.com.gt\/es\/diputada-nadia-de-leon-torres-gana-espacios-ahora-llega-a-finanzas\/\">Leer m\u00e1s<\/a><\/p>\n","protected":false},"author":1,"featured_media":79401,"comment_status":"open","ping_status":"closed","sticky":false,"template":"","format":"standard","meta":{"footnotes":""},"categories":[2],"tags":[12],"class_list":["post-79400","post","type-post","status-publish","format-standard","has-post-thumbnail","hentry","category-nacionales","tag-nacionales"],"_links":{"self":[{"href":"https:\/\/elmetropolitano.com.gt\/es\/wp-json\/wp\/v2\/posts\/79400","targetHints":{"allow":["GET"]}}],"collection":[{"href":"https:\/\/elmetropolitano.com.gt\/es\/wp-json\/wp\/v2\/posts"}],"about":[{"href":"https:\/\/elmetropolitano.com.gt\/es\/wp-json\/wp\/v2\/types\/post"}],"author":[{"embeddable":true,"href":"https:\/\/elmetropolitano.com.gt\/es\/wp-json\/wp\/v2\/users\/1"}],"replies":[{"embeddable":true,"href":"https:\/\/elmetropolitano.com.gt\/es\/wp-json\/wp\/v2\/comments?post=79400"}],"version-history":[{"count":1,"href":"https:\/\/elmetropolitano.com.gt\/es\/wp-json\/wp\/v2\/posts\/79400\/revisions"}],"predecessor-version":[{"id":79405,"href":"https:\/\/elmetropolitano.com.gt\/es\/wp-json\/wp\/v2\/posts\/79400\/revisions\/79405"}],"wp:featuredmedia":[{"embeddable":true,"href":"https:\/\/elmetropolitano.com.gt\/es\/wp-json\/wp\/v2\/media\/79401"}],"wp:attachment":[{"href":"https:\/\/elmetropolitano.com.gt\/es\/wp-json\/wp\/v2\/media?parent=79400"}],"wp:term":[{"taxonomy":"category","embeddable":true,"href":"https:\/\/elmetropolitano.com.gt\/es\/wp-json\/wp\/v2\/categories?post=79400"},{"taxonomy":"post_tag","embeddable":true,"href":"https:\/\/elmetropolitano.com.gt\/es\/wp-json\/wp\/v2\/tags?post=79400"}],"curies":[{"name":"wp","href":"https:\/\/api.w.org\/{rel}","templated":true}]}}