{"id":79406,"date":"2024-03-07T10:48:51","date_gmt":"2024-03-07T16:48:51","guid":{"rendered":"https:\/\/elmetropolitano.com.gt\/es\/?p=79406"},"modified":"2024-03-07T10:48:52","modified_gmt":"2024-03-07T16:48:52","slug":"comision-de-competencia-trabajara-con-la-iniciativa-5074","status":"publish","type":"post","link":"https:\/\/elmetropolitano.com.gt\/es\/comision-de-competencia-trabajara-con-la-iniciativa-5074\/","title":{"rendered":"Comisi\u00f3n de Competencia trabajar\u00e1 con la iniciativa 5074"},"content":{"rendered":"\n<p>Tras escuchar al experto en los temas de Competencia, Marcos Palma Villagr\u00e1n, la comisi\u00f3n presidencial decidi\u00f3 trabajar con la iniciativa de ley 5074.<\/p>\n\n\n\n<p>La <a><\/a>presente ley tiene por objeto proteger y elevar el bienestar del consumidor mediante la defensa de la libre competencia y la sana y libre concurrencia al mercado de oferentes que mediante su din\u00e1mica de competencia logre elevar la eficiencia econ\u00f3mica en los mercados tanto de bienes y servicios, dice en su presentaci\u00f3n la iniciativa presentada por el ex diputado Carlos Barreda.<\/p><div class=\"elmet-contenido\" id=\"elmet-2886799684\"><div class=\"elmet-adlabel\">Anuncios<\/div><div style=\"margin-top: 20px;margin-right: 20px;margin-bottom: 20px;margin-left: 20px;\" id=\"elmet-2681296820\"><a href=\"https:\/\/www.facebook.com\/arrincuanantigua\/\" aria-label=\"cintillo-arrin-cual\"><img loading=\"lazy\" decoding=\"async\" src=\"https:\/\/elmetropolitano.com.gt\/es\/wp-content\/uploads\/2021\/11\/cintillo-arrin-cual-1.jpg\" alt=\"\"  srcset=\"https:\/\/elmetropolitano.com.gt\/es\/wp-content\/uploads\/2021\/11\/cintillo-arrin-cual-1.jpg 750w, https:\/\/elmetropolitano.com.gt\/es\/wp-content\/uploads\/2021\/11\/cintillo-arrin-cual-1-300x36.jpg 300w, https:\/\/elmetropolitano.com.gt\/es\/wp-content\/uploads\/2021\/11\/cintillo-arrin-cual-1-600x72.jpg 600w\" sizes=\"(max-width: 750px) 100vw, 750px\" width=\"750\" height=\"90\"   \/><\/a><\/div><\/div>\n\n\n\n<p>Esta iniciativa ya avanz\u00f3 en dos debates y facilitar\u00e1 al Organismo Legislativo aprobarla relat\u00f3 el presidente de la Comisi\u00f3n Presidencial, el diputado independiente (Semilla), Samuel P\u00e9rez.<\/p>\n\n\n\n<p>El invitado para el an\u00e1lisis de la Ley de Competencia, Palma Villagr\u00e1n, expuso desde el inicio que s\u00f3lo Cuba y Guatemala no han aprobado la ley en menci\u00f3n.<\/p>\n\n\n\n<p>Hay que tener cuidado con las pr\u00e1cticas anticompetitivas y no hay ning\u00fan proyecto o ley donde la autoridad de competencia pueda cerrar empresas y por eso hasta puede ser impugnada la ley. No es regular el mercado o perseguir empresas grandes, explic\u00f3 el analista durante su presentaci\u00f3n.<\/p>\n\n\n\n<p>Lo que se persigue es bienestar econ\u00f3mico, no regular el mercado o precios bajos, a\u00f1adi\u00f3 Palma.<\/p>\n\n\n\n<p>Al final, quedaron en conversar el pr\u00f3ximo mi\u00e9rcoles por la tarde con el viceministro de econom\u00eda y en 15 d\u00edas empezar a redactar enmiendas y presentarla a Direcci\u00f3n Legislativa, para que luego pase a Junta Directiva y se agende para que pueda ser Decreto.<\/p>\n\n\n\n<p>Texto Francisco Javier Hurtarte<\/p>\n\n\n\n<p><a href=\"https:\/\/www.facebook.com\/hashtag\/leydecompetencia?__eep__=6&amp;__cft__[0]=AZWUdiNu_dZJSmcr8QABttwNjlZ16dEOiU1CyuzBPy7TKo7AwNTXgRkhRuYdRHYLu_B2J_VBUvo8H-adgwxMis6FQEEkNOfWqSHAx7FnCxQsMHC2BtxlBL9AMV_pAEpFa4IEVeVAsFZdS1CMOXgrAXlRsWxhE1Z7ebENM9_KClv6hzf5jnGTjQ3vY2uApHeFgmE&amp;__tn__=*NK-R\">#LeyDeCompetencia<\/a><a href=\"https:\/\/www.facebook.com\/hashtag\/congresogt?__eep__=6&amp;__cft__[0]=AZWUdiNu_dZJSmcr8QABttwNjlZ16dEOiU1CyuzBPy7TKo7AwNTXgRkhRuYdRHYLu_B2J_VBUvo8H-adgwxMis6FQEEkNOfWqSHAx7FnCxQsMHC2BtxlBL9AMV_pAEpFa4IEVeVAsFZdS1CMOXgrAXlRsWxhE1Z7ebENM9_KClv6hzf5jnGTjQ3vY2uApHeFgmE&amp;__tn__=*NK-R\">#CongresoGT<\/a><a href=\"https:\/\/www.facebook.com\/hashtag\/metroredes?__eep__=6&amp;__cft__[0]=AZWUdiNu_dZJSmcr8QABttwNjlZ16dEOiU1CyuzBPy7TKo7AwNTXgRkhRuYdRHYLu_B2J_VBUvo8H-adgwxMis6FQEEkNOfWqSHAx7FnCxQsMHC2BtxlBL9AMV_pAEpFa4IEVeVAsFZdS1CMOXgrAXlRsWxhE1Z7ebENM9_KClv6hzf5jnGTjQ3vY2uApHeFgmE&amp;__tn__=*NK-R\">#Metroredes<\/a><a href=\"https:\/\/l.facebook.com\/l.php?u=http%3A%2F%2Fwww.elmetropolitano.com.gt%2F%3Ffbclid%3DIwAR0N41GN4FmLc1aOTqLGgO-f31fUzFQF9M5zl1_wW2C1ribx07V1NvlGCto&amp;h=AT0iUoa_0i1hVqXTcLmXMZD-xPST4Z8WDsBz1p4hcUzexON8x60nwZhc31ycvfbGk5QvUuY1VswIwT0L91tZh-el_-KGm2fru_yTdrjmXUJ_s3m8Qh31KTVX-BC1ej0kKI8B&amp;__tn__=-UK-R&amp;c[0]=AT2RLTWEuukmoGymwFLkD5cB1qJdsmD2fmJbDAiv9mPEOC5Pc-mfRGvy5nbb0WwRJBZMVDuGnjsDHfHUYguutkgESZhVkBSA6xdQB9daT5SypoxY2Vzy3G0ZD_b16UVFtLNwwXcgU8fpB0EjS9kspgwPgfkTPMeugdprWUpY3gK0cBvMAV41rBxDovEpZJvuqM50JVDKjb_b\" target=\"_blank\" rel=\"noreferrer noopener\">www.elmetropolitano.com.gt<\/a>  www.metroredes.com <\/p>\n\n\n\n<figure class=\"wp-block-gallery has-nested-images columns-default is-cropped wp-block-gallery-1 is-layout-flex wp-block-gallery-is-layout-flex\">\n<figure class=\"wp-block-image size-large\"><img loading=\"lazy\" decoding=\"async\" width=\"960\" height=\"639\" data-id=\"79408\" src=\"https:\/\/elmetropolitano.com.gt\/es\/wp-content\/uploads\/2024\/03\/429885583_895411085918309_914321993562165284_n.jpg\" alt=\"\" class=\"wp-image-79408\" srcset=\"https:\/\/elmetropolitano.com.gt\/es\/wp-content\/uploads\/2024\/03\/429885583_895411085918309_914321993562165284_n.jpg 960w, https:\/\/elmetropolitano.com.gt\/es\/wp-content\/uploads\/2024\/03\/429885583_895411085918309_914321993562165284_n-300x200.jpg 300w, https:\/\/elmetropolitano.com.gt\/es\/wp-content\/uploads\/2024\/03\/429885583_895411085918309_914321993562165284_n-768x511.jpg 768w\" sizes=\"auto, (max-width: 960px) 100vw, 960px\" \/><\/figure>\n\n\n\n<figure class=\"wp-block-image size-large\"><img loading=\"lazy\" decoding=\"async\" width=\"1024\" height=\"681\" data-id=\"79409\" src=\"https:\/\/elmetropolitano.com.gt\/es\/wp-content\/uploads\/2024\/03\/429889138_895411289251622_7559961558868552147_n-1024x681.jpg\" alt=\"\" class=\"wp-image-79409\" srcset=\"https:\/\/elmetropolitano.com.gt\/es\/wp-content\/uploads\/2024\/03\/429889138_895411289251622_7559961558868552147_n-1024x681.jpg 1024w, https:\/\/elmetropolitano.com.gt\/es\/wp-content\/uploads\/2024\/03\/429889138_895411289251622_7559961558868552147_n-300x199.jpg 300w, https:\/\/elmetropolitano.com.gt\/es\/wp-content\/uploads\/2024\/03\/429889138_895411289251622_7559961558868552147_n-768x511.jpg 768w, https:\/\/elmetropolitano.com.gt\/es\/wp-content\/uploads\/2024\/03\/429889138_895411289251622_7559961558868552147_n.jpg 1286w\" sizes=\"auto, (max-width: 1024px) 100vw, 1024px\" \/><\/figure>\n\n\n\n<figure class=\"wp-block-image size-large\"><img loading=\"lazy\" decoding=\"async\" width=\"1024\" height=\"682\" data-id=\"79410\" src=\"https:\/\/elmetropolitano.com.gt\/es\/wp-content\/uploads\/2024\/03\/430108897_895411279251623_954153119390162944_n-1024x682.jpg\" alt=\"\" class=\"wp-image-79410\" srcset=\"https:\/\/elmetropolitano.com.gt\/es\/wp-content\/uploads\/2024\/03\/430108897_895411279251623_954153119390162944_n-1024x682.jpg 1024w, https:\/\/elmetropolitano.com.gt\/es\/wp-content\/uploads\/2024\/03\/430108897_895411279251623_954153119390162944_n-300x200.jpg 300w, https:\/\/elmetropolitano.com.gt\/es\/wp-content\/uploads\/2024\/03\/430108897_895411279251623_954153119390162944_n-768x511.jpg 768w, https:\/\/elmetropolitano.com.gt\/es\/wp-content\/uploads\/2024\/03\/430108897_895411279251623_954153119390162944_n.jpg 1286w\" sizes=\"auto, (max-width: 1024px) 100vw, 1024px\" \/><\/figure>\n<\/figure>\n\n\n\n<p><\/p>\n","protected":false},"excerpt":{"rendered":"<p>Tras escuchar al experto en los temas de Competencia, Marcos Palma Villagr\u00e1n, la comisi\u00f3n presidencial decidi\u00f3 trabajar con la iniciativa de ley 5074. La presente ley tiene por objeto proteger y elevar el bienestar del consumidor mediante la defensa de la libre competencia y la sana y libre concurrencia al mercado de oferentes que mediante <a class=\"read-more\" href=\"https:\/\/elmetropolitano.com.gt\/es\/comision-de-competencia-trabajara-con-la-iniciativa-5074\/\">Leer m\u00e1s<\/a><\/p>\n","protected":false},"author":1,"featured_media":79407,"comment_status":"open","ping_status":"closed","sticky":false,"template":"","format":"standard","meta":{"footnotes":""},"categories":[2],"tags":[12],"class_list":["post-79406","post","type-post","status-publish","format-standard","has-post-thumbnail","hentry","category-nacionales","tag-nacionales"],"_links":{"self":[{"href":"https:\/\/elmetropolitano.com.gt\/es\/wp-json\/wp\/v2\/posts\/79406","targetHints":{"allow":["GET"]}}],"collection":[{"href":"https:\/\/elmetropolitano.com.gt\/es\/wp-json\/wp\/v2\/posts"}],"about":[{"href":"https:\/\/elmetropolitano.com.gt\/es\/wp-json\/wp\/v2\/types\/post"}],"author":[{"embeddable":true,"href":"https:\/\/elmetropolitano.com.gt\/es\/wp-json\/wp\/v2\/users\/1"}],"replies":[{"embeddable":true,"href":"https:\/\/elmetropolitano.com.gt\/es\/wp-json\/wp\/v2\/comments?post=79406"}],"version-history":[{"count":1,"href":"https:\/\/elmetropolitano.com.gt\/es\/wp-json\/wp\/v2\/posts\/79406\/revisions"}],"predecessor-version":[{"id":79411,"href":"https:\/\/elmetropolitano.com.gt\/es\/wp-json\/wp\/v2\/posts\/79406\/revisions\/79411"}],"wp:featuredmedia":[{"embeddable":true,"href":"https:\/\/elmetropolitano.com.gt\/es\/wp-json\/wp\/v2\/media\/79407"}],"wp:attachment":[{"href":"https:\/\/elmetropolitano.com.gt\/es\/wp-json\/wp\/v2\/media?parent=79406"}],"wp:term":[{"taxonomy":"category","embeddable":true,"href":"https:\/\/elmetropolitano.com.gt\/es\/wp-json\/wp\/v2\/categories?post=79406"},{"taxonomy":"post_tag","embeddable":true,"href":"https:\/\/elmetropolitano.com.gt\/es\/wp-json\/wp\/v2\/tags?post=79406"}],"curies":[{"name":"wp","href":"https:\/\/api.w.org\/{rel}","templated":true}]}}