{"id":79412,"date":"2024-03-07T10:53:25","date_gmt":"2024-03-07T16:53:25","guid":{"rendered":"https:\/\/elmetropolitano.com.gt\/es\/?p=79412"},"modified":"2024-03-07T10:53:27","modified_gmt":"2024-03-07T16:53:27","slug":"cabal-pide-interpelar-al-ministro-de-agricultura","status":"publish","type":"post","link":"https:\/\/elmetropolitano.com.gt\/es\/cabal-pide-interpelar-al-ministro-de-agricultura\/","title":{"rendered":"CABAL pide interpelar al ministro de agricultura"},"content":{"rendered":"\n<p>El jefe de la bancada de CABAL, Luis Aguirre, anunci\u00f3 que en conferencia de prensa que solicitaron lo que sera la primera interpelaci\u00f3n al ministro de Agricultura, Mynor Estrada.<\/p>\n\n\n\n<p>Aguirre inform\u00f3 que solicit\u00f3 a la Junta Directiva del Congreso, que la interpelaci\u00f3n obedece porque es en varias ocasiones que se le ha citado y el funcionario no se presenta a dialogar.<\/p><div class=\"elmet-contenido\" id=\"elmet-2758308823\"><div class=\"elmet-adlabel\">Anuncios<\/div><div style=\"margin-top: 20px;margin-right: 20px;margin-bottom: 20px;margin-left: 20px;\" id=\"elmet-960330588\"><a href=\"https:\/\/www.facebook.com\/arrincuanantigua\/\" aria-label=\"cintillo-arrin-cual\"><img loading=\"lazy\" decoding=\"async\" src=\"https:\/\/elmetropolitano.com.gt\/es\/wp-content\/uploads\/2021\/11\/cintillo-arrin-cual-1.jpg\" alt=\"\"  srcset=\"https:\/\/elmetropolitano.com.gt\/es\/wp-content\/uploads\/2021\/11\/cintillo-arrin-cual-1.jpg 750w, https:\/\/elmetropolitano.com.gt\/es\/wp-content\/uploads\/2021\/11\/cintillo-arrin-cual-1-300x36.jpg 300w, https:\/\/elmetropolitano.com.gt\/es\/wp-content\/uploads\/2021\/11\/cintillo-arrin-cual-1-600x72.jpg 600w\" sizes=\"(max-width: 750px) 100vw, 750px\" width=\"750\" height=\"90\"   \/><\/a><\/div><\/div>\n\n\n\n<p><a><\/a>Anteriormente ya se hab\u00eda presentado una solicitud de interpelaci\u00f3n por parte de la bancada TODOS, contra el ministro de Relaciones Exteriores por estar en negociaciones contra la China Continental; sin embargo, la misma qued\u00f3 suspendida porque se dijo que el canciller no viajar\u00eda a ese pa\u00eds.<\/p>\n\n\n\n<p>Todo parase indicar que la actual legislatura siguen con las mismas estrategias de anteriores a\u00f1os en presionar a los ministros con interpelaciones y citaciones por todas las bancadas no dej\u00e1ndolos trabajar.<\/p>\n\n\n\n<p>Texto Francisco Javier Hurtarte<\/p>\n\n\n\n<p><a href=\"https:\/\/www.facebook.com\/hashtag\/metroredes?__eep__=6&amp;__cft__[0]=AZUdZE5evdxm0ZlHFV_oA6g14rq_YNqSe5rpwmlF9V4Z1nNC8pgesIdu0X6ZlFXDdFby9Mo-u7jZvjlfee0EnUA-CpoScXEKcXXROUIKIadmPUre561wA7ZOqMytTzDIP8CryQO6l3pwUa0SE2Bc9Q8_f4vHFgIAepm1h05PxZWpnkYND1dAtHtdlNk3NeHtrcE&amp;__tn__=*NK-R\">#metroredes<\/a><a href=\"https:\/\/www.facebook.com\/hashtag\/congresogt?__eep__=6&amp;__cft__[0]=AZUdZE5evdxm0ZlHFV_oA6g14rq_YNqSe5rpwmlF9V4Z1nNC8pgesIdu0X6ZlFXDdFby9Mo-u7jZvjlfee0EnUA-CpoScXEKcXXROUIKIadmPUre561wA7ZOqMytTzDIP8CryQO6l3pwUa0SE2Bc9Q8_f4vHFgIAepm1h05PxZWpnkYND1dAtHtdlNk3NeHtrcE&amp;__tn__=*NK-R\">#CongresoGT<\/a><a href=\"https:\/\/www.facebook.com\/hashtag\/ministeriodeagricultura?__eep__=6&amp;__cft__[0]=AZUdZE5evdxm0ZlHFV_oA6g14rq_YNqSe5rpwmlF9V4Z1nNC8pgesIdu0X6ZlFXDdFby9Mo-u7jZvjlfee0EnUA-CpoScXEKcXXROUIKIadmPUre561wA7ZOqMytTzDIP8CryQO6l3pwUa0SE2Bc9Q8_f4vHFgIAepm1h05PxZWpnkYND1dAtHtdlNk3NeHtrcE&amp;__tn__=*NK-R\">#ministeriodeagricultura<\/a>  www.metroredes.com <\/p>\n","protected":false},"excerpt":{"rendered":"<p>El jefe de la bancada de CABAL, Luis Aguirre, anunci\u00f3 que en conferencia de prensa que solicitaron lo que sera la primera interpelaci\u00f3n al ministro de Agricultura, Mynor Estrada. Aguirre inform\u00f3 que solicit\u00f3 a la Junta Directiva del Congreso, que la interpelaci\u00f3n obedece porque es en varias ocasiones que se le ha citado y el <a class=\"read-more\" href=\"https:\/\/elmetropolitano.com.gt\/es\/cabal-pide-interpelar-al-ministro-de-agricultura\/\">Leer m\u00e1s<\/a><\/p>\n","protected":false},"author":1,"featured_media":79413,"comment_status":"open","ping_status":"closed","sticky":false,"template":"","format":"standard","meta":{"footnotes":""},"categories":[2],"tags":[12],"class_list":["post-79412","post","type-post","status-publish","format-standard","has-post-thumbnail","hentry","category-nacionales","tag-nacionales"],"_links":{"self":[{"href":"https:\/\/elmetropolitano.com.gt\/es\/wp-json\/wp\/v2\/posts\/79412","targetHints":{"allow":["GET"]}}],"collection":[{"href":"https:\/\/elmetropolitano.com.gt\/es\/wp-json\/wp\/v2\/posts"}],"about":[{"href":"https:\/\/elmetropolitano.com.gt\/es\/wp-json\/wp\/v2\/types\/post"}],"author":[{"embeddable":true,"href":"https:\/\/elmetropolitano.com.gt\/es\/wp-json\/wp\/v2\/users\/1"}],"replies":[{"embeddable":true,"href":"https:\/\/elmetropolitano.com.gt\/es\/wp-json\/wp\/v2\/comments?post=79412"}],"version-history":[{"count":1,"href":"https:\/\/elmetropolitano.com.gt\/es\/wp-json\/wp\/v2\/posts\/79412\/revisions"}],"predecessor-version":[{"id":79414,"href":"https:\/\/elmetropolitano.com.gt\/es\/wp-json\/wp\/v2\/posts\/79412\/revisions\/79414"}],"wp:featuredmedia":[{"embeddable":true,"href":"https:\/\/elmetropolitano.com.gt\/es\/wp-json\/wp\/v2\/media\/79413"}],"wp:attachment":[{"href":"https:\/\/elmetropolitano.com.gt\/es\/wp-json\/wp\/v2\/media?parent=79412"}],"wp:term":[{"taxonomy":"category","embeddable":true,"href":"https:\/\/elmetropolitano.com.gt\/es\/wp-json\/wp\/v2\/categories?post=79412"},{"taxonomy":"post_tag","embeddable":true,"href":"https:\/\/elmetropolitano.com.gt\/es\/wp-json\/wp\/v2\/tags?post=79412"}],"curies":[{"name":"wp","href":"https:\/\/api.w.org\/{rel}","templated":true}]}}