{"id":79418,"date":"2024-03-07T10:59:32","date_gmt":"2024-03-07T16:59:32","guid":{"rendered":"https:\/\/elmetropolitano.com.gt\/es\/?p=79418"},"modified":"2024-03-07T10:59:34","modified_gmt":"2024-03-07T16:59:34","slug":"lanzan-proyecto-para-sistemas-agroalimentarios-resilientes","status":"publish","type":"post","link":"https:\/\/elmetropolitano.com.gt\/es\/lanzan-proyecto-para-sistemas-agroalimentarios-resilientes\/","title":{"rendered":"Lanzan proyecto para sistemas agroalimentarios resilientes"},"content":{"rendered":"\n<p>El Ministerio de Agricultura, Ganader\u00eda y Alimentaci\u00f3n (MAGA), en colaboraci\u00f3n con la FAO y respaldado por el Estado de EE. UU. present\u00f3 el proyecto Mapeo para Sistemas Agroalimentarios Resilientes en Centroam\u00e9rica y \u00c1frica subsahariana (Soilfer).<\/p>\n\n\n\n<p>El objetivo principal de Soilfer es mejorar los medios de vida agr\u00edcola y desarrollar la resiliencia de los sistemas agroalimentarios a trav\u00e9s de datos locales y nacionales <a><\/a>sobre la fertilidad del suelo.<\/p><div class=\"elmet-contenido\" id=\"elmet-152631950\"><div class=\"elmet-adlabel\">Anuncios<\/div><div style=\"margin-top: 20px;margin-right: 20px;margin-bottom: 20px;margin-left: 20px;\" id=\"elmet-3985883233\"><a href=\"https:\/\/www.facebook.com\/arrincuanantigua\/\" aria-label=\"cintillo-arrin-cual\"><img loading=\"lazy\" decoding=\"async\" src=\"https:\/\/elmetropolitano.com.gt\/es\/wp-content\/uploads\/2021\/11\/cintillo-arrin-cual-1.jpg\" alt=\"\"  srcset=\"https:\/\/elmetropolitano.com.gt\/es\/wp-content\/uploads\/2021\/11\/cintillo-arrin-cual-1.jpg 750w, https:\/\/elmetropolitano.com.gt\/es\/wp-content\/uploads\/2021\/11\/cintillo-arrin-cual-1-300x36.jpg 300w, https:\/\/elmetropolitano.com.gt\/es\/wp-content\/uploads\/2021\/11\/cintillo-arrin-cual-1-600x72.jpg 600w\" sizes=\"(max-width: 750px) 100vw, 750px\" width=\"750\" height=\"90\"   \/><\/a><\/div><\/div>\n\n\n\n<p>El ministro Maynor Estrada resalta la importancia de este proyecto para los agricultores, ya que les permitir\u00e1 mejorar la calidad del suelo y, por ende, la seguridad alimentaria.<\/p>\n\n\n\n<p>Rafael Zavala, representante de la FAO en Guatemala, enfatiza la importancia de suelos f\u00e9rtiles y saludables para la seguridad alimentaria y la reducci\u00f3n de la pobreza. Destaca que estos suelos son fundamentales para la producci\u00f3n del 95 % de los alimentos que llegan a nuestras mesas.<\/p>\n\n\n\n<p>Adem\u00e1s, Soilfer contribuir\u00e1 con los esfuerzos nacionales a trav\u00e9s de un detallado mapeo de conocimientos sobre el suelo. Esto permitir\u00e1 tomar decisiones estrat\u00e9gicas a nivel nacional sobre pol\u00edticas, inversiones e incentivos para elevar la productividad del suelo en el pa\u00eds.<\/p>\n\n\n\n<p>Resultados del proyecto<\/p>\n\n\n\n<p>Soilfer se centra en tres resultados clave: establecimiento de sistemas nacionales de informaci\u00f3n y monitoreo del suelo, creaci\u00f3n de un sistema de apoyo a la toma de decisiones y adopci\u00f3n y expansi\u00f3n de la gesti\u00f3n sostenible del suelo.<\/p>\n\n\n\n<p>Asimismo, el proyecto se implementar\u00e1 en Zambia, Honduras y Guatemala, con un presupuesto de 5.95 millones de d\u00f3lares americanos destinados a Guatemala. Se busca fortalecer las capacidades t\u00e9cnicas del Gobierno y fomentar pr\u00e1cticas agr\u00edcolas m\u00e1s sostenibles a nivel nacional.<\/p>\n\n\n\n<p>Los datos sobre nutrientes del suelo y las recomendaciones de fertilizantes juegan un papel crucial en la toma de decisiones agr\u00edcolas. Estas medidas no solo garantizan la productividad de los cultivos, sino que tambi\u00e9n promueven la salud, la nutrici\u00f3n y la seguridad alimentaria, adem\u00e1s de contribuir a la adaptaci\u00f3n al cambio clim\u00e1tico y la prevenci\u00f3n de la degradaci\u00f3n del suelo<\/p>\n\n\n\n<p>Texto: Lincy Rodr\u00edguez<\/p>\n\n\n\n<p><a href=\"https:\/\/www.facebook.com\/hashtag\/ministeriodeagricultura?__eep__=6&amp;__cft__[0]=AZUD5IqEXyv0yDVj9kynDmRlMUKtmJGjkhrotqBpZbtF0f9uBnYWrF9QSfybAaofLYA64pXiWo3Y32o3RG-XG6RN4PzL76liVf5Ld8joM1Kgri3ymzE8nwXxjrFBIsQ10PWdYAgoVS2oKVNLrX0M51ZLX3DrDdYJCW-E_3ojAt8uovpBr7sAhH4g74I0ECzqk7c&amp;__tn__=*NK-R\">#ministeriodeagricultura<\/a><a href=\"https:\/\/www.facebook.com\/hashtag\/maga?__eep__=6&amp;__cft__[0]=AZUD5IqEXyv0yDVj9kynDmRlMUKtmJGjkhrotqBpZbtF0f9uBnYWrF9QSfybAaofLYA64pXiWo3Y32o3RG-XG6RN4PzL76liVf5Ld8joM1Kgri3ymzE8nwXxjrFBIsQ10PWdYAgoVS2oKVNLrX0M51ZLX3DrDdYJCW-E_3ojAt8uovpBr7sAhH4g74I0ECzqk7c&amp;__tn__=*NK-R\">#Maga<\/a><a href=\"https:\/\/www.facebook.com\/hashtag\/metroredes?__eep__=6&amp;__cft__[0]=AZUD5IqEXyv0yDVj9kynDmRlMUKtmJGjkhrotqBpZbtF0f9uBnYWrF9QSfybAaofLYA64pXiWo3Y32o3RG-XG6RN4PzL76liVf5Ld8joM1Kgri3ymzE8nwXxjrFBIsQ10PWdYAgoVS2oKVNLrX0M51ZLX3DrDdYJCW-E_3ojAt8uovpBr7sAhH4g74I0ECzqk7c&amp;__tn__=*NK-R\">#metroredes<\/a><a href=\"https:\/\/www.facebook.com\/hashtag\/fao?__eep__=6&amp;__cft__[0]=AZUD5IqEXyv0yDVj9kynDmRlMUKtmJGjkhrotqBpZbtF0f9uBnYWrF9QSfybAaofLYA64pXiWo3Y32o3RG-XG6RN4PzL76liVf5Ld8joM1Kgri3ymzE8nwXxjrFBIsQ10PWdYAgoVS2oKVNLrX0M51ZLX3DrDdYJCW-E_3ojAt8uovpBr7sAhH4g74I0ECzqk7c&amp;__tn__=*NK-R\">#FAO<\/a>  www.metroredes.com <\/p>\n","protected":false},"excerpt":{"rendered":"<p>El Ministerio de Agricultura, Ganader\u00eda y Alimentaci\u00f3n (MAGA), en colaboraci\u00f3n con la FAO y respaldado por el Estado de EE. UU. present\u00f3 el proyecto Mapeo para Sistemas Agroalimentarios Resilientes en Centroam\u00e9rica y \u00c1frica subsahariana (Soilfer). El objetivo principal de Soilfer es mejorar los medios de vida agr\u00edcola y desarrollar la resiliencia de los sistemas agroalimentarios <a class=\"read-more\" href=\"https:\/\/elmetropolitano.com.gt\/es\/lanzan-proyecto-para-sistemas-agroalimentarios-resilientes\/\">Leer m\u00e1s<\/a><\/p>\n","protected":false},"author":1,"featured_media":79419,"comment_status":"open","ping_status":"closed","sticky":false,"template":"","format":"standard","meta":{"footnotes":""},"categories":[2],"tags":[12],"class_list":["post-79418","post","type-post","status-publish","format-standard","has-post-thumbnail","hentry","category-nacionales","tag-nacionales"],"_links":{"self":[{"href":"https:\/\/elmetropolitano.com.gt\/es\/wp-json\/wp\/v2\/posts\/79418","targetHints":{"allow":["GET"]}}],"collection":[{"href":"https:\/\/elmetropolitano.com.gt\/es\/wp-json\/wp\/v2\/posts"}],"about":[{"href":"https:\/\/elmetropolitano.com.gt\/es\/wp-json\/wp\/v2\/types\/post"}],"author":[{"embeddable":true,"href":"https:\/\/elmetropolitano.com.gt\/es\/wp-json\/wp\/v2\/users\/1"}],"replies":[{"embeddable":true,"href":"https:\/\/elmetropolitano.com.gt\/es\/wp-json\/wp\/v2\/comments?post=79418"}],"version-history":[{"count":1,"href":"https:\/\/elmetropolitano.com.gt\/es\/wp-json\/wp\/v2\/posts\/79418\/revisions"}],"predecessor-version":[{"id":79420,"href":"https:\/\/elmetropolitano.com.gt\/es\/wp-json\/wp\/v2\/posts\/79418\/revisions\/79420"}],"wp:featuredmedia":[{"embeddable":true,"href":"https:\/\/elmetropolitano.com.gt\/es\/wp-json\/wp\/v2\/media\/79419"}],"wp:attachment":[{"href":"https:\/\/elmetropolitano.com.gt\/es\/wp-json\/wp\/v2\/media?parent=79418"}],"wp:term":[{"taxonomy":"category","embeddable":true,"href":"https:\/\/elmetropolitano.com.gt\/es\/wp-json\/wp\/v2\/categories?post=79418"},{"taxonomy":"post_tag","embeddable":true,"href":"https:\/\/elmetropolitano.com.gt\/es\/wp-json\/wp\/v2\/tags?post=79418"}],"curies":[{"name":"wp","href":"https:\/\/api.w.org\/{rel}","templated":true}]}}