{"id":79421,"date":"2024-03-07T12:24:57","date_gmt":"2024-03-07T18:24:57","guid":{"rendered":"https:\/\/elmetropolitano.com.gt\/es\/?p=79421"},"modified":"2024-03-07T12:24:57","modified_gmt":"2024-03-07T18:24:57","slug":"gobierno-denuncia-al-secretario-general-del-mp-por-posible-uso-de-fondos-publicos-para-persecucion-politica-de-guatemaltecos-en-el-extranjero","status":"publish","type":"post","link":"https:\/\/elmetropolitano.com.gt\/es\/gobierno-denuncia-al-secretario-general-del-mp-por-posible-uso-de-fondos-publicos-para-persecucion-politica-de-guatemaltecos-en-el-extranjero\/","title":{"rendered":"Gobierno denuncia al Secretario General del MP por posible uso de fondos p\u00fablicos para persecuci\u00f3n pol\u00edtica de guatemaltecos en el extranjero"},"content":{"rendered":"\n<p>El Secretario General de la Presidencia, Juan Gerardo Guerrero, denunci\u00f3 el uso de fondos p\u00fablicos para \u201cla persecuci\u00f3n pol\u00edtica de guatemaltecos en el extranjero\u201d y solicit\u00f3 una auditor\u00eda en la Contralor\u00eda General de Cuentas (CGC) para determinar los hechos.<\/p>\n\n\n\n<p>Seg\u00fan Guerrero, el pago a un bufete extranjero que buscaba realizar acusaciones <a><\/a>contra dos guatemaltecos se realizo por solicitud de \u00c1ngel Pineda, Secretario General del Ministerio P\u00fablico (MP) quien es el brazo derecho de la fiscal general Consuelo Porras<\/p><div class=\"elmet-contenido\" id=\"elmet-3590370173\"><div class=\"elmet-adlabel\">Anuncios<\/div><div style=\"margin-top: 20px;margin-right: 20px;margin-bottom: 20px;margin-left: 20px;\" id=\"elmet-1153232873\"><a href=\"https:\/\/www.facebook.com\/arrincuanantigua\/\" aria-label=\"cintillo-arrin-cual\"><img loading=\"lazy\" decoding=\"async\" src=\"https:\/\/elmetropolitano.com.gt\/es\/wp-content\/uploads\/2021\/11\/cintillo-arrin-cual-1.jpg\" alt=\"\"  srcset=\"https:\/\/elmetropolitano.com.gt\/es\/wp-content\/uploads\/2021\/11\/cintillo-arrin-cual-1.jpg 750w, https:\/\/elmetropolitano.com.gt\/es\/wp-content\/uploads\/2021\/11\/cintillo-arrin-cual-1-300x36.jpg 300w, https:\/\/elmetropolitano.com.gt\/es\/wp-content\/uploads\/2021\/11\/cintillo-arrin-cual-1-600x72.jpg 600w\" sizes=\"(max-width: 750px) 100vw, 750px\" width=\"750\" height=\"90\"   \/><\/a><\/div><\/div>\n\n\n\n<p>\u201cVengo a denunciar la Contralor\u00eda General de Cuentas el uso de fondos p\u00fablicos para la persecuci\u00f3n pol\u00edtica de guatemaltecos en el extranjero\u201d, explic\u00f3 Guerrero a los medios de comunicaci\u00f3n<\/p>\n\n\n\n<p>Ar\u00e9valo pide la auditoria<\/p>\n\n\n\n<p>La auditor\u00eda solicitada por orden directa del presidente Bernardo Ar\u00e9valo es para el Ministerio Public\u00f3 MP, la Procuradur\u00eda General de la Naci\u00f3n (PGN) y el Ministerio de Finanzas durante los per\u00edodos de 2021 y 2022.<\/p>\n\n\n\n<p>As\u00ed se autoriz\u00f3 el pago de Q461 mil mensuales a un bufete extranjero<\/p>\n\n\n\n<p>El 16 de diciembre de 2021, \u00c1ngel Pineda, en su calidad de Secretario General del MP, envi\u00f3 un oficio a Alejandro Giammattei, en ese entonces Presidente de la Rep\u00fablica, en el que le solicit\u00f3 pagar un bufete de abogados para que actuara en contra de dos guatemaltecos exiliados, con el pretexto de defensa de los intereses del estado.<\/p>\n\n\n\n<p>La solicitud de Pineda estaba acompa\u00f1ada \u00fanicamente de la impresi\u00f3n de publicaciones en redes sociales, pero, pese a ello, las ex autoridades de la Secretar\u00eda General ordenaron a la Procuradur\u00eda General de la Naci\u00f3n (PGN) iniciar las gestiones para el pago y emprender la persecuci\u00f3n pol\u00edtica.<\/p>\n\n\n\n<p>De esa manera, desde la PGN se realizaron las gestiones ante el Ministerio de Finanzas y se asign\u00f3 un pago mensual de Q461, 600 quetzales para este bufete en el extranjero.<\/p>\n\n\n\n<p>Luego de eso, el bufete extranjero inicia su trabajo encontra de dos guatemaltecos exiliados, con una estrategia que, seg\u00fan denunci\u00f3 Guerrero, estuvo aprobada por la fiscal general, Consuelo Porras.<\/p>\n\n\n\n<p>Respecto a denuncias penales contra ex funcionarios, Guerrero explic\u00f3 que la solicitud de la auditor\u00eda ante la CGC es para tener informaci\u00f3n suficiente esclarecer los hechos y con eso se puedan tomar las acciones legales que correspondan<\/p>\n\n\n\n<p><a href=\"https:\/\/www.facebook.com\/hashtag\/metroredes?__eep__=6&amp;__cft__[0]=AZUx3PFf98kOq6ENS8KCg7OWDjo9smoZw0T3FwdYe2EbCyGWY1yjnMM3UHdHVcjaSuVzlw82rzRyExJlWMswdxNhN1frUn59DTvfd3uyh1EIyPasiHCK1FMQqBnmq_d_oLp21gfBCQAv5pQYiSio-0Vvlxmfxd9QRmCec5Dni2-yEe3fBMMHBeImIfjdCuzU8Yk&amp;__tn__=*NK-R\">#metroredes<\/a><a href=\"https:\/\/www.facebook.com\/hashtag\/corrupcion?__eep__=6&amp;__cft__[0]=AZUx3PFf98kOq6ENS8KCg7OWDjo9smoZw0T3FwdYe2EbCyGWY1yjnMM3UHdHVcjaSuVzlw82rzRyExJlWMswdxNhN1frUn59DTvfd3uyh1EIyPasiHCK1FMQqBnmq_d_oLp21gfBCQAv5pQYiSio-0Vvlxmfxd9QRmCec5Dni2-yEe3fBMMHBeImIfjdCuzU8Yk&amp;__tn__=*NK-R\">#Corrupcion<\/a><a href=\"https:\/\/www.facebook.com\/hashtag\/mpguatemala?__eep__=6&amp;__cft__[0]=AZUx3PFf98kOq6ENS8KCg7OWDjo9smoZw0T3FwdYe2EbCyGWY1yjnMM3UHdHVcjaSuVzlw82rzRyExJlWMswdxNhN1frUn59DTvfd3uyh1EIyPasiHCK1FMQqBnmq_d_oLp21gfBCQAv5pQYiSio-0Vvlxmfxd9QRmCec5Dni2-yEe3fBMMHBeImIfjdCuzU8Yk&amp;__tn__=*NK-R\">#MPGuatemala<\/a><a href=\"https:\/\/www.facebook.com\/hashtag\/pgn?__eep__=6&amp;__cft__[0]=AZUx3PFf98kOq6ENS8KCg7OWDjo9smoZw0T3FwdYe2EbCyGWY1yjnMM3UHdHVcjaSuVzlw82rzRyExJlWMswdxNhN1frUn59DTvfd3uyh1EIyPasiHCK1FMQqBnmq_d_oLp21gfBCQAv5pQYiSio-0Vvlxmfxd9QRmCec5Dni2-yEe3fBMMHBeImIfjdCuzU8Yk&amp;__tn__=*NK-R\">#PGN<\/a><\/p>\n\n\n\n<p><a href=\"https:\/\/l.facebook.com\/l.php?u=http%3A%2F%2FWww.elmetropolitano.com.gt%2F%3Ffbclid%3DIwAR0_vuVJyQRpvtWozNbCYGvMDyOVH3EFPfjNf-kcvwqDsu_XooRALR0l8Fg&amp;h=AT3pSi13UavjNi9ZX37uOZPt0vf5nF973-3E2b6thH2n0E6n8hzE42MORzsTA1IfcSMdMSdig0NNV9khSo0ygxbPQXD-0OnLu82GQL20XWwhqgjZKpi5gtyG-xWGW3BmD3WQ&amp;__tn__=-UK-R&amp;c[0]=AT362anUPFBoixm8ZtZfxzicXtLAPF3MbEyLbfJtcRe4c17nKn3XYAidM71gp62SZtq6cRQBl00U0OtSeYB7celEzNlRDuUzdZ1j_VdDH93VSHZmqBSPGJJQ-WpoyUBmjoE4_ubHEF3v_Um8bbiLYnIdY6CepLhMyGzLK66h5cJHw5YDptiH9qEMSJl2yaH5XrIw87IGcURV\" target=\"_blank\" rel=\"noreferrer noopener\">Www.elmetropolitano.com.gt<\/a>  www.metroredes.com <\/p>\n","protected":false},"excerpt":{"rendered":"<p>El Secretario General de la Presidencia, Juan Gerardo Guerrero, denunci\u00f3 el uso de fondos p\u00fablicos para \u201cla persecuci\u00f3n pol\u00edtica de guatemaltecos en el extranjero\u201d y solicit\u00f3 una auditor\u00eda en la Contralor\u00eda General de Cuentas (CGC) para determinar los hechos. Seg\u00fan Guerrero, el pago a un bufete extranjero que buscaba realizar acusaciones contra dos guatemaltecos se <a class=\"read-more\" href=\"https:\/\/elmetropolitano.com.gt\/es\/gobierno-denuncia-al-secretario-general-del-mp-por-posible-uso-de-fondos-publicos-para-persecucion-politica-de-guatemaltecos-en-el-extranjero\/\">Leer m\u00e1s<\/a><\/p>\n","protected":false},"author":1,"featured_media":79422,"comment_status":"open","ping_status":"closed","sticky":false,"template":"","format":"standard","meta":{"footnotes":""},"categories":[2],"tags":[12],"class_list":["post-79421","post","type-post","status-publish","format-standard","has-post-thumbnail","hentry","category-nacionales","tag-nacionales"],"_links":{"self":[{"href":"https:\/\/elmetropolitano.com.gt\/es\/wp-json\/wp\/v2\/posts\/79421","targetHints":{"allow":["GET"]}}],"collection":[{"href":"https:\/\/elmetropolitano.com.gt\/es\/wp-json\/wp\/v2\/posts"}],"about":[{"href":"https:\/\/elmetropolitano.com.gt\/es\/wp-json\/wp\/v2\/types\/post"}],"author":[{"embeddable":true,"href":"https:\/\/elmetropolitano.com.gt\/es\/wp-json\/wp\/v2\/users\/1"}],"replies":[{"embeddable":true,"href":"https:\/\/elmetropolitano.com.gt\/es\/wp-json\/wp\/v2\/comments?post=79421"}],"version-history":[{"count":1,"href":"https:\/\/elmetropolitano.com.gt\/es\/wp-json\/wp\/v2\/posts\/79421\/revisions"}],"predecessor-version":[{"id":79423,"href":"https:\/\/elmetropolitano.com.gt\/es\/wp-json\/wp\/v2\/posts\/79421\/revisions\/79423"}],"wp:featuredmedia":[{"embeddable":true,"href":"https:\/\/elmetropolitano.com.gt\/es\/wp-json\/wp\/v2\/media\/79422"}],"wp:attachment":[{"href":"https:\/\/elmetropolitano.com.gt\/es\/wp-json\/wp\/v2\/media?parent=79421"}],"wp:term":[{"taxonomy":"category","embeddable":true,"href":"https:\/\/elmetropolitano.com.gt\/es\/wp-json\/wp\/v2\/categories?post=79421"},{"taxonomy":"post_tag","embeddable":true,"href":"https:\/\/elmetropolitano.com.gt\/es\/wp-json\/wp\/v2\/tags?post=79421"}],"curies":[{"name":"wp","href":"https:\/\/api.w.org\/{rel}","templated":true}]}}