{"id":79424,"date":"2024-03-07T20:34:37","date_gmt":"2024-03-08T02:34:37","guid":{"rendered":"https:\/\/elmetropolitano.com.gt\/es\/?p=79424"},"modified":"2024-03-07T20:34:39","modified_gmt":"2024-03-08T02:34:39","slug":"incendio-arrasa-con-cultivos-en-santa-maria-de-jesus","status":"publish","type":"post","link":"https:\/\/elmetropolitano.com.gt\/es\/incendio-arrasa-con-cultivos-en-santa-maria-de-jesus\/","title":{"rendered":"Incendio arrasa con cultivos en Santa Mar\u00eda de Jes\u00fas"},"content":{"rendered":"\n<p>El reciente incendio en el volc\u00e1n de Agua ha dejado destrucci\u00f3n en la zona de Santa Mar\u00eda de Jes\u00fas, en Sacatep\u00e9quez. Los cultivos afectados incluyen aguacate Hass, arveja china, ma\u00edz en elote, lim\u00f3n y g\u00fcicoy de 78 agricultores de la regi\u00f3n.<\/p>\n\n\n\n<p>Las p\u00e9rdidas econ\u00f3micas derivadas del incendio a\u00fan no pueden ser cuantificadas en su totalidad. La falta de precisi\u00f3n en las coordenadas de los cultivos afectados dificulta el proceso. Se <a><\/a>est\u00e1n llevando a cabo visitas en terrenos afectados para establecer dichas coordenadas. Ello permitir\u00e1 determinar el alcance total de las p\u00e9rdidas y la cantidad exacta de agricultores damnificados.<\/p><div class=\"elmet-contenido\" id=\"elmet-4148363935\"><div class=\"elmet-adlabel\">Anuncios<\/div><div style=\"margin-top: 20px;margin-right: 20px;margin-bottom: 20px;margin-left: 20px;\" id=\"elmet-1763834597\"><a href=\"https:\/\/www.facebook.com\/arrincuanantigua\/\" aria-label=\"cintillo-arrin-cual\"><img loading=\"lazy\" decoding=\"async\" src=\"https:\/\/elmetropolitano.com.gt\/es\/wp-content\/uploads\/2021\/11\/cintillo-arrin-cual-1.jpg\" alt=\"\"  srcset=\"https:\/\/elmetropolitano.com.gt\/es\/wp-content\/uploads\/2021\/11\/cintillo-arrin-cual-1.jpg 750w, https:\/\/elmetropolitano.com.gt\/es\/wp-content\/uploads\/2021\/11\/cintillo-arrin-cual-1-300x36.jpg 300w, https:\/\/elmetropolitano.com.gt\/es\/wp-content\/uploads\/2021\/11\/cintillo-arrin-cual-1-600x72.jpg 600w\" sizes=\"(max-width: 750px) 100vw, 750px\" width=\"750\" height=\"90\"   \/><\/a><\/div><\/div>\n\n\n\n<p>Asimismo, el Ministerio de Agricultura, Ganader\u00eda y Alimentaci\u00f3n (MAGA) est\u00e1 coordinando esfuerzos para brindar apoyo a los afectados. Se planea proporcionar alimentos de primera necesidad y gestionar la obtenci\u00f3n de semillas a trav\u00e9s de la Direcci\u00f3n de Coordinaci\u00f3n Regional y Extensi\u00f3n Rural.<\/p>\n\n\n\n<p>\u00c1reas afectadas<\/p>\n\n\n\n<p>Hasta el momento, las \u00e1reas identificadas como m\u00e1s afectadas por el incendio incluyen Pacorral, El Astillero, Chijuy\u00fa, Chucam\u00e1 y Pachal\u00e1, todas ubicadas en las faldas del volc\u00e1n.<\/p>\n\n\n\n<p>Se espera que en los pr\u00f3ximos d\u00edas se complete el registro de las coordenadas geogr\u00e1ficas de los terrenos afectados. Este trabajo es fundamental para determinar la magnitud de la devastaci\u00f3n, realizar evaluaciones f\u00edsicas y llevar a cabo un registro detallado de los da\u00f1os.<\/p>\n\n\n\n<p>Las visitas se coordinan con la participaci\u00f3n activa de los pobladores locales, quienes poseen un conocimiento profundo del \u00e1rea y pueden facilitar el proceso.<\/p>\n\n\n\n<p>Desde que se emiti\u00f3 la alerta por el incendio en el volc\u00e1n, el MAGA ha estado en constante comunicaci\u00f3n y coordinaci\u00f3n con la Coordinadora Nacional para la Reducci\u00f3n de Desastres. Este esfuerzo conjunto tiene como objetivo principal garantizar la r\u00e1pida respuesta y atenci\u00f3n a las necesidades de los agricultores afectados en Sacatep\u00e9quez.<\/p>\n\n\n\n<p><a href=\"https:\/\/www.facebook.com\/hashtag\/volcandeagua?__eep__=6&amp;__cft__[0]=AZXYAQ5Ag4W1VotABKZsDEfH6INLNsA5xGT3I3sGsTEL38vWvRD5a1Py2fXmiC4ZTMDsx1snNl_SZgVRfJXAR625hMfnbM7-5ad7UXNLyu7VlIhbVSDpzQ58_SZ5eiwuGDwbsomIycf_3MR622LMNeszgVsppNHqv9OYkxIAhXf-A_uG4i02nPNluh31tVzcKCE&amp;__tn__=*NK-R\">#volcandeagua<\/a><a href=\"https:\/\/www.facebook.com\/hashtag\/santamariadejesus?__eep__=6&amp;__cft__[0]=AZXYAQ5Ag4W1VotABKZsDEfH6INLNsA5xGT3I3sGsTEL38vWvRD5a1Py2fXmiC4ZTMDsx1snNl_SZgVRfJXAR625hMfnbM7-5ad7UXNLyu7VlIhbVSDpzQ58_SZ5eiwuGDwbsomIycf_3MR622LMNeszgVsppNHqv9OYkxIAhXf-A_uG4i02nPNluh31tVzcKCE&amp;__tn__=*NK-R\">#SantaMariadeJesus<\/a><a href=\"https:\/\/www.facebook.com\/hashtag\/metroredes?__eep__=6&amp;__cft__[0]=AZXYAQ5Ag4W1VotABKZsDEfH6INLNsA5xGT3I3sGsTEL38vWvRD5a1Py2fXmiC4ZTMDsx1snNl_SZgVRfJXAR625hMfnbM7-5ad7UXNLyu7VlIhbVSDpzQ58_SZ5eiwuGDwbsomIycf_3MR622LMNeszgVsppNHqv9OYkxIAhXf-A_uG4i02nPNluh31tVzcKCE&amp;__tn__=*NK-R\">#metroredes<\/a><\/p>\n\n\n\n<p><a href=\"https:\/\/l.facebook.com\/l.php?u=http%3A%2F%2Fwww.elmetropolitano.com.gt%2F%3Ffbclid%3DIwAR2cafKU96cOgt6TaSvdfy5m051vG59Gnn4Bw5LdSQcsmGJXifAL7N4Pp48&amp;h=AT0KbHgIW5PWq5lHcstmx6G6yaSGvGD6ripwqe_YcBc2iZRtQNy6ShrzXmmGhM_WascAIGxuAKhlvf9_UR0tOmziG57DvijJNMNiY3d3lKA8IeQQGc7z5p4-4X09hONfJfyO&amp;__tn__=-UK-R&amp;c[0]=AT3PdEwsY_Ask3v1IxQO5vjr65n1DFKdt9FujJLNDrJvg-F-PgWa3tNXMNV8nKrvKDxFImCwyphn8L-F0fkp0kHrdOFiZ_WRqzS__8ZEG6jprTXSNqRXhJRuBzW_XDIycJRTNvo0-xYnFcBUKCufBWYQBFTna1xQvRfX2jdBCf4lsa96HwMTHJWpiwlSRF52b_jFpkI2T6w8\" target=\"_blank\" rel=\"noreferrer noopener\">www.elmetropolitano.com.gt<\/a><\/p>\n\n\n\n<figure class=\"wp-block-gallery has-nested-images columns-default is-cropped wp-block-gallery-1 is-layout-flex wp-block-gallery-is-layout-flex\">\n<figure class=\"wp-block-image size-large\"><img loading=\"lazy\" decoding=\"async\" width=\"1024\" height=\"683\" data-id=\"79426\" src=\"https:\/\/elmetropolitano.com.gt\/es\/wp-content\/uploads\/2024\/03\/429818807_895748615884556_1837713991290700789_n-1024x683.jpg\" alt=\"\" class=\"wp-image-79426\" srcset=\"https:\/\/elmetropolitano.com.gt\/es\/wp-content\/uploads\/2024\/03\/429818807_895748615884556_1837713991290700789_n-1024x683.jpg 1024w, https:\/\/elmetropolitano.com.gt\/es\/wp-content\/uploads\/2024\/03\/429818807_895748615884556_1837713991290700789_n-300x200.jpg 300w, https:\/\/elmetropolitano.com.gt\/es\/wp-content\/uploads\/2024\/03\/429818807_895748615884556_1837713991290700789_n-768x512.jpg 768w, https:\/\/elmetropolitano.com.gt\/es\/wp-content\/uploads\/2024\/03\/429818807_895748615884556_1837713991290700789_n.jpg 1368w\" sizes=\"auto, (max-width: 1024px) 100vw, 1024px\" \/><\/figure>\n\n\n\n<figure class=\"wp-block-image size-large\"><img loading=\"lazy\" decoding=\"async\" width=\"1024\" height=\"683\" data-id=\"79428\" src=\"https:\/\/elmetropolitano.com.gt\/es\/wp-content\/uploads\/2024\/03\/429871989_895748702551214_7291264094548839081_n-1024x683.jpg\" alt=\"\" class=\"wp-image-79428\" srcset=\"https:\/\/elmetropolitano.com.gt\/es\/wp-content\/uploads\/2024\/03\/429871989_895748702551214_7291264094548839081_n-1024x683.jpg 1024w, https:\/\/elmetropolitano.com.gt\/es\/wp-content\/uploads\/2024\/03\/429871989_895748702551214_7291264094548839081_n-300x200.jpg 300w, https:\/\/elmetropolitano.com.gt\/es\/wp-content\/uploads\/2024\/03\/429871989_895748702551214_7291264094548839081_n-768x512.jpg 768w, https:\/\/elmetropolitano.com.gt\/es\/wp-content\/uploads\/2024\/03\/429871989_895748702551214_7291264094548839081_n.jpg 1368w\" sizes=\"auto, (max-width: 1024px) 100vw, 1024px\" \/><\/figure>\n\n\n\n<figure class=\"wp-block-image size-large\"><img loading=\"lazy\" decoding=\"async\" width=\"593\" height=\"395\" data-id=\"79427\" src=\"https:\/\/elmetropolitano.com.gt\/es\/wp-content\/uploads\/2024\/03\/430823505_895748612551223_2011902612839393133_n.jpg\" alt=\"\" class=\"wp-image-79427\" srcset=\"https:\/\/elmetropolitano.com.gt\/es\/wp-content\/uploads\/2024\/03\/430823505_895748612551223_2011902612839393133_n.jpg 593w, https:\/\/elmetropolitano.com.gt\/es\/wp-content\/uploads\/2024\/03\/430823505_895748612551223_2011902612839393133_n-300x200.jpg 300w\" sizes=\"auto, (max-width: 593px) 100vw, 593px\" \/><\/figure>\n<\/figure>\n","protected":false},"excerpt":{"rendered":"<p>El reciente incendio en el volc\u00e1n de Agua ha dejado destrucci\u00f3n en la zona de Santa Mar\u00eda de Jes\u00fas, en Sacatep\u00e9quez. Los cultivos afectados incluyen aguacate Hass, arveja china, ma\u00edz en elote, lim\u00f3n y g\u00fcicoy de 78 agricultores de la regi\u00f3n. Las p\u00e9rdidas econ\u00f3micas derivadas del incendio a\u00fan no pueden ser cuantificadas en su totalidad. <a class=\"read-more\" href=\"https:\/\/elmetropolitano.com.gt\/es\/incendio-arrasa-con-cultivos-en-santa-maria-de-jesus\/\">Leer m\u00e1s<\/a><\/p>\n","protected":false},"author":1,"featured_media":79425,"comment_status":"open","ping_status":"closed","sticky":false,"template":"","format":"standard","meta":{"footnotes":""},"categories":[4],"tags":[13],"class_list":["post-79424","post","type-post","status-publish","format-standard","has-post-thumbnail","hentry","category-departamentales","tag-departamentales"],"_links":{"self":[{"href":"https:\/\/elmetropolitano.com.gt\/es\/wp-json\/wp\/v2\/posts\/79424","targetHints":{"allow":["GET"]}}],"collection":[{"href":"https:\/\/elmetropolitano.com.gt\/es\/wp-json\/wp\/v2\/posts"}],"about":[{"href":"https:\/\/elmetropolitano.com.gt\/es\/wp-json\/wp\/v2\/types\/post"}],"author":[{"embeddable":true,"href":"https:\/\/elmetropolitano.com.gt\/es\/wp-json\/wp\/v2\/users\/1"}],"replies":[{"embeddable":true,"href":"https:\/\/elmetropolitano.com.gt\/es\/wp-json\/wp\/v2\/comments?post=79424"}],"version-history":[{"count":1,"href":"https:\/\/elmetropolitano.com.gt\/es\/wp-json\/wp\/v2\/posts\/79424\/revisions"}],"predecessor-version":[{"id":79429,"href":"https:\/\/elmetropolitano.com.gt\/es\/wp-json\/wp\/v2\/posts\/79424\/revisions\/79429"}],"wp:featuredmedia":[{"embeddable":true,"href":"https:\/\/elmetropolitano.com.gt\/es\/wp-json\/wp\/v2\/media\/79425"}],"wp:attachment":[{"href":"https:\/\/elmetropolitano.com.gt\/es\/wp-json\/wp\/v2\/media?parent=79424"}],"wp:term":[{"taxonomy":"category","embeddable":true,"href":"https:\/\/elmetropolitano.com.gt\/es\/wp-json\/wp\/v2\/categories?post=79424"},{"taxonomy":"post_tag","embeddable":true,"href":"https:\/\/elmetropolitano.com.gt\/es\/wp-json\/wp\/v2\/tags?post=79424"}],"curies":[{"name":"wp","href":"https:\/\/api.w.org\/{rel}","templated":true}]}}