{"id":79430,"date":"2024-03-07T20:36:10","date_gmt":"2024-03-08T02:36:10","guid":{"rendered":"https:\/\/elmetropolitano.com.gt\/es\/?p=79430"},"modified":"2024-03-07T20:36:11","modified_gmt":"2024-03-08T02:36:11","slug":"sebastian-bermudez-clasifica-a-los-juegos-olimpicos-de-paris-2024","status":"publish","type":"post","link":"https:\/\/elmetropolitano.com.gt\/es\/sebastian-bermudez-clasifica-a-los-juegos-olimpicos-de-paris-2024\/","title":{"rendered":"Sebasti\u00e1n Berm\u00fadez clasifica a los juegos ol\u00edmpicos de Par\u00eds 2024"},"content":{"rendered":"\n<p>El deporte guatemalteco celebra una vez m\u00e1s, ya que este d\u00eda Sebasti\u00e1n Berm\u00fadez se acredit\u00f3 con un boleto para los Juegos Ol\u00edmpicos de Par\u00eds 2024, gracias a terminar en el primer lugar en la modalidad de skeet.<\/p>\n\n\n\n<p>El <a><\/a>tirador guatemalteco se suma a sus compatriotas al equipo de guatemaltecos que estar\u00e1n participando en la pr\u00f3xima cita ol\u00edmpica, la cual se iniciar\u00e1 el 26 de julio. De esta manera, Sebasti\u00e1n se asegura su primera participaci\u00f3n en unos Juegos Ol\u00edmpicos, luego de demostrar su calidad en la gran final.<\/p><div class=\"elmet-contenido\" id=\"elmet-3408135758\"><div class=\"elmet-adlabel\">Anuncios<\/div><div style=\"margin-top: 20px;margin-right: 20px;margin-bottom: 20px;margin-left: 20px;\" id=\"elmet-1635549035\"><a href=\"https:\/\/www.facebook.com\/arrincuanantigua\/\" aria-label=\"cintillo-arrin-cual\"><img loading=\"lazy\" decoding=\"async\" src=\"https:\/\/elmetropolitano.com.gt\/es\/wp-content\/uploads\/2021\/11\/cintillo-arrin-cual-1.jpg\" alt=\"\"  srcset=\"https:\/\/elmetropolitano.com.gt\/es\/wp-content\/uploads\/2021\/11\/cintillo-arrin-cual-1.jpg 750w, https:\/\/elmetropolitano.com.gt\/es\/wp-content\/uploads\/2021\/11\/cintillo-arrin-cual-1-300x36.jpg 300w, https:\/\/elmetropolitano.com.gt\/es\/wp-content\/uploads\/2021\/11\/cintillo-arrin-cual-1-600x72.jpg 600w\" sizes=\"(max-width: 750px) 100vw, 750px\" width=\"750\" height=\"90\"   \/><\/a><\/div><\/div>\n\n\n\n<p>Sebasti\u00e1n Berm\u00fadez clasifica a Par\u00eds<\/p>\n\n\n\n<p>En una muestra de total dominio sobre sus rivales, Berm\u00fadez demostr\u00f3 que se perfila para ser el futuro del tiro con armas de caza al derribar un total de 54 platos en la gran final. As\u00ed, se logr\u00f3 clasificar a los Juegos que invadir\u00e1n la capital francesa el pr\u00f3ximo verano. Su boleto fue conseguido en el XIV Campeonato de las Americas, misma competencia que d\u00edas atr\u00e1s le dio el boleto a la tiradora Waleska Soto.<\/p>\n\n\n\n<p>El logro de Sebasti\u00e1n no es casualidad, ya que el a\u00f1o pasado durante los Juegos Centroamericanos y del Caribe San Salvador 2023 conquist\u00f3 el metal dorado en la misma disciplina al derribar 54 platos.<\/p>\n\n\n\n<p>Guatemaltecos clasificados a Par\u00eds<\/p>\n\n\n\n<p>De esta manera, desde la apertura a las clasificaciones para la mayor cita ol\u00edmpica, Guatemala ya suma diez atletas clasificados para los Juegos que se desarrollar\u00e1n entre el 26 de julio y el 11 de agosto.<\/p>\n\n\n\n<p>Sebasti\u00e1n Berm\u00fadez \u2013 tiro con armas de caza<\/p>\n\n\n\n<p>Jos\u00e9 Alejandro Barrondo \u2013 marcha<\/p>\n\n\n\n<p>Adriana Ruano \u2013 tiro con armas de caza<\/p>\n\n\n\n<p>Andr\u00e9s Fern\u00e1ndez \u2013 pentatl\u00f3n moderno<\/p>\n\n\n\n<p>Jean Pierre Brol \u2013 tiro con armas de caza<\/p>\n\n\n\n<p>Juan Ignacio Maegli \u2013 navegaci\u00f3n a vela<\/p>\n\n\n\n<p>Luis Grijalva \u2013 5 mil metros atletismo<\/p>\n\n\n\n<p>Sophia Hern\u00e1ndez \u2013 pentatl\u00f3n moderno<\/p>\n\n\n\n<p>Alberto Gonz\u00e1lez \u2013 marat\u00f3n<\/p>\n\n\n\n<p>Waleska Soto \u2013 tiro con armas de caza<\/p>\n\n\n\n<p>texto:Josue David Acevedo Rivas<\/p>\n\n\n\n<p><a href=\"https:\/\/www.facebook.com\/hashtag\/metroredes?__eep__=6&amp;__cft__[0]=AZVABBdRhQnHjmvmwl09ZvOX2178KX7CYj5infn0gPuAfgSOLuEnDsifX5sazVqOsI9HNHW98WTwdghE5mkOv0anwAawdo-2pu9gOX-SOCPwO7kFVTqnJvz8s35EmQjFtexNVWEM_esf3FJEVzQaTYbxHphk8C9r3TdfAIpJe2KgTaVshd_iRdXElbp6qOwuhD0&amp;__tn__=*NK-R\">#metroredes<\/a><a href=\"https:\/\/www.facebook.com\/hashtag\/juegosolimpicosparis2024?__eep__=6&amp;__cft__[0]=AZVABBdRhQnHjmvmwl09ZvOX2178KX7CYj5infn0gPuAfgSOLuEnDsifX5sazVqOsI9HNHW98WTwdghE5mkOv0anwAawdo-2pu9gOX-SOCPwO7kFVTqnJvz8s35EmQjFtexNVWEM_esf3FJEVzQaTYbxHphk8C9r3TdfAIpJe2KgTaVshd_iRdXElbp6qOwuhD0&amp;__tn__=*NK-R\">#JuegosOlimpicosParis2024<\/a><\/p>\n\n\n\n<p><a href=\"https:\/\/l.facebook.com\/l.php?u=http%3A%2F%2Fwww.elmetropolitano.com.gt%2F%3Ffbclid%3DIwAR1FarnkSKe-MCM3eVcclpxabljItq_EKVZb1qlPGHumWyXuNCzvX_iKnfg&amp;h=AT0KbHgIW5PWq5lHcstmx6G6yaSGvGD6ripwqe_YcBc2iZRtQNy6ShrzXmmGhM_WascAIGxuAKhlvf9_UR0tOmziG57DvijJNMNiY3d3lKA8IeQQGc7z5p4-4X09hONfJfyO&amp;__tn__=-UK-R&amp;c[0]=AT2rS5VPvsMtiSEn_ERUVgRTBdcVN4GaPgA5r3ZQwo3ZzdH74tCS72taKvw9AN8ca0a8zAUKa9elvq99VEcOsZskXnyjzXOzjCdlk0AHjhl8UJL_1EcW-N7xfKF8ckPHNVUTQFDhliAKpGIkM_g6ugPo2lkaNr6VNQSNFJ3wm885j-9-_6m2BNHngczqH4pq5F_i5MAhkCua\" target=\"_blank\" rel=\"noreferrer noopener\">www.elmetropolitano.com.gt<\/a><\/p>\n\n\n\n<p><\/p>\n","protected":false},"excerpt":{"rendered":"<p>El deporte guatemalteco celebra una vez m\u00e1s, ya que este d\u00eda Sebasti\u00e1n Berm\u00fadez se acredit\u00f3 con un boleto para los Juegos Ol\u00edmpicos de Par\u00eds 2024, gracias a terminar en el primer lugar en la modalidad de skeet. El tirador guatemalteco se suma a sus compatriotas al equipo de guatemaltecos que estar\u00e1n participando en la pr\u00f3xima <a class=\"read-more\" href=\"https:\/\/elmetropolitano.com.gt\/es\/sebastian-bermudez-clasifica-a-los-juegos-olimpicos-de-paris-2024\/\">Leer m\u00e1s<\/a><\/p>\n","protected":false},"author":1,"featured_media":79431,"comment_status":"open","ping_status":"closed","sticky":false,"template":"","format":"standard","meta":{"footnotes":""},"categories":[43],"tags":[44],"class_list":["post-79430","post","type-post","status-publish","format-standard","has-post-thumbnail","hentry","category-deportes","tag-deportes"],"_links":{"self":[{"href":"https:\/\/elmetropolitano.com.gt\/es\/wp-json\/wp\/v2\/posts\/79430","targetHints":{"allow":["GET"]}}],"collection":[{"href":"https:\/\/elmetropolitano.com.gt\/es\/wp-json\/wp\/v2\/posts"}],"about":[{"href":"https:\/\/elmetropolitano.com.gt\/es\/wp-json\/wp\/v2\/types\/post"}],"author":[{"embeddable":true,"href":"https:\/\/elmetropolitano.com.gt\/es\/wp-json\/wp\/v2\/users\/1"}],"replies":[{"embeddable":true,"href":"https:\/\/elmetropolitano.com.gt\/es\/wp-json\/wp\/v2\/comments?post=79430"}],"version-history":[{"count":1,"href":"https:\/\/elmetropolitano.com.gt\/es\/wp-json\/wp\/v2\/posts\/79430\/revisions"}],"predecessor-version":[{"id":79432,"href":"https:\/\/elmetropolitano.com.gt\/es\/wp-json\/wp\/v2\/posts\/79430\/revisions\/79432"}],"wp:featuredmedia":[{"embeddable":true,"href":"https:\/\/elmetropolitano.com.gt\/es\/wp-json\/wp\/v2\/media\/79431"}],"wp:attachment":[{"href":"https:\/\/elmetropolitano.com.gt\/es\/wp-json\/wp\/v2\/media?parent=79430"}],"wp:term":[{"taxonomy":"category","embeddable":true,"href":"https:\/\/elmetropolitano.com.gt\/es\/wp-json\/wp\/v2\/categories?post=79430"},{"taxonomy":"post_tag","embeddable":true,"href":"https:\/\/elmetropolitano.com.gt\/es\/wp-json\/wp\/v2\/tags?post=79430"}],"curies":[{"name":"wp","href":"https:\/\/api.w.org\/{rel}","templated":true}]}}