{"id":79433,"date":"2024-03-07T20:38:05","date_gmt":"2024-03-08T02:38:05","guid":{"rendered":"https:\/\/elmetropolitano.com.gt\/es\/?p=79433"},"modified":"2024-03-07T20:38:07","modified_gmt":"2024-03-08T02:38:07","slug":"firman-memorandum-de-entendimiento-entre-la-comision-del-plan-trifinio-y-la-uicn","status":"publish","type":"post","link":"https:\/\/elmetropolitano.com.gt\/es\/firman-memorandum-de-entendimiento-entre-la-comision-del-plan-trifinio-y-la-uicn\/","title":{"rendered":"Firman memor\u00e1ndum de entendimiento entre la comisi\u00f3n del Plan Trifinio y la UICN"},"content":{"rendered":"\n<p>La vicemandataria Karin Herrera particip\u00f3 este d\u00eda como testigo de honor en la firma del memor\u00e1ndum de entendimiento entre la Comisi\u00f3n del Plan Trifinio y la Uni\u00f3n Internacional para la Conservaci\u00f3n de la Naturaleza (UICN).<\/p>\n\n\n\n<p><a><\/a>\u00abEste esfuerzo es fundamental para mostrar la integraci\u00f3n de los esfuerzos que contribuyen al desarrollo de 45 municipios con m\u00e1s de un mill\u00f3n de habitantes.\u00bb indico la VicePresidenta Herrera<\/p><div class=\"elmet-contenido\" id=\"elmet-3862732877\"><div class=\"elmet-adlabel\">Anuncios<\/div><div style=\"margin-top: 20px;margin-right: 20px;margin-bottom: 20px;margin-left: 20px;\" id=\"elmet-1982561191\"><a href=\"https:\/\/www.facebook.com\/arrincuanantigua\/\" aria-label=\"cintillo-arrin-cual\"><img loading=\"lazy\" decoding=\"async\" src=\"https:\/\/elmetropolitano.com.gt\/es\/wp-content\/uploads\/2021\/11\/cintillo-arrin-cual-1.jpg\" alt=\"\"  srcset=\"https:\/\/elmetropolitano.com.gt\/es\/wp-content\/uploads\/2021\/11\/cintillo-arrin-cual-1.jpg 750w, https:\/\/elmetropolitano.com.gt\/es\/wp-content\/uploads\/2021\/11\/cintillo-arrin-cual-1-300x36.jpg 300w, https:\/\/elmetropolitano.com.gt\/es\/wp-content\/uploads\/2021\/11\/cintillo-arrin-cual-1-600x72.jpg 600w\" sizes=\"(max-width: 750px) 100vw, 750px\" width=\"750\" height=\"90\"   \/><\/a><\/div><\/div>\n\n\n\n<p>Este acuerdo tiene como objetivo trabajar de manera conjunta en la conservaci\u00f3n de la biodiversidad en la regi\u00f3n, con una visi\u00f3n intercultural.<\/p>\n\n\n\n<p>Integraci\u00f3n centroamericana<\/p>\n\n\n\n<p>Este memor\u00e1ndum se basa en tratados internacionales y busca generar un contexto de gesti\u00f3n adecuada, donde las fronteras no sean un impedimento para la conservaci\u00f3n de los recursos naturales.<\/p>\n\n\n\n<p>La Vicepresidenta destac\u00f3 la importancia de trabajar en colaboraci\u00f3n con los ministerios de cada pa\u00eds del Sistema de la Integraci\u00f3n Centroamericana.<\/p>\n\n\n\n<p>En su discurso, la vicemandataria expres\u00f3 su compromiso con el desarrollo econ\u00f3mico y social del pa\u00eds. Al respecto, enfatizando la importancia de:<\/p>\n\n\n\n<p>-atender a los municipios del corredor seco<\/p>\n\n\n\n<p>las \u00e1reas rurales<\/p>\n\n\n\n<p>-trabajar en la restauraci\u00f3n y reforestaci\u00f3n de bosques<\/p>\n\n\n\n<p>-apoyar en los recursos como las microcuencas, los acu\u00edferos y las \u00e1reas protegidas<\/p>\n\n\n\n<p>El fin es impulsar temas de conservaci\u00f3n de la biodiversidad, disminuir las desigualdades y abordar la seguridad alimentaria de manera responsable.<\/p>\n\n\n\n<p>Expertos<\/p>\n\n\n\n<p>La UICN, por su parte, pondr\u00e1 a disposici\u00f3n sus capacidades t\u00e9cnicas y la experiencia de m\u00e1s de 7 mil expertos cient\u00edficos.<\/p>\n\n\n\n<p>As\u00ed como su enfoque de hidrodiplomacia, en beneficio de las poblaciones m\u00e1s vulnerables que dependen de la situaci\u00f3n ecol\u00f3gica.<\/p>\n\n\n\n<p>Este acuerdo es un paso importante para retomar el liderazgo del Plan Trifinio, que muestra el compromiso del Gobierno con la conservaci\u00f3n de la biodiversidad y el desarrollo sostenible en la regi\u00f3n.<\/p>\n\n\n\n<p>Sobre el Plan Trifinio<\/p>\n\n\n\n<p>El Plan Trifinio es un organismo regional que forma parte del Sica, que busca desarrollar un proceso de gesti\u00f3n del ambiente y del territorio, con el fin de que este se convierta en la posibilidad de mejorar las condiciones de vida de las comunidades fronterizas.<\/p>\n\n\n\n<p>En 1997, se establece la Comisi\u00f3n Trinacional del Plan Trifinio, con la firma de un tratado trinacional entre las Rep\u00fablicas de El Salvador, Guatemala y Honduras.<\/p>\n\n\n\n<p>Esta es liderada por los vicepresidentes de El Salvador y Guatemala y un designado presidencial de Honduras. Es el ente encargado de tutelar la ejecuci\u00f3n del Plan Trifinio y de su permanente actualizaci\u00f3n.<\/p>\n\n\n\n<p><a href=\"https:\/\/www.facebook.com\/hashtag\/plantrifinio?__eep__=6&amp;__cft__[0]=AZVWIoMsAHmhu2Y1NK1BtNMYCWMr63YY8GfjDH2jpIoejN9wwKh-E2Rzdi2CAiU0zXeaDsqZg1cXV1tsHVeqZ3dXwey7cL3OKfCLEdafFSoms8RxDRKTE0GvztT3QGaziJlm775A8CH0tFFXatxLfE5ZyxfuU5wbO-IUETIfFRuwY4kS5rFyd2018Y4dqI-hYso&amp;__tn__=*NK-R\">#PlanTrifinio<\/a><a href=\"https:\/\/www.facebook.com\/hashtag\/metroredes?__eep__=6&amp;__cft__[0]=AZVWIoMsAHmhu2Y1NK1BtNMYCWMr63YY8GfjDH2jpIoejN9wwKh-E2Rzdi2CAiU0zXeaDsqZg1cXV1tsHVeqZ3dXwey7cL3OKfCLEdafFSoms8RxDRKTE0GvztT3QGaziJlm775A8CH0tFFXatxLfE5ZyxfuU5wbO-IUETIfFRuwY4kS5rFyd2018Y4dqI-hYso&amp;__tn__=*NK-R\">#metroredes<\/a><\/p>\n\n\n\n<p><a href=\"https:\/\/l.facebook.com\/l.php?u=http%3A%2F%2Fwww.elmetropolitano.com.gt%2F%3Ffbclid%3DIwAR1UosrvuzYNdkmgJKO7xPyOQdPARCVS7YkSEkBot2NegZa5ZWgYNLR0mvM&amp;h=AT0KbHgIW5PWq5lHcstmx6G6yaSGvGD6ripwqe_YcBc2iZRtQNy6ShrzXmmGhM_WascAIGxuAKhlvf9_UR0tOmziG57DvijJNMNiY3d3lKA8IeQQGc7z5p4-4X09hONfJfyO&amp;__tn__=-UK-R&amp;c[0]=AT1PHvR7LAObyaEphbbAtEgh1koH47lsBqZLjE_Hk5bkIeBQI9RjZZSQsFsngDpg8WUss4ttANLyg5UIjVtjKUY29ePGfa0u_GMDCfgLZidFMaQe-apFd9ksN2Y1kLf_A8NfdgWhV5IdiqN0kJ-rWvTUaHhiywLN6e3sEoP3mIz4rFR7Z2tfdIxl_z6nILWUp2V2IUNyX_xT\" target=\"_blank\" rel=\"noreferrer noopener\">www.elmetropolitano.com.gt<\/a><\/p>\n\n\n\n<figure class=\"wp-block-gallery has-nested-images columns-default is-cropped wp-block-gallery-1 is-layout-flex wp-block-gallery-is-layout-flex\">\n<figure class=\"wp-block-image size-large\"><img loading=\"lazy\" decoding=\"async\" width=\"1024\" height=\"683\" data-id=\"79436\" src=\"https:\/\/elmetropolitano.com.gt\/es\/wp-content\/uploads\/2024\/03\/429868573_895751375884280_7649008672082243039_n-1024x683.jpg\" alt=\"\" class=\"wp-image-79436\" srcset=\"https:\/\/elmetropolitano.com.gt\/es\/wp-content\/uploads\/2024\/03\/429868573_895751375884280_7649008672082243039_n-1024x683.jpg 1024w, https:\/\/elmetropolitano.com.gt\/es\/wp-content\/uploads\/2024\/03\/429868573_895751375884280_7649008672082243039_n-300x200.jpg 300w, https:\/\/elmetropolitano.com.gt\/es\/wp-content\/uploads\/2024\/03\/429868573_895751375884280_7649008672082243039_n-768x512.jpg 768w, https:\/\/elmetropolitano.com.gt\/es\/wp-content\/uploads\/2024\/03\/429868573_895751375884280_7649008672082243039_n-1536x1025.jpg 1536w, https:\/\/elmetropolitano.com.gt\/es\/wp-content\/uploads\/2024\/03\/429868573_895751375884280_7649008672082243039_n.jpg 2048w\" sizes=\"auto, (max-width: 1024px) 100vw, 1024px\" \/><\/figure>\n\n\n\n<figure class=\"wp-block-image size-large\"><img loading=\"lazy\" decoding=\"async\" width=\"1024\" height=\"698\" data-id=\"79435\" src=\"https:\/\/elmetropolitano.com.gt\/es\/wp-content\/uploads\/2024\/03\/429871979_895751392550945_7935097684492820318_n-1024x698.jpg\" alt=\"\" class=\"wp-image-79435\" srcset=\"https:\/\/elmetropolitano.com.gt\/es\/wp-content\/uploads\/2024\/03\/429871979_895751392550945_7935097684492820318_n-1024x698.jpg 1024w, https:\/\/elmetropolitano.com.gt\/es\/wp-content\/uploads\/2024\/03\/429871979_895751392550945_7935097684492820318_n-300x204.jpg 300w, https:\/\/elmetropolitano.com.gt\/es\/wp-content\/uploads\/2024\/03\/429871979_895751392550945_7935097684492820318_n-768x523.jpg 768w, https:\/\/elmetropolitano.com.gt\/es\/wp-content\/uploads\/2024\/03\/429871979_895751392550945_7935097684492820318_n-1536x1046.jpg 1536w, https:\/\/elmetropolitano.com.gt\/es\/wp-content\/uploads\/2024\/03\/429871979_895751392550945_7935097684492820318_n.jpg 2048w\" sizes=\"auto, (max-width: 1024px) 100vw, 1024px\" \/><\/figure>\n<\/figure>\n","protected":false},"excerpt":{"rendered":"<p>La vicemandataria Karin Herrera particip\u00f3 este d\u00eda como testigo de honor en la firma del memor\u00e1ndum de entendimiento entre la Comisi\u00f3n del Plan Trifinio y la Uni\u00f3n Internacional para la Conservaci\u00f3n de la Naturaleza (UICN). \u00abEste esfuerzo es fundamental para mostrar la integraci\u00f3n de los esfuerzos que contribuyen al desarrollo de 45 municipios con m\u00e1s <a class=\"read-more\" href=\"https:\/\/elmetropolitano.com.gt\/es\/firman-memorandum-de-entendimiento-entre-la-comision-del-plan-trifinio-y-la-uicn\/\">Leer m\u00e1s<\/a><\/p>\n","protected":false},"author":1,"featured_media":79434,"comment_status":"open","ping_status":"closed","sticky":false,"template":"","format":"standard","meta":{"footnotes":""},"categories":[2],"tags":[12],"class_list":["post-79433","post","type-post","status-publish","format-standard","has-post-thumbnail","hentry","category-nacionales","tag-nacionales"],"_links":{"self":[{"href":"https:\/\/elmetropolitano.com.gt\/es\/wp-json\/wp\/v2\/posts\/79433","targetHints":{"allow":["GET"]}}],"collection":[{"href":"https:\/\/elmetropolitano.com.gt\/es\/wp-json\/wp\/v2\/posts"}],"about":[{"href":"https:\/\/elmetropolitano.com.gt\/es\/wp-json\/wp\/v2\/types\/post"}],"author":[{"embeddable":true,"href":"https:\/\/elmetropolitano.com.gt\/es\/wp-json\/wp\/v2\/users\/1"}],"replies":[{"embeddable":true,"href":"https:\/\/elmetropolitano.com.gt\/es\/wp-json\/wp\/v2\/comments?post=79433"}],"version-history":[{"count":1,"href":"https:\/\/elmetropolitano.com.gt\/es\/wp-json\/wp\/v2\/posts\/79433\/revisions"}],"predecessor-version":[{"id":79437,"href":"https:\/\/elmetropolitano.com.gt\/es\/wp-json\/wp\/v2\/posts\/79433\/revisions\/79437"}],"wp:featuredmedia":[{"embeddable":true,"href":"https:\/\/elmetropolitano.com.gt\/es\/wp-json\/wp\/v2\/media\/79434"}],"wp:attachment":[{"href":"https:\/\/elmetropolitano.com.gt\/es\/wp-json\/wp\/v2\/media?parent=79433"}],"wp:term":[{"taxonomy":"category","embeddable":true,"href":"https:\/\/elmetropolitano.com.gt\/es\/wp-json\/wp\/v2\/categories?post=79433"},{"taxonomy":"post_tag","embeddable":true,"href":"https:\/\/elmetropolitano.com.gt\/es\/wp-json\/wp\/v2\/tags?post=79433"}],"curies":[{"name":"wp","href":"https:\/\/api.w.org\/{rel}","templated":true}]}}