{"id":79438,"date":"2024-03-07T20:39:28","date_gmt":"2024-03-08T02:39:28","guid":{"rendered":"https:\/\/elmetropolitano.com.gt\/es\/?p=79438"},"modified":"2024-03-07T20:39:28","modified_gmt":"2024-03-08T02:39:28","slug":"salud-publica-emite-alerta-por-inicio-de-temporada-de-transmision-de-dengue","status":"publish","type":"post","link":"https:\/\/elmetropolitano.com.gt\/es\/salud-publica-emite-alerta-por-inicio-de-temporada-de-transmision-de-dengue\/","title":{"rendered":"Salud Publica emite alerta por inicio de temporada de transmisi\u00f3n de dengue"},"content":{"rendered":"\n<p>La Direcci\u00f3n de Epidemiolog\u00eda y Gesti\u00f3n de Riesgo del Ministerio de Salud P\u00fablica y Asistencia Social (MSPAS) emiti\u00f3 una alerta epidemiol\u00f3gica institucional, con el objetivo de fortalecer los planes de prevenci\u00f3n y control del dengue. La medida obedece al inicio de la temporada de incremento de transmisi\u00f3n de esa enfermedad.<\/p>\n\n\n\n<p>La <a><\/a>alerta establece varias acciones como la vigilancia epidemiol\u00f3gica. Por ello, se ordena la aplicaci\u00f3n de protocolos para la detecci\u00f3n, notificaci\u00f3n y registro de casos en hospitales y \u00e1reas de salud. Asimismo, se establece una actualizaci\u00f3n semanal de la situaci\u00f3n epidemiol\u00f3gica de la enfermedad.<\/p><div class=\"elmet-contenido\" id=\"elmet-1588191457\"><div class=\"elmet-adlabel\">Anuncios<\/div><div style=\"margin-top: 20px;margin-right: 20px;margin-bottom: 20px;margin-left: 20px;\" id=\"elmet-1397497293\"><a href=\"https:\/\/www.facebook.com\/arrincuanantigua\/\" aria-label=\"cintillo-arrin-cual\"><img loading=\"lazy\" decoding=\"async\" src=\"https:\/\/elmetropolitano.com.gt\/es\/wp-content\/uploads\/2021\/11\/cintillo-arrin-cual-1.jpg\" alt=\"\"  srcset=\"https:\/\/elmetropolitano.com.gt\/es\/wp-content\/uploads\/2021\/11\/cintillo-arrin-cual-1.jpg 750w, https:\/\/elmetropolitano.com.gt\/es\/wp-content\/uploads\/2021\/11\/cintillo-arrin-cual-1-300x36.jpg 300w, https:\/\/elmetropolitano.com.gt\/es\/wp-content\/uploads\/2021\/11\/cintillo-arrin-cual-1-600x72.jpg 600w\" sizes=\"(max-width: 750px) 100vw, 750px\" width=\"750\" height=\"90\"   \/><\/a><\/div><\/div>\n\n\n\n<p>La incidencia mundial del dengue presenta un incremento considerable a lo largo de las \u00faltimas dos d\u00e9cadas tanto a nivel global, como en las Am\u00e9ricas, donde se registra el 80 % de los casos a nivel mundial.<\/p>\n\n\n\n<p>Aumentan casos en el pa\u00eds<\/p>\n\n\n\n<p>Entretanto, en Guatemala, hasta la semana epidemiol\u00f3gica 7 de 2024, se destaca que hasta el 17 de febrero se registran 6 mil 760 casos de dengue. De este total se reportan 31 por dengue grave, de los que ya se registran 3 fallecidos. Tambi\u00e9n se reportan 2 casos de chikungunya y 1 de zika.<\/p>\n\n\n\n<p>De acuerdo con registros del Ministerio de Salud, durante el 2023 se reportaron 118 fallecimientos a causa de esta enfermedad.<\/p>\n\n\n\n<p>Asimismo, el MSPAS reitera a la poblaci\u00f3n que, ante las sospechas de s\u00edntomas de dengue como fiebre, dolor de cabeza, dolor articular y dolor detr\u00e1s de los ojos, entre otros, es importante acudir a un servicio de Salud y no automedicarse. Adem\u00e1s, se\u00f1ala que es vital la atenci\u00f3n temprana y oportuna para evitar que la enfermedad se agrave.<\/p>\n\n\n\n<p>Para contrarrestar el riesgo de contraer dengue es indispensable inspeccionar los alrededores de las viviendas como patios, jardines y otras \u00e1reas para evitar criaderos de zancudos. Tambi\u00e9n se debe hacer lo mismo con los recipientes donde se almacena agua, los cuales deben permanecer cubiertos.<\/p>\n\n\n\n<p>Vigilancia<\/p>\n\n\n\n<p>El reporte destaca que 15 direcciones departamentales de redes integrales de servicios de Salud (DDRISS) sobrepasan la incidencia nacional de dengue.<\/p>\n\n\n\n<p>Entre los departamentos con mayor riesgo se encuentran:<\/p>\n\n\n\n<p>Zacapa<\/p>\n\n\n\n<p>Santa Rosa<\/p>\n\n\n\n<p>Jutiapa<\/p>\n\n\n\n<p>Sacatep\u00e9quez<\/p>\n\n\n\n<p>Baja Verapaz<\/p>\n\n\n\n<p>El Progreso<\/p>\n\n\n\n<p>Chiquimula<\/p>\n\n\n\n<p>Escuintla<\/p>\n\n\n\n<p>Suchitep\u00e9quez<\/p>\n\n\n\n<p>Quetzaltenango<\/p>\n\n\n\n<p>El MSPAS tambi\u00e9n inform\u00f3 que en el pa\u00eds se ha identificado la circulaci\u00f3n de cuatro serotipos de este virus.<\/p>\n\n\n\n<p>Por ello, el ministerio mantiene monitoreo y vigilancia constante. Tambi\u00e9n se llevan a cabo encuestas entomol\u00f3gicas, b\u00fasqueda de casos, nebulizaci\u00f3n, deschatarrizaci\u00f3n, promoci\u00f3n y educaci\u00f3n.<\/p>\n\n\n\n<p>De esa cuenta, el MSPAS hace un llamado a la poblaci\u00f3n sobre la aplicaci\u00f3n de acciones de prevenci\u00f3n para reducir el riesgo de contagio.<\/p>\n\n\n\n<p>Entre las acciones que se promueven por la alerta est\u00e1n el lavado habitual de piletas y recipientes donde se almacena agua para consumo. Tambi\u00e9n se recomienda evitar el estancamiento de agua, as\u00ed como voltear llantas, macetas, envases. Adem\u00e1s, es recomendable descartar las vasijas u otros objetos en los que se puede estancar agua de lluvia. Estas medidas obedecen al riesgo de transmisi\u00f3n del dengue.<\/p>\n\n\n\n<p>Por \u00faltimo, el MSPAS se\u00f1ala la importancia de priorizar un diagn\u00f3stico a fin de identificar signos de alarma para dar el tratamiento adecuado a los pacientes.<\/p>\n\n\n\n<p>Por ello, se reitera a la poblaci\u00f3n poner atenci\u00f3n y practicar las recomendaciones para mantener un combate conjunto contra el dengue.<\/p>\n\n\n\n<p><a href=\"https:\/\/www.facebook.com\/hashtag\/dengue?__eep__=6&amp;__cft__[0]=AZX2O2pPLkxE9OtWg2jOzxJSHpHdiGKpXMzXT664Xo0LhSyQRMSo15_NIrDMIC2N5TEZuf05Y8YM7GMUlhJGm1xuPJGvXjP5oXYlFnpBsi4FaVHQlAdkldukYbSuiWue9jXjP4pwus4wcBa4ber9e8ALBpBG6DnRSwApnsCwXiVIjOz5qzgA080Iz710CtjVjUY&amp;__tn__=*NK-R\">#dengue<\/a><a href=\"https:\/\/www.facebook.com\/hashtag\/saludpublica?__eep__=6&amp;__cft__[0]=AZX2O2pPLkxE9OtWg2jOzxJSHpHdiGKpXMzXT664Xo0LhSyQRMSo15_NIrDMIC2N5TEZuf05Y8YM7GMUlhJGm1xuPJGvXjP5oXYlFnpBsi4FaVHQlAdkldukYbSuiWue9jXjP4pwus4wcBa4ber9e8ALBpBG6DnRSwApnsCwXiVIjOz5qzgA080Iz710CtjVjUY&amp;__tn__=*NK-R\">#saludpublica<\/a><a href=\"https:\/\/www.facebook.com\/hashtag\/metroredes?__eep__=6&amp;__cft__[0]=AZX2O2pPLkxE9OtWg2jOzxJSHpHdiGKpXMzXT664Xo0LhSyQRMSo15_NIrDMIC2N5TEZuf05Y8YM7GMUlhJGm1xuPJGvXjP5oXYlFnpBsi4FaVHQlAdkldukYbSuiWue9jXjP4pwus4wcBa4ber9e8ALBpBG6DnRSwApnsCwXiVIjOz5qzgA080Iz710CtjVjUY&amp;__tn__=*NK-R\">#metroredes<\/a><\/p>\n\n\n\n<p><a href=\"https:\/\/l.facebook.com\/l.php?u=http%3A%2F%2Fwww.elmetropolitano.com%2F%3Ffbclid%3DIwAR1T6FLHL8J84rDkSegyJun11QowD0YUieO2AZ1j4uVAqvqMPqv2rZsWLoI&amp;h=AT2AO_WBJgbzphPO0JHWrMWu0SjOxDbc6HPm06ILBJbAd0wgemGiPUYNO-c9yCZa5Y-cjGfem8p3CsEVcMLl9mY27fDmwv1xq6e3wRYfF1_95thrVAQ5aIll0DlwPi8YIlni&amp;__tn__=-UK-R&amp;c[0]=AT1kc-Ow7pe4KdfEyaRY1k-o2N3VfN-fbWEl7rDM9CZk8DbR3sEim33s-w5ht7FZyljWZF8l7f3pYhQ4nfIXVjdgOOA04n8Px6mnAbeSo3Zyu5uxF7Wz_Ovz6120xu0IQUmjvUd0Vx4hTB9tOTx1tZJqeZkBLaNKfCi3Br-iQ_Xp5CdoSaQDwK3SAHIHfqC0Tv7n3yo4O391\" target=\"_blank\" rel=\"noreferrer noopener\">www.elmetropolitano.com.<\/a>,gt <a href=\"http:\/\/www.metroredes.com\/?fbclid=IwAR0tibSlBZEadFHv4e1o2m9rQO3nAbV0rr0YNU7AS9dnodSglOpJyMZT7bY\" target=\"_blank\" rel=\"noreferrer noopener\">www.metroredes.com<\/a><\/p>\n\n\n\n<p><\/p>\n","protected":false},"excerpt":{"rendered":"<p>La Direcci\u00f3n de Epidemiolog\u00eda y Gesti\u00f3n de Riesgo del Ministerio de Salud P\u00fablica y Asistencia Social (MSPAS) emiti\u00f3 una alerta epidemiol\u00f3gica institucional, con el objetivo de fortalecer los planes de prevenci\u00f3n y control del dengue. La medida obedece al inicio de la temporada de incremento de transmisi\u00f3n de esa enfermedad. La alerta establece varias acciones <a class=\"read-more\" href=\"https:\/\/elmetropolitano.com.gt\/es\/salud-publica-emite-alerta-por-inicio-de-temporada-de-transmision-de-dengue\/\">Leer m\u00e1s<\/a><\/p>\n","protected":false},"author":1,"featured_media":79439,"comment_status":"open","ping_status":"closed","sticky":false,"template":"","format":"standard","meta":{"footnotes":""},"categories":[2],"tags":[12],"class_list":["post-79438","post","type-post","status-publish","format-standard","has-post-thumbnail","hentry","category-nacionales","tag-nacionales"],"_links":{"self":[{"href":"https:\/\/elmetropolitano.com.gt\/es\/wp-json\/wp\/v2\/posts\/79438","targetHints":{"allow":["GET"]}}],"collection":[{"href":"https:\/\/elmetropolitano.com.gt\/es\/wp-json\/wp\/v2\/posts"}],"about":[{"href":"https:\/\/elmetropolitano.com.gt\/es\/wp-json\/wp\/v2\/types\/post"}],"author":[{"embeddable":true,"href":"https:\/\/elmetropolitano.com.gt\/es\/wp-json\/wp\/v2\/users\/1"}],"replies":[{"embeddable":true,"href":"https:\/\/elmetropolitano.com.gt\/es\/wp-json\/wp\/v2\/comments?post=79438"}],"version-history":[{"count":1,"href":"https:\/\/elmetropolitano.com.gt\/es\/wp-json\/wp\/v2\/posts\/79438\/revisions"}],"predecessor-version":[{"id":79440,"href":"https:\/\/elmetropolitano.com.gt\/es\/wp-json\/wp\/v2\/posts\/79438\/revisions\/79440"}],"wp:featuredmedia":[{"embeddable":true,"href":"https:\/\/elmetropolitano.com.gt\/es\/wp-json\/wp\/v2\/media\/79439"}],"wp:attachment":[{"href":"https:\/\/elmetropolitano.com.gt\/es\/wp-json\/wp\/v2\/media?parent=79438"}],"wp:term":[{"taxonomy":"category","embeddable":true,"href":"https:\/\/elmetropolitano.com.gt\/es\/wp-json\/wp\/v2\/categories?post=79438"},{"taxonomy":"post_tag","embeddable":true,"href":"https:\/\/elmetropolitano.com.gt\/es\/wp-json\/wp\/v2\/tags?post=79438"}],"curies":[{"name":"wp","href":"https:\/\/api.w.org\/{rel}","templated":true}]}}