{"id":79441,"date":"2024-03-07T20:54:46","date_gmt":"2024-03-08T02:54:46","guid":{"rendered":"https:\/\/elmetropolitano.com.gt\/es\/?p=79441"},"modified":"2024-03-07T20:54:47","modified_gmt":"2024-03-08T02:54:47","slug":"a-cabal-no-le-satisface-distribucion-para-el-combate-contra-la-desnutricion","status":"publish","type":"post","link":"https:\/\/elmetropolitano.com.gt\/es\/a-cabal-no-le-satisface-distribucion-para-el-combate-contra-la-desnutricion\/","title":{"rendered":"A CABAL no le satisface distribuci\u00f3n para el combate contra la desnutrici\u00f3n"},"content":{"rendered":"\n<p>La bancada de diputados del partido CABAL no qued\u00f3 satisfecha con la distribuci\u00f3n presentada por las entidades gubernamentales para combatir la pobreza y la desnutrici\u00f3n.<\/p>\n\n\n\n<p>El <a><\/a>diputado Manuel Archila de dicha bancada dijo que la reuni\u00f3n con la Secretaria de Coordinaci\u00f3n Ejecutiva de la Presidencia (SCEP) fue para que exista equidad en la distribuci\u00f3n de los recursos por la cruzada contra la desnutrici\u00f3n para los 22 Departamentos y 340 Municipios.<\/p><div class=\"elmet-contenido\" id=\"elmet-2841596478\"><div class=\"elmet-adlabel\">Anuncios<\/div><div style=\"margin-top: 20px;margin-right: 20px;margin-bottom: 20px;margin-left: 20px;\" id=\"elmet-2125292564\"><a href=\"https:\/\/www.facebook.com\/arrincuanantigua\/\" aria-label=\"cintillo-arrin-cual\"><img loading=\"lazy\" decoding=\"async\" src=\"https:\/\/elmetropolitano.com.gt\/es\/wp-content\/uploads\/2021\/11\/cintillo-arrin-cual-1.jpg\" alt=\"\"  srcset=\"https:\/\/elmetropolitano.com.gt\/es\/wp-content\/uploads\/2021\/11\/cintillo-arrin-cual-1.jpg 750w, https:\/\/elmetropolitano.com.gt\/es\/wp-content\/uploads\/2021\/11\/cintillo-arrin-cual-1-300x36.jpg 300w, https:\/\/elmetropolitano.com.gt\/es\/wp-content\/uploads\/2021\/11\/cintillo-arrin-cual-1-600x72.jpg 600w\" sizes=\"(max-width: 750px) 100vw, 750px\" width=\"750\" height=\"90\"   \/><\/a><\/div><\/div>\n\n\n\n<p>Esto, agreg\u00f3, es por nuestro compromiso es con el pa\u00eds y no s\u00f3lo para unos, sino que es con todos los guatemaltecos.<\/p>\n\n\n\n<p>Menos mal que se logr\u00f3 enmendar la plana para buscar equidad en la distribuci\u00f3n de 600 millones para beneficiar a todos los guatemaltecos a los 340 municipios y 22 departamentos.<\/p>\n\n\n\n<p>Pero ahora se tendr\u00e1 que ver si las entidades logran cumplir con lo que se dijo con los diputados de dicha bancada.<\/p>\n\n\n\n<p>Texto: Francisco Javier Hurtarte<\/p>\n\n\n\n<p><a href=\"https:\/\/www.facebook.com\/hashtag\/metroredes?__eep__=6&amp;__cft__[0]=AZVgSWCFT8eLkCO70RmT3J8QlGo8B8O5zju_HTb2C09X63RmaoTKKaYOccV_UIBh9eXV0ri4XN69C8leFVJbhNr81hHB6a-KmTLyBjXhoy4wsZSbCkeTx4VrceXZeprWKFBpTQ1YU3qqrDVCY3q5lAuMH9iaN1qwX-rvFX3BHlp4B-qdTO1Q2-7nxfv9bRBoqyA&amp;__tn__=*NK-R\">#metroredes<\/a><a href=\"https:\/\/www.facebook.com\/hashtag\/partidocabal?__eep__=6&amp;__cft__[0]=AZVgSWCFT8eLkCO70RmT3J8QlGo8B8O5zju_HTb2C09X63RmaoTKKaYOccV_UIBh9eXV0ri4XN69C8leFVJbhNr81hHB6a-KmTLyBjXhoy4wsZSbCkeTx4VrceXZeprWKFBpTQ1YU3qqrDVCY3q5lAuMH9iaN1qwX-rvFX3BHlp4B-qdTO1Q2-7nxfv9bRBoqyA&amp;__tn__=*NK-R\">#PartidoCabal<\/a><a href=\"https:\/\/www.facebook.com\/hashtag\/cruzadacontraladesnutricion?__eep__=6&amp;__cft__[0]=AZVgSWCFT8eLkCO70RmT3J8QlGo8B8O5zju_HTb2C09X63RmaoTKKaYOccV_UIBh9eXV0ri4XN69C8leFVJbhNr81hHB6a-KmTLyBjXhoy4wsZSbCkeTx4VrceXZeprWKFBpTQ1YU3qqrDVCY3q5lAuMH9iaN1qwX-rvFX3BHlp4B-qdTO1Q2-7nxfv9bRBoqyA&amp;__tn__=*NK-R\">#cruzadacontraladesnutricion<\/a><\/p>\n\n\n\n<p><\/p>\n\n\n\n<figure class=\"wp-block-gallery has-nested-images columns-default is-cropped wp-block-gallery-1 is-layout-flex wp-block-gallery-is-layout-flex\">\n<figure class=\"wp-block-image size-large\"><img loading=\"lazy\" decoding=\"async\" width=\"1024\" height=\"576\" data-id=\"79444\" src=\"https:\/\/elmetropolitano.com.gt\/es\/wp-content\/uploads\/2024\/03\/429868285_895757299217021_768913118071154277_n-1024x576.jpg\" alt=\"\" class=\"wp-image-79444\" srcset=\"https:\/\/elmetropolitano.com.gt\/es\/wp-content\/uploads\/2024\/03\/429868285_895757299217021_768913118071154277_n-1024x576.jpg 1024w, https:\/\/elmetropolitano.com.gt\/es\/wp-content\/uploads\/2024\/03\/429868285_895757299217021_768913118071154277_n-300x169.jpg 300w, https:\/\/elmetropolitano.com.gt\/es\/wp-content\/uploads\/2024\/03\/429868285_895757299217021_768913118071154277_n-768x432.jpg 768w, https:\/\/elmetropolitano.com.gt\/es\/wp-content\/uploads\/2024\/03\/429868285_895757299217021_768913118071154277_n-1536x864.jpg 1536w, https:\/\/elmetropolitano.com.gt\/es\/wp-content\/uploads\/2024\/03\/429868285_895757299217021_768913118071154277_n.jpg 1600w\" sizes=\"auto, (max-width: 1024px) 100vw, 1024px\" \/><\/figure>\n\n\n\n<figure class=\"wp-block-image size-large\"><img loading=\"lazy\" decoding=\"async\" width=\"1024\" height=\"768\" data-id=\"79445\" src=\"https:\/\/elmetropolitano.com.gt\/es\/wp-content\/uploads\/2024\/03\/430061848_895757395883678_3193910840349333261_n-1024x768.jpg\" alt=\"\" class=\"wp-image-79445\" srcset=\"https:\/\/elmetropolitano.com.gt\/es\/wp-content\/uploads\/2024\/03\/430061848_895757395883678_3193910840349333261_n-1024x768.jpg 1024w, https:\/\/elmetropolitano.com.gt\/es\/wp-content\/uploads\/2024\/03\/430061848_895757395883678_3193910840349333261_n-300x225.jpg 300w, https:\/\/elmetropolitano.com.gt\/es\/wp-content\/uploads\/2024\/03\/430061848_895757395883678_3193910840349333261_n-768x576.jpg 768w, https:\/\/elmetropolitano.com.gt\/es\/wp-content\/uploads\/2024\/03\/430061848_895757395883678_3193910840349333261_n-1536x1152.jpg 1536w, https:\/\/elmetropolitano.com.gt\/es\/wp-content\/uploads\/2024\/03\/430061848_895757395883678_3193910840349333261_n.jpg 1600w\" sizes=\"auto, (max-width: 1024px) 100vw, 1024px\" \/><\/figure>\n\n\n\n<figure class=\"wp-block-image size-large\"><img loading=\"lazy\" decoding=\"async\" width=\"1024\" height=\"576\" data-id=\"79446\" src=\"https:\/\/elmetropolitano.com.gt\/es\/wp-content\/uploads\/2024\/03\/430657240_895757265883691_7645891542453574867_n-1024x576.jpg\" alt=\"\" class=\"wp-image-79446\" srcset=\"https:\/\/elmetropolitano.com.gt\/es\/wp-content\/uploads\/2024\/03\/430657240_895757265883691_7645891542453574867_n-1024x576.jpg 1024w, https:\/\/elmetropolitano.com.gt\/es\/wp-content\/uploads\/2024\/03\/430657240_895757265883691_7645891542453574867_n-300x169.jpg 300w, https:\/\/elmetropolitano.com.gt\/es\/wp-content\/uploads\/2024\/03\/430657240_895757265883691_7645891542453574867_n-768x432.jpg 768w, https:\/\/elmetropolitano.com.gt\/es\/wp-content\/uploads\/2024\/03\/430657240_895757265883691_7645891542453574867_n-1536x864.jpg 1536w, https:\/\/elmetropolitano.com.gt\/es\/wp-content\/uploads\/2024\/03\/430657240_895757265883691_7645891542453574867_n.jpg 1600w\" sizes=\"auto, (max-width: 1024px) 100vw, 1024px\" \/><\/figure>\n<\/figure>\n","protected":false},"excerpt":{"rendered":"<p>La bancada de diputados del partido CABAL no qued\u00f3 satisfecha con la distribuci\u00f3n presentada por las entidades gubernamentales para combatir la pobreza y la desnutrici\u00f3n. El diputado Manuel Archila de dicha bancada dijo que la reuni\u00f3n con la Secretaria de Coordinaci\u00f3n Ejecutiva de la Presidencia (SCEP) fue para que exista equidad en la distribuci\u00f3n de <a class=\"read-more\" href=\"https:\/\/elmetropolitano.com.gt\/es\/a-cabal-no-le-satisface-distribucion-para-el-combate-contra-la-desnutricion\/\">Leer m\u00e1s<\/a><\/p>\n","protected":false},"author":1,"featured_media":79443,"comment_status":"open","ping_status":"closed","sticky":false,"template":"","format":"standard","meta":{"footnotes":""},"categories":[2],"tags":[12],"class_list":["post-79441","post","type-post","status-publish","format-standard","has-post-thumbnail","hentry","category-nacionales","tag-nacionales"],"_links":{"self":[{"href":"https:\/\/elmetropolitano.com.gt\/es\/wp-json\/wp\/v2\/posts\/79441","targetHints":{"allow":["GET"]}}],"collection":[{"href":"https:\/\/elmetropolitano.com.gt\/es\/wp-json\/wp\/v2\/posts"}],"about":[{"href":"https:\/\/elmetropolitano.com.gt\/es\/wp-json\/wp\/v2\/types\/post"}],"author":[{"embeddable":true,"href":"https:\/\/elmetropolitano.com.gt\/es\/wp-json\/wp\/v2\/users\/1"}],"replies":[{"embeddable":true,"href":"https:\/\/elmetropolitano.com.gt\/es\/wp-json\/wp\/v2\/comments?post=79441"}],"version-history":[{"count":1,"href":"https:\/\/elmetropolitano.com.gt\/es\/wp-json\/wp\/v2\/posts\/79441\/revisions"}],"predecessor-version":[{"id":79447,"href":"https:\/\/elmetropolitano.com.gt\/es\/wp-json\/wp\/v2\/posts\/79441\/revisions\/79447"}],"wp:featuredmedia":[{"embeddable":true,"href":"https:\/\/elmetropolitano.com.gt\/es\/wp-json\/wp\/v2\/media\/79443"}],"wp:attachment":[{"href":"https:\/\/elmetropolitano.com.gt\/es\/wp-json\/wp\/v2\/media?parent=79441"}],"wp:term":[{"taxonomy":"category","embeddable":true,"href":"https:\/\/elmetropolitano.com.gt\/es\/wp-json\/wp\/v2\/categories?post=79441"},{"taxonomy":"post_tag","embeddable":true,"href":"https:\/\/elmetropolitano.com.gt\/es\/wp-json\/wp\/v2\/tags?post=79441"}],"curies":[{"name":"wp","href":"https:\/\/api.w.org\/{rel}","templated":true}]}}