{"id":79448,"date":"2024-03-07T20:58:10","date_gmt":"2024-03-08T02:58:10","guid":{"rendered":"https:\/\/elmetropolitano.com.gt\/es\/?p=79448"},"modified":"2024-03-07T20:58:11","modified_gmt":"2024-03-08T02:58:11","slug":"la-sala-del-pueblo-reabierta-en-el-congreso-de-la-republica","status":"publish","type":"post","link":"https:\/\/elmetropolitano.com.gt\/es\/la-sala-del-pueblo-reabierta-en-el-congreso-de-la-republica\/","title":{"rendered":"La Sala del Pueblo reabierta en el Congreso de la Rep\u00fablica"},"content":{"rendered":"\n<p>El Presidente del Congreso de la Rep\u00fablica Nery Ramos y Ramos, en el marco de la conmemoraci\u00f3n del D\u00eda Internacional de la Mujer, reapertura la Sala del Pueblo del Palacio Legislativo, como parte de la pol\u00edtica de puertas abiertas que impulsa la Junta Directiva del Congreso.<\/p>\n\n\n\n<p>En <a><\/a>su discurso de bienvenida el Presidente Ramos y Ramos, indica que la Sala del Pueblo es un espacio donde se ha construido el di\u00e1logo indispensable para el fortalecimiento de la democracia, \u201crepresenta la historia viva de la pol\u00edtica\u201d.<\/p><div class=\"elmet-contenido\" id=\"elmet-3962535825\"><div class=\"elmet-adlabel\">Anuncios<\/div><div style=\"margin-top: 20px;margin-right: 20px;margin-bottom: 20px;margin-left: 20px;\" id=\"elmet-2336392258\"><a href=\"https:\/\/www.facebook.com\/arrincuanantigua\/\" aria-label=\"cintillo-arrin-cual\"><img loading=\"lazy\" decoding=\"async\" src=\"https:\/\/elmetropolitano.com.gt\/es\/wp-content\/uploads\/2021\/11\/cintillo-arrin-cual-1.jpg\" alt=\"\"  srcset=\"https:\/\/elmetropolitano.com.gt\/es\/wp-content\/uploads\/2021\/11\/cintillo-arrin-cual-1.jpg 750w, https:\/\/elmetropolitano.com.gt\/es\/wp-content\/uploads\/2021\/11\/cintillo-arrin-cual-1-300x36.jpg 300w, https:\/\/elmetropolitano.com.gt\/es\/wp-content\/uploads\/2021\/11\/cintillo-arrin-cual-1-600x72.jpg 600w\" sizes=\"(max-width: 750px) 100vw, 750px\" width=\"750\" height=\"90\"   \/><\/a><\/div><\/div>\n\n\n\n<p>En el acto conmemorativo participa el diputado C\u00e9sar Am\u00e9zquita, Segundo Vicepresidente, las congresistas Karina Paz y Sonia Guti\u00e9rrez, Primera y Quinta Secretaria del Congreso respectivamente, as\u00ed como legisladoras de diferentes bloques, representantes de diferentes organizaciones de mujeres.<\/p>\n\n\n\n<p>La diputada Marleni Mat\u00edas, presidente del Foro Parlamentario de Mujeres, expresa \u201clas mujeres queremos ser escuchadas, queremos ese espacio para manifestar nuestras necesidades\u201d.<\/p>\n\n\n\n<p>Adem\u00e1s, indica que como trabajadoras \u201cluchamos por la igualdad de oportunidades, salarios dignos y un ambiente laboral libre de violencia, discriminaci\u00f3n y desigualdad\u201d.<\/p>\n\n\n\n<p>La diputada Sonia Guti\u00e9rrez, Quinta Secretaria de Junta Directiva, tambi\u00e9n da la bienvenida expresando \u201cla voz de las mujeres tiene que estar presente\u201d, refiri\u00e9ndose a la pol\u00edtica de puertas abiertas que impulsa la Junta Directiva.<\/p>\n\n\n\n<p>Tambi\u00e9n resalta, la visi\u00f3n de avanzar en la agenda parlamentaria de las mujeres, adem\u00e1s, pide que les hagan llegar sus propuestas para un Congreso incluyente.<\/p>\n\n\n\n<p>Representantes de organizaciones de mujeres, manifiestan su agradecimiento a este espacio de di\u00e1logo, solicitan el avance de iniciativas de ley en beneficio de las mujeres. Asimismo, que les puedan escuchar y materializar sus peticiones.<\/p>\n\n\n\n<p><a href=\"https:\/\/www.facebook.com\/hashtag\/diainternacionaldelamujer?__eep__=6&amp;__cft__[0]=AZXmwnsUVu6K19-IcL7pQMUXS7X5kWWxxW83CPByqWYZoCzrVeXql926J3m7ffGFtgsFNXrXd2SMEnVQCs20D-cr7mMD7wWulz5LfnINrIqA2sJR2WpKlaq9EmkT_G0wCtXb6Hgn-CsKwFt_ofkWi_hWdkFAePZ9k3-w-XCje921YdNQyYkW1nRilRsYPKuzIhw&amp;__tn__=*NK-R\">#DiaInternacionalDeLaMujer<\/a><\/p>\n\n\n\n<p><a href=\"https:\/\/www.facebook.com\/hashtag\/metroredes?__eep__=6&amp;__cft__[0]=AZXmwnsUVu6K19-IcL7pQMUXS7X5kWWxxW83CPByqWYZoCzrVeXql926J3m7ffGFtgsFNXrXd2SMEnVQCs20D-cr7mMD7wWulz5LfnINrIqA2sJR2WpKlaq9EmkT_G0wCtXb6Hgn-CsKwFt_ofkWi_hWdkFAePZ9k3-w-XCje921YdNQyYkW1nRilRsYPKuzIhw&amp;__tn__=*NK-R\">#metroredes<\/a><a href=\"https:\/\/www.facebook.com\/hashtag\/congresogt?__eep__=6&amp;__cft__[0]=AZXmwnsUVu6K19-IcL7pQMUXS7X5kWWxxW83CPByqWYZoCzrVeXql926J3m7ffGFtgsFNXrXd2SMEnVQCs20D-cr7mMD7wWulz5LfnINrIqA2sJR2WpKlaq9EmkT_G0wCtXb6Hgn-CsKwFt_ofkWi_hWdkFAePZ9k3-w-XCje921YdNQyYkW1nRilRsYPKuzIhw&amp;__tn__=*NK-R\">#CongresoGT<\/a><\/p>\n\n\n\n<figure class=\"wp-block-gallery has-nested-images columns-default is-cropped wp-block-gallery-1 is-layout-flex wp-block-gallery-is-layout-flex\">\n<figure class=\"wp-block-image size-large\"><img loading=\"lazy\" decoding=\"async\" width=\"1024\" height=\"681\" data-id=\"79454\" src=\"https:\/\/elmetropolitano.com.gt\/es\/wp-content\/uploads\/2024\/03\/429808642_895783489214402_293218005634055715_n-1024x681.jpg\" alt=\"\" class=\"wp-image-79454\" srcset=\"https:\/\/elmetropolitano.com.gt\/es\/wp-content\/uploads\/2024\/03\/429808642_895783489214402_293218005634055715_n-1024x681.jpg 1024w, https:\/\/elmetropolitano.com.gt\/es\/wp-content\/uploads\/2024\/03\/429808642_895783489214402_293218005634055715_n-300x200.jpg 300w, https:\/\/elmetropolitano.com.gt\/es\/wp-content\/uploads\/2024\/03\/429808642_895783489214402_293218005634055715_n-768x511.jpg 768w, https:\/\/elmetropolitano.com.gt\/es\/wp-content\/uploads\/2024\/03\/429808642_895783489214402_293218005634055715_n-1536x1022.jpg 1536w, https:\/\/elmetropolitano.com.gt\/es\/wp-content\/uploads\/2024\/03\/429808642_895783489214402_293218005634055715_n.jpg 1599w\" sizes=\"auto, (max-width: 1024px) 100vw, 1024px\" \/><\/figure>\n\n\n\n<figure class=\"wp-block-image size-large\"><img loading=\"lazy\" decoding=\"async\" width=\"1024\" height=\"681\" data-id=\"79452\" src=\"https:\/\/elmetropolitano.com.gt\/es\/wp-content\/uploads\/2024\/03\/429865406_895783905881027_3492831538456600731_n-1024x681.jpg\" alt=\"\" class=\"wp-image-79452\" srcset=\"https:\/\/elmetropolitano.com.gt\/es\/wp-content\/uploads\/2024\/03\/429865406_895783905881027_3492831538456600731_n-1024x681.jpg 1024w, https:\/\/elmetropolitano.com.gt\/es\/wp-content\/uploads\/2024\/03\/429865406_895783905881027_3492831538456600731_n-300x200.jpg 300w, https:\/\/elmetropolitano.com.gt\/es\/wp-content\/uploads\/2024\/03\/429865406_895783905881027_3492831538456600731_n-768x511.jpg 768w, https:\/\/elmetropolitano.com.gt\/es\/wp-content\/uploads\/2024\/03\/429865406_895783905881027_3492831538456600731_n-1536x1022.jpg 1536w, https:\/\/elmetropolitano.com.gt\/es\/wp-content\/uploads\/2024\/03\/429865406_895783905881027_3492831538456600731_n.jpg 2048w\" sizes=\"auto, (max-width: 1024px) 100vw, 1024px\" \/><\/figure>\n\n\n\n<figure class=\"wp-block-image size-large\"><img loading=\"lazy\" decoding=\"async\" width=\"1024\" height=\"716\" data-id=\"79453\" src=\"https:\/\/elmetropolitano.com.gt\/es\/wp-content\/uploads\/2024\/03\/430051710_895784155881002_7612189097014912611_n-1024x716.jpg\" alt=\"\" class=\"wp-image-79453\" srcset=\"https:\/\/elmetropolitano.com.gt\/es\/wp-content\/uploads\/2024\/03\/430051710_895784155881002_7612189097014912611_n-1024x716.jpg 1024w, https:\/\/elmetropolitano.com.gt\/es\/wp-content\/uploads\/2024\/03\/430051710_895784155881002_7612189097014912611_n-300x210.jpg 300w, https:\/\/elmetropolitano.com.gt\/es\/wp-content\/uploads\/2024\/03\/430051710_895784155881002_7612189097014912611_n-768x537.jpg 768w, https:\/\/elmetropolitano.com.gt\/es\/wp-content\/uploads\/2024\/03\/430051710_895784155881002_7612189097014912611_n-1536x1073.jpg 1536w, https:\/\/elmetropolitano.com.gt\/es\/wp-content\/uploads\/2024\/03\/430051710_895784155881002_7612189097014912611_n.jpg 2048w\" sizes=\"auto, (max-width: 1024px) 100vw, 1024px\" \/><\/figure>\n\n\n\n<figure class=\"wp-block-image size-large\"><img loading=\"lazy\" decoding=\"async\" width=\"1024\" height=\"682\" data-id=\"79451\" src=\"https:\/\/elmetropolitano.com.gt\/es\/wp-content\/uploads\/2024\/03\/430103343_895784175881000_5356577839405615715_n-1024x682.jpg\" alt=\"\" class=\"wp-image-79451\" srcset=\"https:\/\/elmetropolitano.com.gt\/es\/wp-content\/uploads\/2024\/03\/430103343_895784175881000_5356577839405615715_n-1024x682.jpg 1024w, https:\/\/elmetropolitano.com.gt\/es\/wp-content\/uploads\/2024\/03\/430103343_895784175881000_5356577839405615715_n-300x200.jpg 300w, https:\/\/elmetropolitano.com.gt\/es\/wp-content\/uploads\/2024\/03\/430103343_895784175881000_5356577839405615715_n-768x511.jpg 768w, https:\/\/elmetropolitano.com.gt\/es\/wp-content\/uploads\/2024\/03\/430103343_895784175881000_5356577839405615715_n-1536x1022.jpg 1536w, https:\/\/elmetropolitano.com.gt\/es\/wp-content\/uploads\/2024\/03\/430103343_895784175881000_5356577839405615715_n.jpg 2048w\" sizes=\"auto, (max-width: 1024px) 100vw, 1024px\" \/><\/figure>\n\n\n\n<figure class=\"wp-block-image size-large\"><img loading=\"lazy\" decoding=\"async\" width=\"1024\" height=\"682\" data-id=\"79450\" src=\"https:\/\/elmetropolitano.com.gt\/es\/wp-content\/uploads\/2024\/03\/430148637_895784082547676_4794466384078624976_n-1024x682.jpg\" alt=\"\" class=\"wp-image-79450\" srcset=\"https:\/\/elmetropolitano.com.gt\/es\/wp-content\/uploads\/2024\/03\/430148637_895784082547676_4794466384078624976_n-1024x682.jpg 1024w, https:\/\/elmetropolitano.com.gt\/es\/wp-content\/uploads\/2024\/03\/430148637_895784082547676_4794466384078624976_n-300x200.jpg 300w, https:\/\/elmetropolitano.com.gt\/es\/wp-content\/uploads\/2024\/03\/430148637_895784082547676_4794466384078624976_n-768x511.jpg 768w, https:\/\/elmetropolitano.com.gt\/es\/wp-content\/uploads\/2024\/03\/430148637_895784082547676_4794466384078624976_n-1536x1022.jpg 1536w, https:\/\/elmetropolitano.com.gt\/es\/wp-content\/uploads\/2024\/03\/430148637_895784082547676_4794466384078624976_n.jpg 2048w\" sizes=\"auto, (max-width: 1024px) 100vw, 1024px\" \/><\/figure>\n<\/figure>\n","protected":false},"excerpt":{"rendered":"<p>El Presidente del Congreso de la Rep\u00fablica Nery Ramos y Ramos, en el marco de la conmemoraci\u00f3n del D\u00eda Internacional de la Mujer, reapertura la Sala del Pueblo del Palacio Legislativo, como parte de la pol\u00edtica de puertas abiertas que impulsa la Junta Directiva del Congreso. En su discurso de bienvenida el Presidente Ramos y <a class=\"read-more\" href=\"https:\/\/elmetropolitano.com.gt\/es\/la-sala-del-pueblo-reabierta-en-el-congreso-de-la-republica\/\">Leer m\u00e1s<\/a><\/p>\n","protected":false},"author":1,"featured_media":79449,"comment_status":"open","ping_status":"closed","sticky":false,"template":"","format":"standard","meta":{"footnotes":""},"categories":[2],"tags":[12],"class_list":["post-79448","post","type-post","status-publish","format-standard","has-post-thumbnail","hentry","category-nacionales","tag-nacionales"],"_links":{"self":[{"href":"https:\/\/elmetropolitano.com.gt\/es\/wp-json\/wp\/v2\/posts\/79448","targetHints":{"allow":["GET"]}}],"collection":[{"href":"https:\/\/elmetropolitano.com.gt\/es\/wp-json\/wp\/v2\/posts"}],"about":[{"href":"https:\/\/elmetropolitano.com.gt\/es\/wp-json\/wp\/v2\/types\/post"}],"author":[{"embeddable":true,"href":"https:\/\/elmetropolitano.com.gt\/es\/wp-json\/wp\/v2\/users\/1"}],"replies":[{"embeddable":true,"href":"https:\/\/elmetropolitano.com.gt\/es\/wp-json\/wp\/v2\/comments?post=79448"}],"version-history":[{"count":1,"href":"https:\/\/elmetropolitano.com.gt\/es\/wp-json\/wp\/v2\/posts\/79448\/revisions"}],"predecessor-version":[{"id":79455,"href":"https:\/\/elmetropolitano.com.gt\/es\/wp-json\/wp\/v2\/posts\/79448\/revisions\/79455"}],"wp:featuredmedia":[{"embeddable":true,"href":"https:\/\/elmetropolitano.com.gt\/es\/wp-json\/wp\/v2\/media\/79449"}],"wp:attachment":[{"href":"https:\/\/elmetropolitano.com.gt\/es\/wp-json\/wp\/v2\/media?parent=79448"}],"wp:term":[{"taxonomy":"category","embeddable":true,"href":"https:\/\/elmetropolitano.com.gt\/es\/wp-json\/wp\/v2\/categories?post=79448"},{"taxonomy":"post_tag","embeddable":true,"href":"https:\/\/elmetropolitano.com.gt\/es\/wp-json\/wp\/v2\/tags?post=79448"}],"curies":[{"name":"wp","href":"https:\/\/api.w.org\/{rel}","templated":true}]}}