{"id":79456,"date":"2024-03-07T21:00:06","date_gmt":"2024-03-08T03:00:06","guid":{"rendered":"https:\/\/elmetropolitano.com.gt\/es\/?p=79456"},"modified":"2024-03-07T21:00:07","modified_gmt":"2024-03-08T03:00:07","slug":"pese-a-amenazas-diputado-rodriguez-pide-reformas-al-codigo-municipal","status":"publish","type":"post","link":"https:\/\/elmetropolitano.com.gt\/es\/pese-a-amenazas-diputado-rodriguez-pide-reformas-al-codigo-municipal\/","title":{"rendered":"Pese a amenazas, diputado Rodr\u00edguez pide reformas al c\u00f3digo municipal"},"content":{"rendered":"\n<p>Pese a tener amenazas de muerte, el diputado de la bancada del Partido TODOS, Byron Rodr\u00edguez, present\u00f3 hoy la iniciativa de reformas al C\u00f3digo Municipal.<\/p>\n\n\n\n<p><a><\/a>Rodr\u00edguez ofreci\u00f3 una conferencia de prensa al momento de entregar la iniciativa a una representante de la Direcci\u00f3n Legislativa quien indic\u00f3 que hab\u00eda recibido amenazas de muerte por presentar esa iniciativa de ley como lo hab\u00eda anunciado en sus redes sociales, que lo har\u00eda este jueves.<\/p><div class=\"elmet-contenido\" id=\"elmet-149233343\"><div class=\"elmet-adlabel\">Anuncios<\/div><div style=\"margin-top: 20px;margin-right: 20px;margin-bottom: 20px;margin-left: 20px;\" id=\"elmet-3000480752\"><a href=\"https:\/\/www.facebook.com\/arrincuanantigua\/\" aria-label=\"cintillo-arrin-cual\"><img loading=\"lazy\" decoding=\"async\" src=\"https:\/\/elmetropolitano.com.gt\/es\/wp-content\/uploads\/2021\/11\/cintillo-arrin-cual-1.jpg\" alt=\"\"  srcset=\"https:\/\/elmetropolitano.com.gt\/es\/wp-content\/uploads\/2021\/11\/cintillo-arrin-cual-1.jpg 750w, https:\/\/elmetropolitano.com.gt\/es\/wp-content\/uploads\/2021\/11\/cintillo-arrin-cual-1-300x36.jpg 300w, https:\/\/elmetropolitano.com.gt\/es\/wp-content\/uploads\/2021\/11\/cintillo-arrin-cual-1-600x72.jpg 600w\" sizes=\"(max-width: 750px) 100vw, 750px\" width=\"750\" height=\"90\"   \/><\/a><\/div><\/div>\n\n\n\n<p>Que se transmitan en vivo sesiones<\/p>\n\n\n\n<p>de los Concejos Municipales<\/p>\n\n\n\n<p>Byron Rodr\u00edguez, indic\u00f3 que le motiv\u00f3 a presentar estas reformas por el hecho de que es diputado distrital por Quetzaltenango donde se le ha denegado a los concejales hacer videos o transmitir en vivo las sesiones municipales.<\/p>\n\n\n\n<p>Las reformas al Decreto 12-2002, dijo pretenden que las corporaciones municipales de todo el pa\u00eds faciliten la divulgaci\u00f3n y publicidad en los medios de comunicaci\u00f3n, integrantes del consejo o cualquier persona que dese transmitir en vivo o en diferido, las sesiones de los Consejos Municipales.<\/p>\n\n\n\n<p>El objetivo es que todo sea transparente y los electores conozcan que es lo que discuten sus representantes en los gobiernos locale.<\/p>\n\n\n\n<p>Texto: Francisco Javier Hurtarte<\/p>\n\n\n\n<p><a href=\"https:\/\/www.facebook.com\/hashtag\/concejosmunicipales?__eep__=6&amp;__cft__[0]=AZXKAse8wAMNjN19VrjPg26XHU3iwxOh6oLs0Nr1yRhqUAUIE0VzmJw1uFFsNkTMpXnBRmwooG1ocEaGlXKSSO4CxVwzw1-wlikl2CLEXmxX9VmwTA_saOF5W0Zs6kzKAexA4YuVZLGC8OlIpiUqL0TNiqDbr7u6Z5TRT7oPpmOqYb4wF1J4mI2gUgN24OKl5PM&amp;__tn__=*NK-R\">#concejosmunicipales<\/a><a href=\"https:\/\/www.facebook.com\/hashtag\/congresogt?__eep__=6&amp;__cft__[0]=AZXKAse8wAMNjN19VrjPg26XHU3iwxOh6oLs0Nr1yRhqUAUIE0VzmJw1uFFsNkTMpXnBRmwooG1ocEaGlXKSSO4CxVwzw1-wlikl2CLEXmxX9VmwTA_saOF5W0Zs6kzKAexA4YuVZLGC8OlIpiUqL0TNiqDbr7u6Z5TRT7oPpmOqYb4wF1J4mI2gUgN24OKl5PM&amp;__tn__=*NK-R\">#CongresoGT<\/a><a href=\"https:\/\/www.facebook.com\/hashtag\/metroredes?__eep__=6&amp;__cft__[0]=AZXKAse8wAMNjN19VrjPg26XHU3iwxOh6oLs0Nr1yRhqUAUIE0VzmJw1uFFsNkTMpXnBRmwooG1ocEaGlXKSSO4CxVwzw1-wlikl2CLEXmxX9VmwTA_saOF5W0Zs6kzKAexA4YuVZLGC8OlIpiUqL0TNiqDbr7u6Z5TRT7oPpmOqYb4wF1J4mI2gUgN24OKl5PM&amp;__tn__=*NK-R\">#metroredes<\/a><a href=\"https:\/\/www.facebook.com\/hashtag\/partidotodos?__eep__=6&amp;__cft__[0]=AZXKAse8wAMNjN19VrjPg26XHU3iwxOh6oLs0Nr1yRhqUAUIE0VzmJw1uFFsNkTMpXnBRmwooG1ocEaGlXKSSO4CxVwzw1-wlikl2CLEXmxX9VmwTA_saOF5W0Zs6kzKAexA4YuVZLGC8OlIpiUqL0TNiqDbr7u6Z5TRT7oPpmOqYb4wF1J4mI2gUgN24OKl5PM&amp;__tn__=*NK-R\">#PartidoTodos<\/a><\/p>\n\n\n\n<p><\/p>\n","protected":false},"excerpt":{"rendered":"<p>Pese a tener amenazas de muerte, el diputado de la bancada del Partido TODOS, Byron Rodr\u00edguez, present\u00f3 hoy la iniciativa de reformas al C\u00f3digo Municipal. Rodr\u00edguez ofreci\u00f3 una conferencia de prensa al momento de entregar la iniciativa a una representante de la Direcci\u00f3n Legislativa quien indic\u00f3 que hab\u00eda recibido amenazas de muerte por presentar esa <a class=\"read-more\" href=\"https:\/\/elmetropolitano.com.gt\/es\/pese-a-amenazas-diputado-rodriguez-pide-reformas-al-codigo-municipal\/\">Leer m\u00e1s<\/a><\/p>\n","protected":false},"author":1,"featured_media":79457,"comment_status":"open","ping_status":"closed","sticky":false,"template":"","format":"standard","meta":{"footnotes":""},"categories":[2],"tags":[12],"class_list":["post-79456","post","type-post","status-publish","format-standard","has-post-thumbnail","hentry","category-nacionales","tag-nacionales"],"_links":{"self":[{"href":"https:\/\/elmetropolitano.com.gt\/es\/wp-json\/wp\/v2\/posts\/79456","targetHints":{"allow":["GET"]}}],"collection":[{"href":"https:\/\/elmetropolitano.com.gt\/es\/wp-json\/wp\/v2\/posts"}],"about":[{"href":"https:\/\/elmetropolitano.com.gt\/es\/wp-json\/wp\/v2\/types\/post"}],"author":[{"embeddable":true,"href":"https:\/\/elmetropolitano.com.gt\/es\/wp-json\/wp\/v2\/users\/1"}],"replies":[{"embeddable":true,"href":"https:\/\/elmetropolitano.com.gt\/es\/wp-json\/wp\/v2\/comments?post=79456"}],"version-history":[{"count":1,"href":"https:\/\/elmetropolitano.com.gt\/es\/wp-json\/wp\/v2\/posts\/79456\/revisions"}],"predecessor-version":[{"id":79458,"href":"https:\/\/elmetropolitano.com.gt\/es\/wp-json\/wp\/v2\/posts\/79456\/revisions\/79458"}],"wp:featuredmedia":[{"embeddable":true,"href":"https:\/\/elmetropolitano.com.gt\/es\/wp-json\/wp\/v2\/media\/79457"}],"wp:attachment":[{"href":"https:\/\/elmetropolitano.com.gt\/es\/wp-json\/wp\/v2\/media?parent=79456"}],"wp:term":[{"taxonomy":"category","embeddable":true,"href":"https:\/\/elmetropolitano.com.gt\/es\/wp-json\/wp\/v2\/categories?post=79456"},{"taxonomy":"post_tag","embeddable":true,"href":"https:\/\/elmetropolitano.com.gt\/es\/wp-json\/wp\/v2\/tags?post=79456"}],"curies":[{"name":"wp","href":"https:\/\/api.w.org\/{rel}","templated":true}]}}