{"id":79459,"date":"2024-03-07T21:02:13","date_gmt":"2024-03-08T03:02:13","guid":{"rendered":"https:\/\/elmetropolitano.com.gt\/es\/?p=79459"},"modified":"2024-03-07T21:02:14","modified_gmt":"2024-03-08T03:02:14","slug":"congreso-aprueba-ley-para-la-atencion-integral-del-cancer","status":"publish","type":"post","link":"https:\/\/elmetropolitano.com.gt\/es\/congreso-aprueba-ley-para-la-atencion-integral-del-cancer\/","title":{"rendered":"Congreso aprueba Ley para la atenci\u00f3n integral del c\u00e1ncer"},"content":{"rendered":"\n<p>Con 125 votos (m\u00e1s de las dos terceras partes) a favor hoy los diputados al Congreso de la Rep\u00fablica aprobaron el Decreto 07-2024 Ley para la Atenci\u00f3n Integral del c\u00e1ncer.<\/p>\n\n\n\n<p>La <a><\/a>Ley crea un marco legal que obliga al Estado a generar los recursos (Q600 millones) para atender a los pacientes de c\u00e1ncer; promueve la creaci\u00f3n del hospital nacional que atiende a los enfermos.<\/p><div class=\"elmet-contenido\" id=\"elmet-4204589523\"><div class=\"elmet-adlabel\">Anuncios<\/div><div style=\"margin-top: 20px;margin-right: 20px;margin-bottom: 20px;margin-left: 20px;\" id=\"elmet-2333081651\"><a href=\"https:\/\/www.facebook.com\/arrincuanantigua\/\" aria-label=\"cintillo-arrin-cual\"><img loading=\"lazy\" decoding=\"async\" src=\"https:\/\/elmetropolitano.com.gt\/es\/wp-content\/uploads\/2021\/11\/cintillo-arrin-cual-1.jpg\" alt=\"\"  srcset=\"https:\/\/elmetropolitano.com.gt\/es\/wp-content\/uploads\/2021\/11\/cintillo-arrin-cual-1.jpg 750w, https:\/\/elmetropolitano.com.gt\/es\/wp-content\/uploads\/2021\/11\/cintillo-arrin-cual-1-300x36.jpg 300w, https:\/\/elmetropolitano.com.gt\/es\/wp-content\/uploads\/2021\/11\/cintillo-arrin-cual-1-600x72.jpg 600w\" sizes=\"(max-width: 750px) 100vw, 750px\" width=\"750\" height=\"90\"   \/><\/a><\/div><\/div>\n\n\n\n<p>Actualmente los hospitales del Roosevelt y San Juan de Dios tienen unidades pero sin el equipo completo por lo que el Estado termina pagando los servicios al Instituto Nacional Contra el C\u00e1ncer que no son efectivos en la atenci\u00f3n a los pacientes.<\/p>\n\n\n\n<p>Esta ley permitir\u00e1 que se pueda detener con prevenci\u00f3n de la salud, esta enfermedad ya que seg\u00fan dijo el diputado Jairo Flores, de VOS, hay 40 mil personas con c\u00e1ncer y se suman cada a\u00f1o unas 17 mil quienes padecen de este mal.<\/p>\n\n\n\n<p>El diputado Carlos Roberto Calder\u00f3n expres\u00f3 que esta ley tiene el rostro que es el de la ex diputada de Semilla, Lucrecia Hern\u00e1ndez Mack (quien muri\u00f3 del c\u00e1ncer cuando era parlamentaria) y ya hab\u00eda elaborado esta iniciativa que ahora es ley.<\/p>\n\n\n\n<p>Presidente Ar\u00e9valo lo celebra<\/p>\n\n\n\n<p>El presidente Bernardo Ar\u00e9valo celebr\u00f3 la privaci\u00f3n de la ley para la atenci\u00f3n integral del C\u00e1ncer indicando que esta celebraci\u00f3n es por Lucrecia Hern\u00e1ndez quien falleci\u00f3 de C\u00e1ncer y fue la ponente de la ley.<\/p>\n\n\n\n<p>\u201cHoy Guatemala da un paso adelante en la lucha contra el c\u00e1ncer con la aprobaci\u00f3n de la Ley para la Atenci\u00f3n Integral del C\u00e1ncer, la cual ser\u00e1 de beneficio para miles de personas y familias que padecen los efectos de esta enfermedad\u201d expres\u00f3 el Presidente Bernardo Ar\u00e9valo<\/p>\n\n\n\n<p>Agregando que \u201cS\u00ed, es una realidad querida Lucrecia Hern\u00e1ndez se ha legislado por la gente. Lo celebramos contigo y por ti\u201d.<\/p>\n\n\n\n<p>Texto Francisco Javier Hurtarte<\/p>\n\n\n\n<p><a href=\"https:\/\/www.facebook.com\/hashtag\/cancer?__eep__=6&amp;__cft__[0]=AZWPWEh-FYW5ycyyOZmKI2ANkCOjTpbQ-g8dDWndIP_eDaXVd3blPA4ArVUFVw6imXd_wcEbcG3ZrGTL-3sx1Kb8N5YMEaMAwhc5QpER6U_n8ReGqzn9tcr5ZPXfpndRu0QbGg5g45kpinZbmwheTEjSDck3fdA9NjtJX3UMpsKsXZ7rAzGQ3GE3bmJgGloK1Mw&amp;__tn__=*NK-R\">#Cancer<\/a><a href=\"https:\/\/www.facebook.com\/hashtag\/congresogt?__eep__=6&amp;__cft__[0]=AZWPWEh-FYW5ycyyOZmKI2ANkCOjTpbQ-g8dDWndIP_eDaXVd3blPA4ArVUFVw6imXd_wcEbcG3ZrGTL-3sx1Kb8N5YMEaMAwhc5QpER6U_n8ReGqzn9tcr5ZPXfpndRu0QbGg5g45kpinZbmwheTEjSDck3fdA9NjtJX3UMpsKsXZ7rAzGQ3GE3bmJgGloK1Mw&amp;__tn__=*NK-R\">#CongresoGT<\/a><\/p>\n\n\n\n<figure class=\"wp-block-gallery has-nested-images columns-default is-cropped wp-block-gallery-1 is-layout-flex wp-block-gallery-is-layout-flex\">\n<figure class=\"wp-block-image size-large\"><img loading=\"lazy\" decoding=\"async\" width=\"1024\" height=\"683\" data-id=\"79461\" src=\"https:\/\/elmetropolitano.com.gt\/es\/wp-content\/uploads\/2024\/03\/429769113_895844165875001_5184998820563913574_n-1024x683.jpg\" alt=\"\" class=\"wp-image-79461\" srcset=\"https:\/\/elmetropolitano.com.gt\/es\/wp-content\/uploads\/2024\/03\/429769113_895844165875001_5184998820563913574_n-1024x683.jpg 1024w, https:\/\/elmetropolitano.com.gt\/es\/wp-content\/uploads\/2024\/03\/429769113_895844165875001_5184998820563913574_n-300x200.jpg 300w, https:\/\/elmetropolitano.com.gt\/es\/wp-content\/uploads\/2024\/03\/429769113_895844165875001_5184998820563913574_n-768x512.jpg 768w, https:\/\/elmetropolitano.com.gt\/es\/wp-content\/uploads\/2024\/03\/429769113_895844165875001_5184998820563913574_n-1536x1024.jpg 1536w, https:\/\/elmetropolitano.com.gt\/es\/wp-content\/uploads\/2024\/03\/429769113_895844165875001_5184998820563913574_n.jpg 1600w\" sizes=\"auto, (max-width: 1024px) 100vw, 1024px\" \/><\/figure>\n\n\n\n<figure class=\"wp-block-image size-large\"><img loading=\"lazy\" decoding=\"async\" width=\"1024\" height=\"706\" data-id=\"79462\" src=\"https:\/\/elmetropolitano.com.gt\/es\/wp-content\/uploads\/2024\/03\/429839064_895843799208371_2525787880886521160_n-1024x706.jpg\" alt=\"\" class=\"wp-image-79462\" srcset=\"https:\/\/elmetropolitano.com.gt\/es\/wp-content\/uploads\/2024\/03\/429839064_895843799208371_2525787880886521160_n-1024x706.jpg 1024w, https:\/\/elmetropolitano.com.gt\/es\/wp-content\/uploads\/2024\/03\/429839064_895843799208371_2525787880886521160_n-300x207.jpg 300w, https:\/\/elmetropolitano.com.gt\/es\/wp-content\/uploads\/2024\/03\/429839064_895843799208371_2525787880886521160_n-768x529.jpg 768w, https:\/\/elmetropolitano.com.gt\/es\/wp-content\/uploads\/2024\/03\/429839064_895843799208371_2525787880886521160_n.jpg 1497w\" sizes=\"auto, (max-width: 1024px) 100vw, 1024px\" \/><\/figure>\n\n\n\n<figure class=\"wp-block-image size-large\"><img loading=\"lazy\" decoding=\"async\" width=\"1024\" height=\"683\" data-id=\"79463\" src=\"https:\/\/elmetropolitano.com.gt\/es\/wp-content\/uploads\/2024\/03\/429892797_895843792541705_8370397684904143616_n-1024x683.jpg\" alt=\"\" class=\"wp-image-79463\" srcset=\"https:\/\/elmetropolitano.com.gt\/es\/wp-content\/uploads\/2024\/03\/429892797_895843792541705_8370397684904143616_n-1024x683.jpg 1024w, https:\/\/elmetropolitano.com.gt\/es\/wp-content\/uploads\/2024\/03\/429892797_895843792541705_8370397684904143616_n-300x200.jpg 300w, https:\/\/elmetropolitano.com.gt\/es\/wp-content\/uploads\/2024\/03\/429892797_895843792541705_8370397684904143616_n-768x512.jpg 768w, https:\/\/elmetropolitano.com.gt\/es\/wp-content\/uploads\/2024\/03\/429892797_895843792541705_8370397684904143616_n-1536x1024.jpg 1536w, https:\/\/elmetropolitano.com.gt\/es\/wp-content\/uploads\/2024\/03\/429892797_895843792541705_8370397684904143616_n.jpg 1600w\" sizes=\"auto, (max-width: 1024px) 100vw, 1024px\" \/><\/figure>\n\n\n\n<figure class=\"wp-block-image size-large\"><img loading=\"lazy\" decoding=\"async\" width=\"1024\" height=\"683\" data-id=\"79464\" src=\"https:\/\/elmetropolitano.com.gt\/es\/wp-content\/uploads\/2024\/03\/430680705_895843835875034_4754175716283377541_n-1024x683.jpg\" alt=\"\" class=\"wp-image-79464\" srcset=\"https:\/\/elmetropolitano.com.gt\/es\/wp-content\/uploads\/2024\/03\/430680705_895843835875034_4754175716283377541_n-1024x683.jpg 1024w, https:\/\/elmetropolitano.com.gt\/es\/wp-content\/uploads\/2024\/03\/430680705_895843835875034_4754175716283377541_n-300x200.jpg 300w, https:\/\/elmetropolitano.com.gt\/es\/wp-content\/uploads\/2024\/03\/430680705_895843835875034_4754175716283377541_n-768x512.jpg 768w, https:\/\/elmetropolitano.com.gt\/es\/wp-content\/uploads\/2024\/03\/430680705_895843835875034_4754175716283377541_n-1536x1024.jpg 1536w, https:\/\/elmetropolitano.com.gt\/es\/wp-content\/uploads\/2024\/03\/430680705_895843835875034_4754175716283377541_n.jpg 1599w\" sizes=\"auto, (max-width: 1024px) 100vw, 1024px\" \/><\/figure>\n<\/figure>\n","protected":false},"excerpt":{"rendered":"<p>Con 125 votos (m\u00e1s de las dos terceras partes) a favor hoy los diputados al Congreso de la Rep\u00fablica aprobaron el Decreto 07-2024 Ley para la Atenci\u00f3n Integral del c\u00e1ncer. La Ley crea un marco legal que obliga al Estado a generar los recursos (Q600 millones) para atender a los pacientes de c\u00e1ncer; promueve la <a class=\"read-more\" href=\"https:\/\/elmetropolitano.com.gt\/es\/congreso-aprueba-ley-para-la-atencion-integral-del-cancer\/\">Leer m\u00e1s<\/a><\/p>\n","protected":false},"author":1,"featured_media":79460,"comment_status":"open","ping_status":"closed","sticky":false,"template":"","format":"standard","meta":{"footnotes":""},"categories":[2],"tags":[12],"class_list":["post-79459","post","type-post","status-publish","format-standard","has-post-thumbnail","hentry","category-nacionales","tag-nacionales"],"_links":{"self":[{"href":"https:\/\/elmetropolitano.com.gt\/es\/wp-json\/wp\/v2\/posts\/79459","targetHints":{"allow":["GET"]}}],"collection":[{"href":"https:\/\/elmetropolitano.com.gt\/es\/wp-json\/wp\/v2\/posts"}],"about":[{"href":"https:\/\/elmetropolitano.com.gt\/es\/wp-json\/wp\/v2\/types\/post"}],"author":[{"embeddable":true,"href":"https:\/\/elmetropolitano.com.gt\/es\/wp-json\/wp\/v2\/users\/1"}],"replies":[{"embeddable":true,"href":"https:\/\/elmetropolitano.com.gt\/es\/wp-json\/wp\/v2\/comments?post=79459"}],"version-history":[{"count":1,"href":"https:\/\/elmetropolitano.com.gt\/es\/wp-json\/wp\/v2\/posts\/79459\/revisions"}],"predecessor-version":[{"id":79465,"href":"https:\/\/elmetropolitano.com.gt\/es\/wp-json\/wp\/v2\/posts\/79459\/revisions\/79465"}],"wp:featuredmedia":[{"embeddable":true,"href":"https:\/\/elmetropolitano.com.gt\/es\/wp-json\/wp\/v2\/media\/79460"}],"wp:attachment":[{"href":"https:\/\/elmetropolitano.com.gt\/es\/wp-json\/wp\/v2\/media?parent=79459"}],"wp:term":[{"taxonomy":"category","embeddable":true,"href":"https:\/\/elmetropolitano.com.gt\/es\/wp-json\/wp\/v2\/categories?post=79459"},{"taxonomy":"post_tag","embeddable":true,"href":"https:\/\/elmetropolitano.com.gt\/es\/wp-json\/wp\/v2\/tags?post=79459"}],"curies":[{"name":"wp","href":"https:\/\/api.w.org\/{rel}","templated":true}]}}