{"id":79484,"date":"2024-03-08T10:52:18","date_gmt":"2024-03-08T16:52:18","guid":{"rendered":"https:\/\/elmetropolitano.com.gt\/es\/?p=79484"},"modified":"2024-03-08T10:52:21","modified_gmt":"2024-03-08T16:52:21","slug":"aprueban-decreto-08-2024-y-todos-contra-los-de-semilla","status":"publish","type":"post","link":"https:\/\/elmetropolitano.com.gt\/es\/aprueban-decreto-08-2024-y-todos-contra-los-de-semilla\/","title":{"rendered":"Aprueban Decreto 08-2024 y todos contra los de Semilla"},"content":{"rendered":"\n<p>En sesi\u00f3n plenaria de este jueves los diputados tambi\u00e9n aprobaron el Decreto 08-2024 que es la Ley de asignaci\u00f3n presupuestaria de los Bomberos Municipales Departamentales.<\/p>\n\n\n\n<p>Lo <a><\/a>malo se dio cuando se razon\u00f3 el voto y el diputado independiente (Semilla), Samuel P\u00e9rez, afirm\u00f3 que hab\u00edan votado en contra pues esos fondos ser\u00e1n para el ex parlamentario del desaparecido partido LIDER, Manuel Baldizon.<\/p><div class=\"elmet-contenido\" id=\"elmet-630819692\"><div class=\"elmet-adlabel\">Anuncios<\/div><div style=\"margin-top: 20px;margin-right: 20px;margin-bottom: 20px;margin-left: 20px;\" id=\"elmet-2922237211\"><a href=\"https:\/\/www.facebook.com\/arrincuanantigua\/\" aria-label=\"cintillo-arrin-cual\"><img loading=\"lazy\" decoding=\"async\" src=\"https:\/\/elmetropolitano.com.gt\/es\/wp-content\/uploads\/2021\/11\/cintillo-arrin-cual-1.jpg\" alt=\"\"  srcset=\"https:\/\/elmetropolitano.com.gt\/es\/wp-content\/uploads\/2021\/11\/cintillo-arrin-cual-1.jpg 750w, https:\/\/elmetropolitano.com.gt\/es\/wp-content\/uploads\/2021\/11\/cintillo-arrin-cual-1-300x36.jpg 300w, https:\/\/elmetropolitano.com.gt\/es\/wp-content\/uploads\/2021\/11\/cintillo-arrin-cual-1-600x72.jpg 600w\" sizes=\"(max-width: 750px) 100vw, 750px\" width=\"750\" height=\"90\"   \/><\/a><\/div><\/div>\n\n\n\n<p>Esto provoc\u00f3 las molestias no solo de los bomberos que se encontraban en el palco del Palacio Legislativo, sino que de todas las bancadas, hasta las aliadas que criticaron la postura de quienes hacen gobierno (los oficialistas).<\/p>\n\n\n\n<p>Luego de las cr\u00edticas a los diputados de Semilla, se aprob\u00f3 en su segundo debate la Ley de Desarrollo Econ\u00f3mico de las Mujeres (LEYDEM) y finaliz\u00f3 la sesi\u00f3n plenaria por falta de cu\u00f3rum.<\/p>\n\n\n\n<p>Texto: Francisco Javier Hurtarte<\/p>\n\n\n\n<p><a href=\"https:\/\/www.facebook.com\/hashtag\/congresogt?__eep__=6&amp;__cft__[0]=AZWxMznWOYEuYhkVzVWabeMsHJoE82kM0t-ABAFQnCvsNTHvFKCoMhE9hBkpPge23-JafeRT2iUg4739-x-lbEOdHMvsEsTiR_3r84GmsStGh7j1xdor0pw9sozN4Z6lTfWnnP5JCFKMUEsJy2QKd2T5Gy1yNTXd27GiFKI7cQJWYKmt7AwMq_sP5aMhXuBU5Qc&amp;__tn__=*NK-R\">#CongresoGT<\/a><a href=\"https:\/\/www.facebook.com\/hashtag\/metroredes?__eep__=6&amp;__cft__[0]=AZWxMznWOYEuYhkVzVWabeMsHJoE82kM0t-ABAFQnCvsNTHvFKCoMhE9hBkpPge23-JafeRT2iUg4739-x-lbEOdHMvsEsTiR_3r84GmsStGh7j1xdor0pw9sozN4Z6lTfWnnP5JCFKMUEsJy2QKd2T5Gy1yNTXd27GiFKI7cQJWYKmt7AwMq_sP5aMhXuBU5Qc&amp;__tn__=*NK-R\">#metroredes<\/a><a href=\"https:\/\/www.facebook.com\/hashtag\/bomberos?__eep__=6&amp;__cft__[0]=AZWxMznWOYEuYhkVzVWabeMsHJoE82kM0t-ABAFQnCvsNTHvFKCoMhE9hBkpPge23-JafeRT2iUg4739-x-lbEOdHMvsEsTiR_3r84GmsStGh7j1xdor0pw9sozN4Z6lTfWnnP5JCFKMUEsJy2QKd2T5Gy1yNTXd27GiFKI7cQJWYKmt7AwMq_sP5aMhXuBU5Qc&amp;__tn__=*NK-R\">#Bomberos<\/a><\/p>\n\n\n\n<figure class=\"wp-block-gallery has-nested-images columns-default is-cropped wp-block-gallery-1 is-layout-flex wp-block-gallery-is-layout-flex\">\n<figure class=\"wp-block-image size-large\"><img loading=\"lazy\" decoding=\"async\" width=\"1024\" height=\"576\" data-id=\"79487\" src=\"https:\/\/elmetropolitano.com.gt\/es\/wp-content\/uploads\/2024\/03\/429779064_895858765873541_7122353421876010830_n-1024x576.jpg\" alt=\"\" class=\"wp-image-79487\" srcset=\"https:\/\/elmetropolitano.com.gt\/es\/wp-content\/uploads\/2024\/03\/429779064_895858765873541_7122353421876010830_n-1024x576.jpg 1024w, https:\/\/elmetropolitano.com.gt\/es\/wp-content\/uploads\/2024\/03\/429779064_895858765873541_7122353421876010830_n-300x169.jpg 300w, https:\/\/elmetropolitano.com.gt\/es\/wp-content\/uploads\/2024\/03\/429779064_895858765873541_7122353421876010830_n-768x432.jpg 768w, https:\/\/elmetropolitano.com.gt\/es\/wp-content\/uploads\/2024\/03\/429779064_895858765873541_7122353421876010830_n-1536x864.jpg 1536w, https:\/\/elmetropolitano.com.gt\/es\/wp-content\/uploads\/2024\/03\/429779064_895858765873541_7122353421876010830_n.jpg 2048w\" sizes=\"auto, (max-width: 1024px) 100vw, 1024px\" \/><\/figure>\n\n\n\n<figure class=\"wp-block-image size-large\"><img loading=\"lazy\" decoding=\"async\" width=\"1024\" height=\"576\" data-id=\"79486\" src=\"https:\/\/elmetropolitano.com.gt\/es\/wp-content\/uploads\/2024\/03\/429876006_895858899206861_2351635258743647747_n-1024x576.jpg\" alt=\"\" class=\"wp-image-79486\" srcset=\"https:\/\/elmetropolitano.com.gt\/es\/wp-content\/uploads\/2024\/03\/429876006_895858899206861_2351635258743647747_n-1024x576.jpg 1024w, https:\/\/elmetropolitano.com.gt\/es\/wp-content\/uploads\/2024\/03\/429876006_895858899206861_2351635258743647747_n-300x169.jpg 300w, https:\/\/elmetropolitano.com.gt\/es\/wp-content\/uploads\/2024\/03\/429876006_895858899206861_2351635258743647747_n-768x432.jpg 768w, https:\/\/elmetropolitano.com.gt\/es\/wp-content\/uploads\/2024\/03\/429876006_895858899206861_2351635258743647747_n-1536x864.jpg 1536w, https:\/\/elmetropolitano.com.gt\/es\/wp-content\/uploads\/2024\/03\/429876006_895858899206861_2351635258743647747_n.jpg 2048w\" sizes=\"auto, (max-width: 1024px) 100vw, 1024px\" \/><\/figure>\n\n\n\n<figure class=\"wp-block-image size-large\"><img loading=\"lazy\" decoding=\"async\" width=\"1024\" height=\"576\" data-id=\"79488\" src=\"https:\/\/elmetropolitano.com.gt\/es\/wp-content\/uploads\/2024\/03\/430028996_895858789206872_7953299687032490200_n-1024x576.jpg\" alt=\"\" class=\"wp-image-79488\" srcset=\"https:\/\/elmetropolitano.com.gt\/es\/wp-content\/uploads\/2024\/03\/430028996_895858789206872_7953299687032490200_n-1024x576.jpg 1024w, https:\/\/elmetropolitano.com.gt\/es\/wp-content\/uploads\/2024\/03\/430028996_895858789206872_7953299687032490200_n-300x169.jpg 300w, https:\/\/elmetropolitano.com.gt\/es\/wp-content\/uploads\/2024\/03\/430028996_895858789206872_7953299687032490200_n-768x432.jpg 768w, https:\/\/elmetropolitano.com.gt\/es\/wp-content\/uploads\/2024\/03\/430028996_895858789206872_7953299687032490200_n-1536x864.jpg 1536w, https:\/\/elmetropolitano.com.gt\/es\/wp-content\/uploads\/2024\/03\/430028996_895858789206872_7953299687032490200_n.jpg 2048w\" sizes=\"auto, (max-width: 1024px) 100vw, 1024px\" \/><\/figure>\n<\/figure>\n","protected":false},"excerpt":{"rendered":"<p>En sesi\u00f3n plenaria de este jueves los diputados tambi\u00e9n aprobaron el Decreto 08-2024 que es la Ley de asignaci\u00f3n presupuestaria de los Bomberos Municipales Departamentales. Lo malo se dio cuando se razon\u00f3 el voto y el diputado independiente (Semilla), Samuel P\u00e9rez, afirm\u00f3 que hab\u00edan votado en contra pues esos fondos ser\u00e1n para el ex parlamentario <a class=\"read-more\" href=\"https:\/\/elmetropolitano.com.gt\/es\/aprueban-decreto-08-2024-y-todos-contra-los-de-semilla\/\">Leer m\u00e1s<\/a><\/p>\n","protected":false},"author":1,"featured_media":79485,"comment_status":"open","ping_status":"closed","sticky":false,"template":"","format":"standard","meta":{"footnotes":""},"categories":[2],"tags":[12],"class_list":["post-79484","post","type-post","status-publish","format-standard","has-post-thumbnail","hentry","category-nacionales","tag-nacionales"],"_links":{"self":[{"href":"https:\/\/elmetropolitano.com.gt\/es\/wp-json\/wp\/v2\/posts\/79484","targetHints":{"allow":["GET"]}}],"collection":[{"href":"https:\/\/elmetropolitano.com.gt\/es\/wp-json\/wp\/v2\/posts"}],"about":[{"href":"https:\/\/elmetropolitano.com.gt\/es\/wp-json\/wp\/v2\/types\/post"}],"author":[{"embeddable":true,"href":"https:\/\/elmetropolitano.com.gt\/es\/wp-json\/wp\/v2\/users\/1"}],"replies":[{"embeddable":true,"href":"https:\/\/elmetropolitano.com.gt\/es\/wp-json\/wp\/v2\/comments?post=79484"}],"version-history":[{"count":1,"href":"https:\/\/elmetropolitano.com.gt\/es\/wp-json\/wp\/v2\/posts\/79484\/revisions"}],"predecessor-version":[{"id":79489,"href":"https:\/\/elmetropolitano.com.gt\/es\/wp-json\/wp\/v2\/posts\/79484\/revisions\/79489"}],"wp:featuredmedia":[{"embeddable":true,"href":"https:\/\/elmetropolitano.com.gt\/es\/wp-json\/wp\/v2\/media\/79485"}],"wp:attachment":[{"href":"https:\/\/elmetropolitano.com.gt\/es\/wp-json\/wp\/v2\/media?parent=79484"}],"wp:term":[{"taxonomy":"category","embeddable":true,"href":"https:\/\/elmetropolitano.com.gt\/es\/wp-json\/wp\/v2\/categories?post=79484"},{"taxonomy":"post_tag","embeddable":true,"href":"https:\/\/elmetropolitano.com.gt\/es\/wp-json\/wp\/v2\/tags?post=79484"}],"curies":[{"name":"wp","href":"https:\/\/api.w.org\/{rel}","templated":true}]}}