{"id":79539,"date":"2024-03-09T12:33:34","date_gmt":"2024-03-09T18:33:34","guid":{"rendered":"https:\/\/elmetropolitano.com.gt\/es\/?p=79539"},"modified":"2024-03-09T12:33:35","modified_gmt":"2024-03-09T18:33:35","slug":"nunca-mas-sin-nosotras-el-grito-de-lucha-de-vicepresidenta-karin-herrera","status":"publish","type":"post","link":"https:\/\/elmetropolitano.com.gt\/es\/nunca-mas-sin-nosotras-el-grito-de-lucha-de-vicepresidenta-karin-herrera\/","title":{"rendered":"Nunca m\u00e1s sin nosotras\u201d, el grito de lucha de vicepresidenta Karin Herrera"},"content":{"rendered":"\n<p>Pa\u00f1uelos morados y gritos de lucha fueron elementos notables en el acto de conmemoraci\u00f3n del D\u00eda Internacional de la Mujer que presenci\u00f3 la Plaza Central y en el que la vicepresidenta Karin Herrera reiter\u00f3 su compromiso de velar por los derechos de las f\u00e9minas.<\/p>\n\n\n\n<p>Recibida entre aplausos, Herrera empez\u00f3 su discurso hablando de este nuevo reto para su vida: la Vicepresidencia. Record\u00f3 que decidi\u00f3 dar el paso <a><\/a>al frente para atender las necesidades que enfrenta la educaci\u00f3n superior p\u00fablica, por las mujeres que est\u00e1n y en memoria de las que ya no est\u00e1n.<\/p><div class=\"elmet-contenido\" id=\"elmet-1465977602\"><div class=\"elmet-adlabel\">Anuncios<\/div><div style=\"margin-top: 20px;margin-right: 20px;margin-bottom: 20px;margin-left: 20px;\" id=\"elmet-2223345551\"><a href=\"https:\/\/www.facebook.com\/arrincuanantigua\/\" aria-label=\"cintillo-arrin-cual\"><img loading=\"lazy\" decoding=\"async\" src=\"https:\/\/elmetropolitano.com.gt\/es\/wp-content\/uploads\/2021\/11\/cintillo-arrin-cual-1.jpg\" alt=\"\"  srcset=\"https:\/\/elmetropolitano.com.gt\/es\/wp-content\/uploads\/2021\/11\/cintillo-arrin-cual-1.jpg 750w, https:\/\/elmetropolitano.com.gt\/es\/wp-content\/uploads\/2021\/11\/cintillo-arrin-cual-1-300x36.jpg 300w, https:\/\/elmetropolitano.com.gt\/es\/wp-content\/uploads\/2021\/11\/cintillo-arrin-cual-1-600x72.jpg 600w\" sizes=\"(max-width: 750px) 100vw, 750px\" width=\"750\" height=\"90\"   \/><\/a><\/div><\/div>\n\n\n\n<p>\u201cEste paso al frente no lo he dado por m\u00ed, sino por todas nosotras.<\/p>\n\n\n\n<p>Karin tambi\u00e9n tom\u00f3 un espacio para agradecer a las otras mujeres que la inspiraron a luchar por sus sue\u00f1os y que estuvieron acompa\u00f1\u00e1ndola en su formaci\u00f3n\u201d enfatiz\u00f3<\/p>\n\n\n\n<p>Indicando que \u201caprend\u00ed de mujeres que ten\u00edan el llamado para servir a otros\u201d<\/p>\n\n\n\n<p>Un reto y compromiso con el pa\u00eds<\/p>\n\n\n\n<p>La vicemandataria present\u00f3 su compromiso con las mujeres guatemaltecas de velar por mejores condiciones a trav\u00e9s de acciones encabezadas por el gobierno Ar\u00e9valo-Herrera.<\/p>\n\n\n\n<p>Hizo \u00e9nfasis en que es indispensable poner al Estado al servicio de las ni\u00f1as y mujeres y que este debe trabajar por el bienestar de todas. Adem\u00e1s de sentar las bases para una vida de oportunidades y desarrollo.<\/p>\n\n\n\n<p>Uno de los temas que movieron a la Vicepresidenta a aceptar el reto fue el acceso a la educaci\u00f3n. Con esto menciona que \u201cdesde ya se hacen los esfuerzos para lograr que las ni\u00f1as cuenten con un servicio de calidad, que la ense\u00f1anza llegue a los rincones del \u00e1rea rural y, sobre todo, que tengan acceso a la ciencia\u201d<\/p>\n\n\n\n<p>Entre los proyectos para lograrlo est\u00e1 la creaci\u00f3n de clubes cient\u00edficos que lideren las denominadas hero\u00ednas de la ciencia, que son mujeres y ni\u00f1as apasionadas con la ciencia y la tecnolog\u00eda.<\/p>\n\n\n\n<p>\u201cEs mi compromiso que cada vez m\u00e1s ni\u00f1as puedan estudiar, nuestro gabinete est\u00e1 dando todo para que vayan m\u00e1s seguras a las escuelas.<\/p>\n\n\n\n<p>Protecci\u00f3n a las mujeres\u201d indic\u00f3 la vicepresidenta Herrera<\/p>\n\n\n\n<p>Varias metas son las que tiene la actual administraci\u00f3n en relaci\u00f3n con la atenci\u00f3n a las mujeres. La vicepresidenta Herrera mencion\u00f3 que el Gobierno ha logrado reinstalar espacios para la prevenci\u00f3n de la violencia, un paso importante para el pa\u00eds.<\/p>\n\n\n\n<p>Detalla que todas las instituciones del Ejecutivo deben velar por estos proyectos, especialmente desde el Ministerio de Gobernaci\u00f3n para no permitir que m\u00e1s mujeres sean vulneradas. Por lo tanto desde los centros de apoyo integral para mujeres sobrevivientes de violencia se refuerzan medidas para cuidar a las v\u00edctimas.<\/p>\n\n\n\n<p>La Vicepresidenta concluy\u00f3 reiterando que el Gobierno est\u00e1 buscando accionar para cerrar las brechas de desigualdad, para que cada vez m\u00e1s mujeres avancen y cumplan sus sue\u00f1os. Asimismo, para que las f\u00e9minas vivan dignamente en un lugar donde se respeten sus derechos<\/p>\n\n\n\n<p>Texto: Yuliza Mu\u00f1oz<\/p>\n\n\n\n<p><a href=\"https:\/\/www.facebook.com\/hashtag\/diainternacionaldelasmujeres?__eep__=6&amp;__cft__[0]=AZVZqWEcfk_iT5_LJMjAB81d37_GecAis-nSFQ-UVZAb_eLH589dGlNrVdmPP9bD0VP5Ay3E2SVyktW_yA_92APiRxbJ-xnl_6Z4NWNKHHBw1jBhsHd2gN6gWCQYFMlnXJJUItu8tL0O1dejf5SPYtlbYAqUKBwP6iPC483UMHqkvrpjwVVrfPYkl83D5IIiK6k&amp;__tn__=*NK-R\">#DiaInternacionalDeLasMujeres<\/a><a href=\"https:\/\/www.facebook.com\/hashtag\/metroredes?__eep__=6&amp;__cft__[0]=AZVZqWEcfk_iT5_LJMjAB81d37_GecAis-nSFQ-UVZAb_eLH589dGlNrVdmPP9bD0VP5Ay3E2SVyktW_yA_92APiRxbJ-xnl_6Z4NWNKHHBw1jBhsHd2gN6gWCQYFMlnXJJUItu8tL0O1dejf5SPYtlbYAqUKBwP6iPC483UMHqkvrpjwVVrfPYkl83D5IIiK6k&amp;__tn__=*NK-R\">#metroredes<\/a><a href=\"http:\/\/www.elmetropolitano.com.gt\/?fbclid=IwAR236L4U9hgY-jZg-WaGcvKrK2sVw76NNdJaHKcXIy2z4Nd5mhc74UZJMSQ\" target=\"_blank\" rel=\"noreferrer noopener\">www.elmetropolitano.com.gt<\/a><\/p>\n\n\n\n<p><\/p>\n","protected":false},"excerpt":{"rendered":"<p>Pa\u00f1uelos morados y gritos de lucha fueron elementos notables en el acto de conmemoraci\u00f3n del D\u00eda Internacional de la Mujer que presenci\u00f3 la Plaza Central y en el que la vicepresidenta Karin Herrera reiter\u00f3 su compromiso de velar por los derechos de las f\u00e9minas. Recibida entre aplausos, Herrera empez\u00f3 su discurso hablando de este nuevo <a class=\"read-more\" href=\"https:\/\/elmetropolitano.com.gt\/es\/nunca-mas-sin-nosotras-el-grito-de-lucha-de-vicepresidenta-karin-herrera\/\">Leer m\u00e1s<\/a><\/p>\n","protected":false},"author":1,"featured_media":79540,"comment_status":"open","ping_status":"closed","sticky":false,"template":"","format":"standard","meta":{"footnotes":""},"categories":[2],"tags":[12],"class_list":["post-79539","post","type-post","status-publish","format-standard","has-post-thumbnail","hentry","category-nacionales","tag-nacionales"],"_links":{"self":[{"href":"https:\/\/elmetropolitano.com.gt\/es\/wp-json\/wp\/v2\/posts\/79539","targetHints":{"allow":["GET"]}}],"collection":[{"href":"https:\/\/elmetropolitano.com.gt\/es\/wp-json\/wp\/v2\/posts"}],"about":[{"href":"https:\/\/elmetropolitano.com.gt\/es\/wp-json\/wp\/v2\/types\/post"}],"author":[{"embeddable":true,"href":"https:\/\/elmetropolitano.com.gt\/es\/wp-json\/wp\/v2\/users\/1"}],"replies":[{"embeddable":true,"href":"https:\/\/elmetropolitano.com.gt\/es\/wp-json\/wp\/v2\/comments?post=79539"}],"version-history":[{"count":1,"href":"https:\/\/elmetropolitano.com.gt\/es\/wp-json\/wp\/v2\/posts\/79539\/revisions"}],"predecessor-version":[{"id":79541,"href":"https:\/\/elmetropolitano.com.gt\/es\/wp-json\/wp\/v2\/posts\/79539\/revisions\/79541"}],"wp:featuredmedia":[{"embeddable":true,"href":"https:\/\/elmetropolitano.com.gt\/es\/wp-json\/wp\/v2\/media\/79540"}],"wp:attachment":[{"href":"https:\/\/elmetropolitano.com.gt\/es\/wp-json\/wp\/v2\/media?parent=79539"}],"wp:term":[{"taxonomy":"category","embeddable":true,"href":"https:\/\/elmetropolitano.com.gt\/es\/wp-json\/wp\/v2\/categories?post=79539"},{"taxonomy":"post_tag","embeddable":true,"href":"https:\/\/elmetropolitano.com.gt\/es\/wp-json\/wp\/v2\/tags?post=79539"}],"curies":[{"name":"wp","href":"https:\/\/api.w.org\/{rel}","templated":true}]}}