{"id":79542,"date":"2024-03-09T12:38:19","date_gmt":"2024-03-09T18:38:19","guid":{"rendered":"https:\/\/elmetropolitano.com.gt\/es\/?p=79542"},"modified":"2024-03-09T12:38:19","modified_gmt":"2024-03-09T18:38:19","slug":"la-cientifica-gabriela-montenegro-bethancourt-liderara-la-senacyt","status":"publish","type":"post","link":"https:\/\/elmetropolitano.com.gt\/es\/la-cientifica-gabriela-montenegro-bethancourt-liderara-la-senacyt\/","title":{"rendered":"La cient\u00edfica Gabriela Montenegro Bethancourt liderar\u00e1 la Senacyt"},"content":{"rendered":"\n<p>La cient\u00edfica Gabriela Montenegro Bethancourt fue juramentada como secretaria Nacional de Ciencia y Tecnolog\u00eda de la Senacyt. Quien reafirmo su compromiso de convertir la instituci\u00f3n en un verdadero soporte que despierte el inter\u00e9s en los investigadores y cient\u00edficos nacionales, incentiv\u00e1ndolos a trabajar en proyectos que generen soluciones a los problemas que afectan el desarrollo integral de la sociedad <a><\/a>guatemalteca.<\/p>\n\n\n\n<p>Gabriela Montenegro es doctora en Nutrici\u00f3n y Ciencia de los Alimentos de la Universidad de Bonn, Alemania. Cuenta con una maestr\u00eda en Ciencias Biom\u00e9dicas con especialidad en Salud P\u00fablica por la Universidad Libre de \u00c1msterdam, y una licenciatura en Nutrici\u00f3n por la Facultad de Ciencias Qu\u00edmicas y Farmacia de la Universidad de San Carlos de Guatemala (USAC).<\/p><div class=\"elmet-contenido\" id=\"elmet-684506818\"><div class=\"elmet-adlabel\">Anuncios<\/div><div style=\"margin-top: 20px;margin-right: 20px;margin-bottom: 20px;margin-left: 20px;\" id=\"elmet-3371756742\"><a href=\"https:\/\/www.facebook.com\/arrincuanantigua\/\" aria-label=\"cintillo-arrin-cual\"><img loading=\"lazy\" decoding=\"async\" src=\"https:\/\/elmetropolitano.com.gt\/es\/wp-content\/uploads\/2021\/11\/cintillo-arrin-cual-1.jpg\" alt=\"\"  srcset=\"https:\/\/elmetropolitano.com.gt\/es\/wp-content\/uploads\/2021\/11\/cintillo-arrin-cual-1.jpg 750w, https:\/\/elmetropolitano.com.gt\/es\/wp-content\/uploads\/2021\/11\/cintillo-arrin-cual-1-300x36.jpg 300w, https:\/\/elmetropolitano.com.gt\/es\/wp-content\/uploads\/2021\/11\/cintillo-arrin-cual-1-600x72.jpg 600w\" sizes=\"(max-width: 750px) 100vw, 750px\" width=\"750\" height=\"90\"   \/><\/a><\/div><\/div>\n\n\n\n<p>Ha sido catedr\u00e1tica en la Universidad Mesoamericana de Quetzaltenango; en la Universidad del Valle de Guatemala; en el Centro Universitario de Occidente y en la Facultad de Ciencias Qu\u00edmicas y Farmacia de la USAC.<\/p>\n\n\n\n<p>Como investigadora, la Dra. Montenegro se ha centrado principalmente en los factores diet\u00e9ticos que afectan la salud de los ni\u00f1os y adolescentes,\u200b la aplicaci\u00f3n de biomarcadores urinarios nutricionales, la ingesta de nutrientes y la aplicaci\u00f3n de m\u00e9todos no invasivos.<\/p>\n\n\n\n<p>Algunas de sus investigaciones se han enfocado en determinar los efectos de la alimentaci\u00f3n complementaria de huevos en el desarrollo y el crecimiento infantil en Guatemala; as\u00ed como el transporte de genes resistentes a antibi\u00f3ticos en los microbiomas en diversas poblaciones humanas.<\/p>\n\n\n\n<p>\u201cHoy iniciamos una transformaci\u00f3n para construir un futuro en el que la ciencia y la tecnolog\u00eda sean herramientas accesibles para todos, y donde el conocimiento sea utilizado para resolver los desaf\u00edos m\u00e1s apremiantes de la poblaci\u00f3n\u201d Gabriela Montenegro, secretaria Nacional de Ciencia y Tecnolog\u00eda.<\/p>\n\n\n\n<p>La Dra. Montenegro es miembro de la Organizaci\u00f3n de Mujeres en la Ciencia para el Mundo en Desarrollo (OWSD) cap\u00edtulo Guatemala, fue coordinadora nacional de la Red Internacional de Ciencia, Tecnolog\u00eda e Innovaci\u00f3n (Red CTi) en 2021 y ha participado en varias actividades de divulgaci\u00f3n cient\u00edfica nacionales e internacionales<\/p>\n\n\n\n<p><a href=\"https:\/\/www.facebook.com\/hashtag\/metroredes?__eep__=6&amp;__cft__[0]=AZVti0z8SvjZaW10iCNxg4W5WKPeD5Txd9Ss-Eb18yoRbHDzLtvvg-OiwNYdSzFF8f9Ar_Qp0kER1bAFkhoWRNxcm5C87CO3DxctaVER-Y-fhafB36v8Y1OEoR7Ebz-9XD7T3n31VRf0_HRfugtabmyTVbSLnMiUwXPVh2n6nTWIMtFYTL79QImq1BfIrx5jIzI&amp;__tn__=*NK-R\">#metroredes<\/a><a href=\"https:\/\/www.facebook.com\/hashtag\/senacyt?__eep__=6&amp;__cft__[0]=AZVti0z8SvjZaW10iCNxg4W5WKPeD5Txd9Ss-Eb18yoRbHDzLtvvg-OiwNYdSzFF8f9Ar_Qp0kER1bAFkhoWRNxcm5C87CO3DxctaVER-Y-fhafB36v8Y1OEoR7Ebz-9XD7T3n31VRf0_HRfugtabmyTVbSLnMiUwXPVh2n6nTWIMtFYTL79QImq1BfIrx5jIzI&amp;__tn__=*NK-R\">#Senacyt<\/a><a href=\"https:\/\/www.facebook.com\/hashtag\/tegnologia?__eep__=6&amp;__cft__[0]=AZVti0z8SvjZaW10iCNxg4W5WKPeD5Txd9Ss-Eb18yoRbHDzLtvvg-OiwNYdSzFF8f9Ar_Qp0kER1bAFkhoWRNxcm5C87CO3DxctaVER-Y-fhafB36v8Y1OEoR7Ebz-9XD7T3n31VRf0_HRfugtabmyTVbSLnMiUwXPVh2n6nTWIMtFYTL79QImq1BfIrx5jIzI&amp;__tn__=*NK-R\">#tegnologia<\/a><\/p>\n\n\n\n<p><a href=\"https:\/\/l.facebook.com\/l.php?u=http%3A%2F%2FWww.elmetropolitano.com.gt%2F%3Ffbclid%3DIwAR2uuH3PyM5nTKZghGwQQ5T_xF6vzQdN0ye_a3Ri6hAJX0cENBqZ_d-vXVA&amp;h=AT2lF8AGrIFFdiFe_0TrzBmypAZ-DNDbMhpDi5GLCchfWmeLTSa2nHoYJlJpj9wMpEVJ2UPgcspk-mmgwL7v1WOFXvMCsa9TJ6gYbQz0E8J_jFQNCBYmzYJt5iD8CUoSkkcv&amp;__tn__=-UK-R&amp;c[0]=AT2kd19K25EMLof6FVaG-EeiangOoIC5ajsRZoqlge9YzgAL60U-AhjcFTc-GytHACeXq9SU323xUog_Dy0oyrbsvbFn9bMkmpBk5UoJrwVZAK0lFdfcndSdjxJkKEcyov3eWaxxBibnD_DwLZv6TAZbz526temsMkWzSGiA7d5fBYHVWZkgf2Fw_LHiQ7l8UHd30OjQKgjc\" target=\"_blank\" rel=\"noreferrer noopener\">Www.elmetropolitano.com.gt<\/a>  www.metroredes.com <\/p>\n","protected":false},"excerpt":{"rendered":"<p>La cient\u00edfica Gabriela Montenegro Bethancourt fue juramentada como secretaria Nacional de Ciencia y Tecnolog\u00eda de la Senacyt. Quien reafirmo su compromiso de convertir la instituci\u00f3n en un verdadero soporte que despierte el inter\u00e9s en los investigadores y cient\u00edficos nacionales, incentiv\u00e1ndolos a trabajar en proyectos que generen soluciones a los problemas que afectan el desarrollo integral <a class=\"read-more\" href=\"https:\/\/elmetropolitano.com.gt\/es\/la-cientifica-gabriela-montenegro-bethancourt-liderara-la-senacyt\/\">Leer m\u00e1s<\/a><\/p>\n","protected":false},"author":1,"featured_media":79543,"comment_status":"open","ping_status":"closed","sticky":false,"template":"","format":"standard","meta":{"footnotes":""},"categories":[2],"tags":[12],"class_list":["post-79542","post","type-post","status-publish","format-standard","has-post-thumbnail","hentry","category-nacionales","tag-nacionales"],"_links":{"self":[{"href":"https:\/\/elmetropolitano.com.gt\/es\/wp-json\/wp\/v2\/posts\/79542","targetHints":{"allow":["GET"]}}],"collection":[{"href":"https:\/\/elmetropolitano.com.gt\/es\/wp-json\/wp\/v2\/posts"}],"about":[{"href":"https:\/\/elmetropolitano.com.gt\/es\/wp-json\/wp\/v2\/types\/post"}],"author":[{"embeddable":true,"href":"https:\/\/elmetropolitano.com.gt\/es\/wp-json\/wp\/v2\/users\/1"}],"replies":[{"embeddable":true,"href":"https:\/\/elmetropolitano.com.gt\/es\/wp-json\/wp\/v2\/comments?post=79542"}],"version-history":[{"count":1,"href":"https:\/\/elmetropolitano.com.gt\/es\/wp-json\/wp\/v2\/posts\/79542\/revisions"}],"predecessor-version":[{"id":79544,"href":"https:\/\/elmetropolitano.com.gt\/es\/wp-json\/wp\/v2\/posts\/79542\/revisions\/79544"}],"wp:featuredmedia":[{"embeddable":true,"href":"https:\/\/elmetropolitano.com.gt\/es\/wp-json\/wp\/v2\/media\/79543"}],"wp:attachment":[{"href":"https:\/\/elmetropolitano.com.gt\/es\/wp-json\/wp\/v2\/media?parent=79542"}],"wp:term":[{"taxonomy":"category","embeddable":true,"href":"https:\/\/elmetropolitano.com.gt\/es\/wp-json\/wp\/v2\/categories?post=79542"},{"taxonomy":"post_tag","embeddable":true,"href":"https:\/\/elmetropolitano.com.gt\/es\/wp-json\/wp\/v2\/tags?post=79542"}],"curies":[{"name":"wp","href":"https:\/\/api.w.org\/{rel}","templated":true}]}}