{"id":79545,"date":"2024-03-09T12:44:11","date_gmt":"2024-03-09T18:44:11","guid":{"rendered":"https:\/\/elmetropolitano.com.gt\/es\/?p=79545"},"modified":"2024-03-09T12:44:12","modified_gmt":"2024-03-09T18:44:12","slug":"primera-dama-visita-el-cai-de-peten-en-su-primera-gira-departamental","status":"publish","type":"post","link":"https:\/\/elmetropolitano.com.gt\/es\/primera-dama-visita-el-cai-de-peten-en-su-primera-gira-departamental\/","title":{"rendered":"Primera dama visita el CAI de Pet\u00e9n en su primera gira departamental"},"content":{"rendered":"\n<p>Con el fin de supervisar la atenci\u00f3n que se brinda en el Centro de Atenci\u00f3n Integral (CAI) en Pet\u00e9n, la primera dama de la Naci\u00f3n, doctora Lucrecia Peinado, visit\u00f3 estas instalaciones acompa\u00f1adas de autoridades del Ejecutivo.<\/p>\n\n\n\n<p>Al <a><\/a>concluir el recorrido, la primera dama dijo q ue estaba en peten por que esta es \u201cla primera visita que yo hago al interior del pa\u00eds. Me siento muy honrada de formar parte de este equipo\u201d<\/p><div class=\"elmet-contenido\" id=\"elmet-263385279\"><div class=\"elmet-adlabel\">Anuncios<\/div><div style=\"margin-top: 20px;margin-right: 20px;margin-bottom: 20px;margin-left: 20px;\" id=\"elmet-3231228403\"><a href=\"https:\/\/www.facebook.com\/arrincuanantigua\/\" aria-label=\"cintillo-arrin-cual\"><img loading=\"lazy\" decoding=\"async\" src=\"https:\/\/elmetropolitano.com.gt\/es\/wp-content\/uploads\/2021\/11\/cintillo-arrin-cual-1.jpg\" alt=\"\"  srcset=\"https:\/\/elmetropolitano.com.gt\/es\/wp-content\/uploads\/2021\/11\/cintillo-arrin-cual-1.jpg 750w, https:\/\/elmetropolitano.com.gt\/es\/wp-content\/uploads\/2021\/11\/cintillo-arrin-cual-1-300x36.jpg 300w, https:\/\/elmetropolitano.com.gt\/es\/wp-content\/uploads\/2021\/11\/cintillo-arrin-cual-1-600x72.jpg 600w\" sizes=\"(max-width: 750px) 100vw, 750px\" width=\"750\" height=\"90\"   \/><\/a><\/div><\/div>\n\n\n\n<p>Agregando que \u201cNos han presentado el apoyo que dan a ni\u00f1os, ni\u00f1as y adolescentes migrantes no acompa\u00f1ados, y a los menores que necesitan ser protegidos\u201d<\/p>\n\n\n\n<p>En esta visita, la primera dama estuvo acompa\u00f1ada de autoridades del Ministerio de Relaciones Exteriores, Secretar\u00eda de Obras Sociales de la Esposa del Presidente de la Rep\u00fablica, Secretar\u00eda de Bienestar Social y de la oficina del Alto Comisionado de las Naciones Unidas para los Refugiados.<\/p>\n\n\n\n<p>La atenci\u00f3n<\/p>\n\n\n\n<p>El CAI Pet\u00e9n brinda servicios de cuidado y educaci\u00f3n a la primera infancia. Tambi\u00e9n se proporciona desayuno, almuerzo y dos refacciones al d\u00eda.<\/p>\n\n\n\n<p>Con ello que se apoya a las madres y padres en cuanto a nutrici\u00f3n y cuidado integral, adem\u00e1s se mantiene un control de peso y talla adecuados en las ni\u00f1as y ni\u00f1os inscritos.<\/p>\n\n\n\n<p>Los grupos de padres y madres de familia conocen todas las \u00e1reas del centro, incluyendo el comedor y la cocina.<\/p>\n\n\n\n<p>Adem\u00e1s, se les brinda informaci\u00f3n sobre el m\u00e9todo de aprendizaje utilizado en el CAI. Este se basa en la ense\u00f1anza por medio del juego y el respeto a la independencia de las ni\u00f1as y ni\u00f1os.<\/p>\n\n\n\n<p>Dicho Centro de Atenci\u00f3n Integral surgi\u00f3 en el a\u00f1o 2020, con el fin de apoyar a la ni\u00f1ez y adolescencia del referido departamento.<\/p>\n\n\n\n<p>Sobre los CAI<\/p>\n\n\n\n<p>Los CAI forman parte del Programa de Preservaci\u00f3n de la SBS dirigido a familias vulnerables y de escasos recursos econ\u00f3micos.<\/p>\n\n\n\n<p>En estos lugares, profesionales ofrecen cuidado diario, gratuito y responsable a hijos de padres y madres trabajadores, mientras cumplen su jornada laboral.<\/p>\n\n\n\n<p>La atenci\u00f3n se otorga a ni\u00f1os de entre 8 meses y 6 a\u00f1os en la fase inicial de educaci\u00f3n: lactantes, maternal y preescolar.<\/p>\n\n\n\n<p>Tambi\u00e9n se atiende a ni\u00f1os de entre 7 y 12 a\u00f1os con reforzamiento escolar y prevenci\u00f3n para evitar que terminen en condici\u00f3n de calle.<\/p>\n\n\n\n<p>Adem\u00e1s, se da acompa\u00f1amiento educativo. Tambi\u00e9n en los CAI se brinda alimentaci\u00f3n con base en recomendaciones de profesionales de la nutrici\u00f3n.<\/p>\n\n\n\n<p>Texto Brenda Larios<\/p>\n\n\n\n<p><a href=\"https:\/\/www.facebook.com\/hashtag\/peten?__eep__=6&amp;__cft__[0]=AZXOxv5TMhcCFDu4tQxfK7LCMAYBD1jqjd7FjfDnMExS18VTyk09t5aqi7d6AUhr2CJ9f1hLtFQYbCFJQ4x0swIvhKYzw_9CDbhBcfxDQcXB04nXYwYBa4d-jyn81PYPMks8tyJSFV7oZ9jTeOTlMi0Rayr7DhyPFVjWtCTvl7Yom9ywbmzp96a0KqHmikXt8uA&amp;__tn__=*NK-R\">#Peten<\/a> Sosep <a href=\"https:\/\/www.facebook.com\/hashtag\/cai?__eep__=6&amp;__cft__[0]=AZXOxv5TMhcCFDu4tQxfK7LCMAYBD1jqjd7FjfDnMExS18VTyk09t5aqi7d6AUhr2CJ9f1hLtFQYbCFJQ4x0swIvhKYzw_9CDbhBcfxDQcXB04nXYwYBa4d-jyn81PYPMks8tyJSFV7oZ9jTeOTlMi0Rayr7DhyPFVjWtCTvl7Yom9ywbmzp96a0KqHmikXt8uA&amp;__tn__=*NK-R\">#CAI<\/a><\/p>\n\n\n\n<p><a href=\"http:\/\/www.elmetropolitano.com.gt\/?fbclid=IwAR0Mt9O2BsLuNWpJ0QN3FcnJyWtD2nbWn4hH9wIKELlJslrFWKsBLd9m6_g\" rel=\"noreferrer noopener\" target=\"_blank\">Www.elmetropolitano.com.gt<\/a><\/p>\n\n\n\n<p><a href=\"https:\/\/l.facebook.com\/l.php?u=http%3A%2F%2FWww.metroredes.com%2F%3Ffbclid%3DIwAR0DJnVwPXQvVpsogyt8YYQP67BKsWir97LIIUqTFWxiJbTKL79g3UYsOYU&amp;h=AT00j4VUS8xBMCS9cOVnx9WwVeYtaNk1mZmyZqV-uXdj0DU0BHWZ8ssWeaqE5IY9RI4tvbxUYyQ_wsb9GuKgOXOsMWFhMLoyZt2DnIU8yDgTYTB_bCQqDezqjMjD1ls06oYJ&amp;__tn__=-UK-R&amp;c[0]=AT2JTirMW_bs4Fnk0fYI3nW2ZM-2nVgOS2isj6qGXVcd6YiwP1xmYLw__ddlENt5AkC8bT2_9fHxrWv4gAJL_oAJZcimI0Yn4IAy9wUWIH5Lw8FL7T41L89b1Le3VlrzhKp8kmm_TjtbZa4P955yBF3LShSPFFecSMQ3_D2v6Yi3KSJZRbCFqEfqVrdPgOxt8SPZBrrVP28A\" target=\"_blank\" rel=\"noreferrer noopener\">Www.metroredes.com<\/a><\/p>\n\n\n\n<figure class=\"wp-block-gallery has-nested-images columns-default is-cropped wp-block-gallery-1 is-layout-flex wp-block-gallery-is-layout-flex\">\n<figure class=\"wp-block-image size-large\"><img loading=\"lazy\" decoding=\"async\" width=\"1024\" height=\"512\" data-id=\"79549\" src=\"https:\/\/elmetropolitano.com.gt\/es\/wp-content\/uploads\/2024\/03\/429884216_896533345806083_84366640587707992_n-1024x512.jpg\" alt=\"\" class=\"wp-image-79549\" srcset=\"https:\/\/elmetropolitano.com.gt\/es\/wp-content\/uploads\/2024\/03\/429884216_896533345806083_84366640587707992_n-1024x512.jpg 1024w, https:\/\/elmetropolitano.com.gt\/es\/wp-content\/uploads\/2024\/03\/429884216_896533345806083_84366640587707992_n-300x150.jpg 300w, https:\/\/elmetropolitano.com.gt\/es\/wp-content\/uploads\/2024\/03\/429884216_896533345806083_84366640587707992_n-768x384.jpg 768w, https:\/\/elmetropolitano.com.gt\/es\/wp-content\/uploads\/2024\/03\/429884216_896533345806083_84366640587707992_n.jpg 1140w\" sizes=\"auto, (max-width: 1024px) 100vw, 1024px\" \/><\/figure>\n\n\n\n<figure class=\"wp-block-image size-large\"><img loading=\"lazy\" decoding=\"async\" width=\"680\" height=\"453\" data-id=\"79548\" src=\"https:\/\/elmetropolitano.com.gt\/es\/wp-content\/uploads\/2024\/03\/430034327_896528829139868_7012084239665823748_n.jpg\" alt=\"\" class=\"wp-image-79548\" srcset=\"https:\/\/elmetropolitano.com.gt\/es\/wp-content\/uploads\/2024\/03\/430034327_896528829139868_7012084239665823748_n.jpg 680w, https:\/\/elmetropolitano.com.gt\/es\/wp-content\/uploads\/2024\/03\/430034327_896528829139868_7012084239665823748_n-300x200.jpg 300w\" sizes=\"auto, (max-width: 680px) 100vw, 680px\" \/><\/figure>\n\n\n\n<figure class=\"wp-block-image size-large\"><img loading=\"lazy\" decoding=\"async\" width=\"240\" height=\"160\" data-id=\"79547\" src=\"https:\/\/elmetropolitano.com.gt\/es\/wp-content\/uploads\/2024\/03\/430797011_896528865806531_728040597945702551_n.jpg\" alt=\"\" class=\"wp-image-79547\"\/><\/figure>\n<\/figure>\n","protected":false},"excerpt":{"rendered":"<p>Con el fin de supervisar la atenci\u00f3n que se brinda en el Centro de Atenci\u00f3n Integral (CAI) en Pet\u00e9n, la primera dama de la Naci\u00f3n, doctora Lucrecia Peinado, visit\u00f3 estas instalaciones acompa\u00f1adas de autoridades del Ejecutivo. Al concluir el recorrido, la primera dama dijo q ue estaba en peten por que esta es \u201cla primera <a class=\"read-more\" href=\"https:\/\/elmetropolitano.com.gt\/es\/primera-dama-visita-el-cai-de-peten-en-su-primera-gira-departamental\/\">Leer m\u00e1s<\/a><\/p>\n","protected":false},"author":1,"featured_media":79546,"comment_status":"open","ping_status":"closed","sticky":false,"template":"","format":"standard","meta":{"footnotes":""},"categories":[4],"tags":[13],"class_list":["post-79545","post","type-post","status-publish","format-standard","has-post-thumbnail","hentry","category-departamentales","tag-departamentales"],"_links":{"self":[{"href":"https:\/\/elmetropolitano.com.gt\/es\/wp-json\/wp\/v2\/posts\/79545","targetHints":{"allow":["GET"]}}],"collection":[{"href":"https:\/\/elmetropolitano.com.gt\/es\/wp-json\/wp\/v2\/posts"}],"about":[{"href":"https:\/\/elmetropolitano.com.gt\/es\/wp-json\/wp\/v2\/types\/post"}],"author":[{"embeddable":true,"href":"https:\/\/elmetropolitano.com.gt\/es\/wp-json\/wp\/v2\/users\/1"}],"replies":[{"embeddable":true,"href":"https:\/\/elmetropolitano.com.gt\/es\/wp-json\/wp\/v2\/comments?post=79545"}],"version-history":[{"count":1,"href":"https:\/\/elmetropolitano.com.gt\/es\/wp-json\/wp\/v2\/posts\/79545\/revisions"}],"predecessor-version":[{"id":79550,"href":"https:\/\/elmetropolitano.com.gt\/es\/wp-json\/wp\/v2\/posts\/79545\/revisions\/79550"}],"wp:featuredmedia":[{"embeddable":true,"href":"https:\/\/elmetropolitano.com.gt\/es\/wp-json\/wp\/v2\/media\/79546"}],"wp:attachment":[{"href":"https:\/\/elmetropolitano.com.gt\/es\/wp-json\/wp\/v2\/media?parent=79545"}],"wp:term":[{"taxonomy":"category","embeddable":true,"href":"https:\/\/elmetropolitano.com.gt\/es\/wp-json\/wp\/v2\/categories?post=79545"},{"taxonomy":"post_tag","embeddable":true,"href":"https:\/\/elmetropolitano.com.gt\/es\/wp-json\/wp\/v2\/tags?post=79545"}],"curies":[{"name":"wp","href":"https:\/\/api.w.org\/{rel}","templated":true}]}}