{"id":79554,"date":"2024-03-09T12:52:55","date_gmt":"2024-03-09T18:52:55","guid":{"rendered":"https:\/\/elmetropolitano.com.gt\/es\/?p=79554"},"modified":"2024-03-09T12:52:56","modified_gmt":"2024-03-09T18:52:56","slug":"enganaron-a-los-alcaldes-no-existe-la-nueva-sede-de-la-anam-inaugurada-en-la-zona-13-capitalina","status":"publish","type":"post","link":"https:\/\/elmetropolitano.com.gt\/es\/enganaron-a-los-alcaldes-no-existe-la-nueva-sede-de-la-anam-inaugurada-en-la-zona-13-capitalina\/","title":{"rendered":"Enga\u00f1aron a los alcaldes, no existe la nueva sede de la ANAM inaugurada en la zona 13 capitalina"},"content":{"rendered":"\n<p>El Presidente de la Asociaci\u00f3n de Municipalidades ANAM el alcalde Sebasti\u00e1n Siero anunci\u00f3 por medio de un comunicado que la supuesta nueva sede inaugurada en un terreno de la zona 13 capitalina por el expresidente de la asociaci\u00f3n Jos\u00e9 Francisco Mej\u00eda nunca fue comprada.<\/p>\n\n\n\n<p>\u201cLa \u00fanica sede de la Asociaci\u00f3n Nacional de Municipalidades de la Rep\u00fablica de Guatemala (ANAM) se encuentra en <a><\/a>las instalaciones que el instituto de Fomento Municipal nos proporciona en la 8 Calle 1-66 Zona 9, primer nivel edificio del INFOM\u201d expresa Siero en su comunicado<\/p><div class=\"elmet-contenido\" id=\"elmet-3520176375\"><div class=\"elmet-adlabel\">Anuncios<\/div><div style=\"margin-top: 20px;margin-right: 20px;margin-bottom: 20px;margin-left: 20px;\" id=\"elmet-3436786501\"><a href=\"https:\/\/www.facebook.com\/arrincuanantigua\/\" aria-label=\"cintillo-arrin-cual\"><img loading=\"lazy\" decoding=\"async\" src=\"https:\/\/elmetropolitano.com.gt\/es\/wp-content\/uploads\/2021\/11\/cintillo-arrin-cual-1.jpg\" alt=\"\"  srcset=\"https:\/\/elmetropolitano.com.gt\/es\/wp-content\/uploads\/2021\/11\/cintillo-arrin-cual-1.jpg 750w, https:\/\/elmetropolitano.com.gt\/es\/wp-content\/uploads\/2021\/11\/cintillo-arrin-cual-1-300x36.jpg 300w, https:\/\/elmetropolitano.com.gt\/es\/wp-content\/uploads\/2021\/11\/cintillo-arrin-cual-1-600x72.jpg 600w\" sizes=\"(max-width: 750px) 100vw, 750px\" width=\"750\" height=\"90\"   \/><\/a><\/div><\/div>\n\n\n\n<p>Agregando que \u201ccon pesar les informo que, el inmueble ubicado en la Zona 13, nunca fue comprado por la ANAM y actualmente es propiedad de una sociedad an\u00f3nima\u201d<\/p>\n\n\n\n<p>Sebasti\u00e1n Siero recuerda que \u201ccon mucho esfuerzo, las 340 Municipalidades aportaron un monto total de 5 millones 100 mil quetzales para que la ANAM gozara de una sede propia\u201d la cual no existe.<\/p>\n\n\n\n<p>Agregando que \u201cesto se derivo de lo acordado en la asamblea General Extraordinaria realizada el dia 23 de noviembre del 2022, donde el Presidente anterior de la ANAM, en alianza con el ex Presidente Alejandro Giamattei, se comprometieron a construir con ese dinero la nueva sede de Anam en un tarreno de 40 manzanas Este ser\u00eda el aporte del ex Presidente al municipalismo, compromiso que como es evidente, no cumplieron\u201d<\/p>\n\n\n\n<p>Acciones legales<\/p>\n\n\n\n<p>\u201cLamentablemente el enga\u00f1o de la compra de la propiedad en zona 13, no es la \u00fanica irregularidad encontrada en la ANAM por esta administraci\u00f3n desde que fue electa el 27 de enero del presente a\u00f1o\u201d indica Siero<\/p>\n\n\n\n<p>\u201cPor lo que, les aseguro que ya se iniciaron las medidas legales pertinentes para corregir esta, as\u00ed como otras irregularidades que han sido encontradas\u201d indica finalmente Siero en su mensaje a los alcaldes de todo el pa\u00eds.<\/p>\n\n\n\n<p>#metroredes   www.metroredes.com <\/p>\n\n\n\n<figure class=\"wp-block-gallery has-nested-images columns-default is-cropped wp-block-gallery-1 is-layout-flex wp-block-gallery-is-layout-flex\">\n<figure class=\"wp-block-image size-large\"><img loading=\"lazy\" decoding=\"async\" width=\"696\" height=\"464\" data-id=\"79556\" src=\"https:\/\/elmetropolitano.com.gt\/es\/wp-content\/uploads\/2024\/03\/429673342_896591612466923_5590988594046377364_n-1.jpg\" alt=\"\" class=\"wp-image-79556\" srcset=\"https:\/\/elmetropolitano.com.gt\/es\/wp-content\/uploads\/2024\/03\/429673342_896591612466923_5590988594046377364_n-1.jpg 696w, https:\/\/elmetropolitano.com.gt\/es\/wp-content\/uploads\/2024\/03\/429673342_896591612466923_5590988594046377364_n-1-300x200.jpg 300w\" sizes=\"auto, (max-width: 696px) 100vw, 696px\" \/><\/figure>\n\n\n\n<figure class=\"wp-block-image size-large\"><img loading=\"lazy\" decoding=\"async\" width=\"500\" height=\"625\" data-id=\"79557\" src=\"https:\/\/elmetropolitano.com.gt\/es\/wp-content\/uploads\/2024\/03\/430076324_896591625800255_5086255033453872242_n.jpg\" alt=\"\" class=\"wp-image-79557\" srcset=\"https:\/\/elmetropolitano.com.gt\/es\/wp-content\/uploads\/2024\/03\/430076324_896591625800255_5086255033453872242_n.jpg 500w, https:\/\/elmetropolitano.com.gt\/es\/wp-content\/uploads\/2024\/03\/430076324_896591625800255_5086255033453872242_n-240x300.jpg 240w\" sizes=\"auto, (max-width: 500px) 100vw, 500px\" \/><\/figure>\n<\/figure>\n","protected":false},"excerpt":{"rendered":"<p>El Presidente de la Asociaci\u00f3n de Municipalidades ANAM el alcalde Sebasti\u00e1n Siero anunci\u00f3 por medio de un comunicado que la supuesta nueva sede inaugurada en un terreno de la zona 13 capitalina por el expresidente de la asociaci\u00f3n Jos\u00e9 Francisco Mej\u00eda nunca fue comprada. \u201cLa \u00fanica sede de la Asociaci\u00f3n Nacional de Municipalidades de la <a class=\"read-more\" href=\"https:\/\/elmetropolitano.com.gt\/es\/enganaron-a-los-alcaldes-no-existe-la-nueva-sede-de-la-anam-inaugurada-en-la-zona-13-capitalina\/\">Leer m\u00e1s<\/a><\/p>\n","protected":false},"author":1,"featured_media":79555,"comment_status":"open","ping_status":"closed","sticky":false,"template":"","format":"standard","meta":{"footnotes":""},"categories":[2],"tags":[12],"class_list":["post-79554","post","type-post","status-publish","format-standard","has-post-thumbnail","hentry","category-nacionales","tag-nacionales"],"_links":{"self":[{"href":"https:\/\/elmetropolitano.com.gt\/es\/wp-json\/wp\/v2\/posts\/79554","targetHints":{"allow":["GET"]}}],"collection":[{"href":"https:\/\/elmetropolitano.com.gt\/es\/wp-json\/wp\/v2\/posts"}],"about":[{"href":"https:\/\/elmetropolitano.com.gt\/es\/wp-json\/wp\/v2\/types\/post"}],"author":[{"embeddable":true,"href":"https:\/\/elmetropolitano.com.gt\/es\/wp-json\/wp\/v2\/users\/1"}],"replies":[{"embeddable":true,"href":"https:\/\/elmetropolitano.com.gt\/es\/wp-json\/wp\/v2\/comments?post=79554"}],"version-history":[{"count":1,"href":"https:\/\/elmetropolitano.com.gt\/es\/wp-json\/wp\/v2\/posts\/79554\/revisions"}],"predecessor-version":[{"id":79558,"href":"https:\/\/elmetropolitano.com.gt\/es\/wp-json\/wp\/v2\/posts\/79554\/revisions\/79558"}],"wp:featuredmedia":[{"embeddable":true,"href":"https:\/\/elmetropolitano.com.gt\/es\/wp-json\/wp\/v2\/media\/79555"}],"wp:attachment":[{"href":"https:\/\/elmetropolitano.com.gt\/es\/wp-json\/wp\/v2\/media?parent=79554"}],"wp:term":[{"taxonomy":"category","embeddable":true,"href":"https:\/\/elmetropolitano.com.gt\/es\/wp-json\/wp\/v2\/categories?post=79554"},{"taxonomy":"post_tag","embeddable":true,"href":"https:\/\/elmetropolitano.com.gt\/es\/wp-json\/wp\/v2\/tags?post=79554"}],"curies":[{"name":"wp","href":"https:\/\/api.w.org\/{rel}","templated":true}]}}