{"id":79559,"date":"2024-03-09T13:00:02","date_gmt":"2024-03-09T19:00:02","guid":{"rendered":"https:\/\/elmetropolitano.com.gt\/es\/?p=79559"},"modified":"2024-03-09T13:00:03","modified_gmt":"2024-03-09T19:00:03","slug":"interceptan-embarcacion-en-el-pacifico-con-posibles-ilicitos","status":"publish","type":"post","link":"https:\/\/elmetropolitano.com.gt\/es\/interceptan-embarcacion-en-el-pacifico-con-posibles-ilicitos\/","title":{"rendered":"Interceptan embarcaci\u00f3n en el Pac\u00edfico con posibles il\u00edcitos"},"content":{"rendered":"\n<p>La marina de la Defensa Nacional del Ej\u00e9rcito de Guatemala intercept\u00f3 el 6 de marzo reci\u00e9n pasado una lancha r\u00e1pida a 345 millas n\u00e1uticas de la costa del oc\u00e9ano Pac\u00edfico. La embarcaci\u00f3n est\u00e1 siendo analizada detenidamente.<\/p>\n\n\n\n<p>En <a><\/a>dicha embarcaci\u00f3n se transportaban un cargamento de posibles sustancias il\u00edcitas.<\/p><div class=\"elmet-contenido\" id=\"elmet-1801382669\"><div class=\"elmet-adlabel\">Anuncios<\/div><div style=\"margin-top: 20px;margin-right: 20px;margin-bottom: 20px;margin-left: 20px;\" id=\"elmet-1231323340\"><a href=\"https:\/\/www.facebook.com\/arrincuanantigua\/\" aria-label=\"cintillo-arrin-cual\"><img loading=\"lazy\" decoding=\"async\" src=\"https:\/\/elmetropolitano.com.gt\/es\/wp-content\/uploads\/2021\/11\/cintillo-arrin-cual-1.jpg\" alt=\"\"  srcset=\"https:\/\/elmetropolitano.com.gt\/es\/wp-content\/uploads\/2021\/11\/cintillo-arrin-cual-1.jpg 750w, https:\/\/elmetropolitano.com.gt\/es\/wp-content\/uploads\/2021\/11\/cintillo-arrin-cual-1-300x36.jpg 300w, https:\/\/elmetropolitano.com.gt\/es\/wp-content\/uploads\/2021\/11\/cintillo-arrin-cual-1-600x72.jpg 600w\" sizes=\"(max-width: 750px) 100vw, 750px\" width=\"750\" height=\"90\"   \/><\/a><\/div><\/div>\n\n\n\n<p>El portavoz del Ej\u00e9rcito de Guatemala, Rub\u00e9n T\u00e9llez, dio detalles en las redes oficiales de la instituci\u00f3n sobre ese operativo considerado de gran magnitud.<\/p>\n\n\n\n<p>Al respecto, se inform\u00f3 que trasladaba bultos con posibles il\u00edcitos. Se dio aviso a las autoridades correspondientes para las diligencias de rigor.<\/p>\n\n\n\n<p>En las primeras horas de este s\u00e1bado finaliza la segunda fase de una operaci\u00f3n que empez\u00f3 el 6 de marzo con la interceptaci\u00f3n de una nave r\u00e1pida en aguas del Pac\u00edfico.<\/p>\n\n\n\n<p>Las 345 milla n\u00e1uticas equivale a m\u00e1s de 600 km de distancia.<\/p>\n\n\n\n<p>Al momento de la acci\u00f3n, la nave intent\u00f3 darse a la fuga en mar abierto, y lanz\u00f3 un cargamento consistente en 12 bultos conteniendo il\u00edcitos. Dentro de la embarcaci\u00f3n se contabilizaron 15 bultos adicionales.<\/p>\n\n\n\n<p>Como parte de la tripulaci\u00f3n se localiz\u00f3 a cinco personas las cuales carec\u00edan de documentos de identificaci\u00f3n.<\/p>\n\n\n\n<p>Seg\u00fan inform\u00f3 el portavoz castrense, dos de ellas dicen ser de nacionalidad ecuatoriana y tres de procedencia mexicana.<\/p>\n\n\n\n<p>Acciones<\/p>\n\n\n\n<p>Luego de la captura, la embarcaci\u00f3n fue remolcada a la Estaci\u00f3n Naval del Pac\u00edfico, donde ser\u00e1 puesta a disposici\u00f3n de las autoridades respectivas.<\/p>\n\n\n\n<p>Le corresponder\u00e1 a las autoridades pertinentes la contabilizaci\u00f3n de los bultos y la apertura de los paquetes, para verificar su contenido y peso exactos. Esta siguiente operaci\u00f3n incluye las respectivas pruebas de campo.<\/p>\n\n\n\n<p>Con acciones interinstitucionales como esta, el Ej\u00e9rcito de Guatemala garantiza que el narcotr\u00e1fico no utilice los espacios a\u00e9reos, mar\u00edtimos y terrestres del pa\u00eds para el ingreso de droga.<\/p>\n\n\n\n<p>El espacio mar\u00edtimo va m\u00e1s all\u00e1 de las 200 millas n\u00e1uticas, para no ser empleado como corredor de transporte de il\u00edcitos a lo largo del continente americano.<\/p>\n\n\n\n<p>Logros<\/p>\n\n\n\n<p>El Ministerio de Gobernaci\u00f3n destac\u00f3 uno de sus notables logros durante los primeros 30 d\u00edas de la administraci\u00f3n del presidente Ar\u00e9valo: resultados contundentes en la lucha contra el narcotr\u00e1fico.<\/p>\n\n\n\n<p>Esta iniciativa se traduce en el decomiso de m\u00e1s de 74 millones de quetzales en diversas sustancias il\u00edcitas.<\/p>\n\n\n\n<p>Esta cifra revela la magnitud econ\u00f3mica de las operaciones de narcotr\u00e1fico y destaca la urgente necesidad de contrarrestar este flagelo.<\/p>\n\n\n\n<p>La protecci\u00f3n de la sociedad y la econom\u00eda del pa\u00eds se vuelve primordial, y el compromiso gubernamental en esta \u00e1rea es evidente.<\/p>\n\n\n\n<p>Textos Isaac Ram\u00edrez<\/p>\n\n\n\n<p><a href=\"https:\/\/www.facebook.com\/hashtag\/metroredes?__eep__=6&amp;__cft__[0]=AZVXhjtOn09PrARH-oFonS40A55buyK0mvnXkilkMbcCEqpG8RJoer8jv75OtIqpdoFgqiJDWJZGzHgauQCq5BaTpEZHuNlfvnHclFepbo3t_jx2VAbAVgbQOopa-6TxavfzRQ24jV2FbeVp31ZHOt_nrCWGjaB5ORHUMdq6dupIRmj2NLSX3cjX0V3VjBn9pJ4&amp;__tn__=*NK-R\">#metroredes<\/a><a href=\"https:\/\/www.facebook.com\/hashtag\/ejercitogt?__eep__=6&amp;__cft__[0]=AZVXhjtOn09PrARH-oFonS40A55buyK0mvnXkilkMbcCEqpG8RJoer8jv75OtIqpdoFgqiJDWJZGzHgauQCq5BaTpEZHuNlfvnHclFepbo3t_jx2VAbAVgbQOopa-6TxavfzRQ24jV2FbeVp31ZHOt_nrCWGjaB5ORHUMdq6dupIRmj2NLSX3cjX0V3VjBn9pJ4&amp;__tn__=*NK-R\">#EjercitoGT<\/a><a href=\"https:\/\/www.facebook.com\/hashtag\/drogas?__eep__=6&amp;__cft__[0]=AZVXhjtOn09PrARH-oFonS40A55buyK0mvnXkilkMbcCEqpG8RJoer8jv75OtIqpdoFgqiJDWJZGzHgauQCq5BaTpEZHuNlfvnHclFepbo3t_jx2VAbAVgbQOopa-6TxavfzRQ24jV2FbeVp31ZHOt_nrCWGjaB5ORHUMdq6dupIRmj2NLSX3cjX0V3VjBn9pJ4&amp;__tn__=*NK-R\">#Drogas<\/a><a href=\"https:\/\/www.facebook.com\/hashtag\/oceanopacifico?__eep__=6&amp;__cft__[0]=AZVXhjtOn09PrARH-oFonS40A55buyK0mvnXkilkMbcCEqpG8RJoer8jv75OtIqpdoFgqiJDWJZGzHgauQCq5BaTpEZHuNlfvnHclFepbo3t_jx2VAbAVgbQOopa-6TxavfzRQ24jV2FbeVp31ZHOt_nrCWGjaB5ORHUMdq6dupIRmj2NLSX3cjX0V3VjBn9pJ4&amp;__tn__=*NK-R\">#OceanoPacifico<\/a><a href=\"https:\/\/www.facebook.com\/hashtag\/marinadeladefensa?__eep__=6&amp;__cft__[0]=AZVXhjtOn09PrARH-oFonS40A55buyK0mvnXkilkMbcCEqpG8RJoer8jv75OtIqpdoFgqiJDWJZGzHgauQCq5BaTpEZHuNlfvnHclFepbo3t_jx2VAbAVgbQOopa-6TxavfzRQ24jV2FbeVp31ZHOt_nrCWGjaB5ORHUMdq6dupIRmj2NLSX3cjX0V3VjBn9pJ4&amp;__tn__=*NK-R\">#marinadeladefensa<\/a>  www.metroredes.com <\/p>\n\n\n\n<figure class=\"wp-block-gallery has-nested-images columns-default is-cropped wp-block-gallery-1 is-layout-flex wp-block-gallery-is-layout-flex\">\n<figure class=\"wp-block-image size-large\"><img loading=\"lazy\" decoding=\"async\" width=\"680\" height=\"510\" data-id=\"79562\" src=\"https:\/\/elmetropolitano.com.gt\/es\/wp-content\/uploads\/2024\/03\/429826300_896871575772260_3866176211113265165_n.jpg\" alt=\"\" class=\"wp-image-79562\" srcset=\"https:\/\/elmetropolitano.com.gt\/es\/wp-content\/uploads\/2024\/03\/429826300_896871575772260_3866176211113265165_n.jpg 680w, https:\/\/elmetropolitano.com.gt\/es\/wp-content\/uploads\/2024\/03\/429826300_896871575772260_3866176211113265165_n-300x225.jpg 300w\" sizes=\"auto, (max-width: 680px) 100vw, 680px\" \/><\/figure>\n\n\n\n<figure class=\"wp-block-image size-large\"><img loading=\"lazy\" decoding=\"async\" width=\"680\" height=\"510\" data-id=\"79563\" src=\"https:\/\/elmetropolitano.com.gt\/es\/wp-content\/uploads\/2024\/03\/429880005_896868559105895_221722526190432295_n-1.jpg\" alt=\"\" class=\"wp-image-79563\" srcset=\"https:\/\/elmetropolitano.com.gt\/es\/wp-content\/uploads\/2024\/03\/429880005_896868559105895_221722526190432295_n-1.jpg 680w, https:\/\/elmetropolitano.com.gt\/es\/wp-content\/uploads\/2024\/03\/429880005_896868559105895_221722526190432295_n-1-300x225.jpg 300w\" sizes=\"auto, (max-width: 680px) 100vw, 680px\" \/><\/figure>\n\n\n\n<figure class=\"wp-block-image size-large\"><img loading=\"lazy\" decoding=\"async\" width=\"680\" height=\"510\" data-id=\"79561\" src=\"https:\/\/elmetropolitano.com.gt\/es\/wp-content\/uploads\/2024\/03\/429905188_896868569105894_7645910497620542908_n.jpg\" alt=\"\" class=\"wp-image-79561\" srcset=\"https:\/\/elmetropolitano.com.gt\/es\/wp-content\/uploads\/2024\/03\/429905188_896868569105894_7645910497620542908_n.jpg 680w, https:\/\/elmetropolitano.com.gt\/es\/wp-content\/uploads\/2024\/03\/429905188_896868569105894_7645910497620542908_n-300x225.jpg 300w\" sizes=\"auto, (max-width: 680px) 100vw, 680px\" \/><\/figure>\n<\/figure>\n","protected":false},"excerpt":{"rendered":"<p>La marina de la Defensa Nacional del Ej\u00e9rcito de Guatemala intercept\u00f3 el 6 de marzo reci\u00e9n pasado una lancha r\u00e1pida a 345 millas n\u00e1uticas de la costa del oc\u00e9ano Pac\u00edfico. La embarcaci\u00f3n est\u00e1 siendo analizada detenidamente. En dicha embarcaci\u00f3n se transportaban un cargamento de posibles sustancias il\u00edcitas. El portavoz del Ej\u00e9rcito de Guatemala, Rub\u00e9n T\u00e9llez, <a class=\"read-more\" href=\"https:\/\/elmetropolitano.com.gt\/es\/interceptan-embarcacion-en-el-pacifico-con-posibles-ilicitos\/\">Leer m\u00e1s<\/a><\/p>\n","protected":false},"author":1,"featured_media":79560,"comment_status":"open","ping_status":"closed","sticky":false,"template":"","format":"standard","meta":{"footnotes":""},"categories":[4],"tags":[13],"class_list":["post-79559","post","type-post","status-publish","format-standard","has-post-thumbnail","hentry","category-departamentales","tag-departamentales"],"_links":{"self":[{"href":"https:\/\/elmetropolitano.com.gt\/es\/wp-json\/wp\/v2\/posts\/79559","targetHints":{"allow":["GET"]}}],"collection":[{"href":"https:\/\/elmetropolitano.com.gt\/es\/wp-json\/wp\/v2\/posts"}],"about":[{"href":"https:\/\/elmetropolitano.com.gt\/es\/wp-json\/wp\/v2\/types\/post"}],"author":[{"embeddable":true,"href":"https:\/\/elmetropolitano.com.gt\/es\/wp-json\/wp\/v2\/users\/1"}],"replies":[{"embeddable":true,"href":"https:\/\/elmetropolitano.com.gt\/es\/wp-json\/wp\/v2\/comments?post=79559"}],"version-history":[{"count":1,"href":"https:\/\/elmetropolitano.com.gt\/es\/wp-json\/wp\/v2\/posts\/79559\/revisions"}],"predecessor-version":[{"id":79564,"href":"https:\/\/elmetropolitano.com.gt\/es\/wp-json\/wp\/v2\/posts\/79559\/revisions\/79564"}],"wp:featuredmedia":[{"embeddable":true,"href":"https:\/\/elmetropolitano.com.gt\/es\/wp-json\/wp\/v2\/media\/79560"}],"wp:attachment":[{"href":"https:\/\/elmetropolitano.com.gt\/es\/wp-json\/wp\/v2\/media?parent=79559"}],"wp:term":[{"taxonomy":"category","embeddable":true,"href":"https:\/\/elmetropolitano.com.gt\/es\/wp-json\/wp\/v2\/categories?post=79559"},{"taxonomy":"post_tag","embeddable":true,"href":"https:\/\/elmetropolitano.com.gt\/es\/wp-json\/wp\/v2\/tags?post=79559"}],"curies":[{"name":"wp","href":"https:\/\/api.w.org\/{rel}","templated":true}]}}