{"id":79606,"date":"2024-03-10T09:02:33","date_gmt":"2024-03-10T15:02:33","guid":{"rendered":"https:\/\/elmetropolitano.com.gt\/es\/?p=79606"},"modified":"2024-03-10T09:02:33","modified_gmt":"2024-03-10T15:02:33","slug":"partido-viva-acuerda-iniciar-campana-de-afiliacion-en-los-340-municipios","status":"publish","type":"post","link":"https:\/\/elmetropolitano.com.gt\/es\/partido-viva-acuerda-iniciar-campana-de-afiliacion-en-los-340-municipios\/","title":{"rendered":"Partido VIVA acuerda iniciar campa\u00f1a de afiliaci\u00f3n en los 340 municipios"},"content":{"rendered":"\n<p>En sesi\u00f3n extraordinaria el Comit\u00e9 Ejecutivo Nacional del partido VIsion con Valores VIVA dirigido por Armando Castillo inici\u00f3 la reestructuraci\u00f3n del partido y acuerda iniciar en los 340 municipios una campa\u00f1a de afiliaci\u00f3n.<\/p>\n\n\n\n<p>El Partido Viva en un comunicado de prensa a indicado que se a iniciado la\u201d reestructuraci\u00f3n y fortalecimiento de nuestra organizaci\u00f3n a nivel nacional bajo la direcci\u00f3n de nuestro <a><\/a>Secretario General, el ingeniero Armando Castillo, quien ha demostrado ser un l\u00edder con la capacidad y la energ\u00eda para llevar a nuestro partido a posicionarse como la instituci\u00f3n partidaria m\u00e1s s\u00f3lida y representativa de los principios y valores socialcristianos que identifican a la mayor\u00eda de guatemaltecos\u201d<\/p><div class=\"elmet-contenido\" id=\"elmet-3505480605\"><div class=\"elmet-adlabel\">Anuncios<\/div><div style=\"margin-top: 20px;margin-right: 20px;margin-bottom: 20px;margin-left: 20px;\" id=\"elmet-3757871527\"><a href=\"https:\/\/www.facebook.com\/arrincuanantigua\/\" aria-label=\"cintillo-arrin-cual\"><img loading=\"lazy\" decoding=\"async\" src=\"https:\/\/elmetropolitano.com.gt\/es\/wp-content\/uploads\/2021\/11\/cintillo-arrin-cual-1.jpg\" alt=\"\"  srcset=\"https:\/\/elmetropolitano.com.gt\/es\/wp-content\/uploads\/2021\/11\/cintillo-arrin-cual-1.jpg 750w, https:\/\/elmetropolitano.com.gt\/es\/wp-content\/uploads\/2021\/11\/cintillo-arrin-cual-1-300x36.jpg 300w, https:\/\/elmetropolitano.com.gt\/es\/wp-content\/uploads\/2021\/11\/cintillo-arrin-cual-1-600x72.jpg 600w\" sizes=\"(max-width: 750px) 100vw, 750px\" width=\"750\" height=\"90\"   \/><\/a><\/div><\/div>\n\n\n\n<p>Indicando que por unanimidad, el Comit\u00e9 Ejecutivo aprob\u00f3 las propuestas presentadas, entre ellas \u201cla campa\u00f1a de afiliaci\u00f3n denominada 340M, que tiene la finalidad de visitar los 340 municipios para fortalecer al partido con nuevos afiliados\u201d<\/p>\n\n\n\n<p>Tambi\u00e9n se nombr\u00f3 como representantes titular y suplente ante el Tribunal Supremo Electoral TSE al diputado Edin de Jes\u00fas Mej\u00eda y Efra\u00edn Asij Chile, adem\u00e1s de otros temas que fueron aprobados por el pleno de los miembros del Comit\u00e9 Ejecutivo Nacional.<\/p>\n\n\n\n<p><a href=\"https:\/\/www.facebook.com\/hashtag\/partidoviva?__eep__=6&amp;__cft__[0]=AZW3vxuzhY1sTsFCHmtk-yAt5Lep4QLGZZke3flKwsKpk5dwaSgfyY-gGJ4dG77a5tBo6ltX76HDIGGNTqoiTXLl_1lO5uADCkgq19Cxr4_aWMRUVZsLfnTio9HmpgVB-ty72kIE1ZXGmDGnzjF4DLz5ZmECp7vprJ-uRhEx99JKB_nn-jlqMb4Pm7QdqEpUyLM&amp;__tn__=*NK-R\">#PartidoViva<\/a><a href=\"https:\/\/www.facebook.com\/hashtag\/metroredes?__eep__=6&amp;__cft__[0]=AZW3vxuzhY1sTsFCHmtk-yAt5Lep4QLGZZke3flKwsKpk5dwaSgfyY-gGJ4dG77a5tBo6ltX76HDIGGNTqoiTXLl_1lO5uADCkgq19Cxr4_aWMRUVZsLfnTio9HmpgVB-ty72kIE1ZXGmDGnzjF4DLz5ZmECp7vprJ-uRhEx99JKB_nn-jlqMb4Pm7QdqEpUyLM&amp;__tn__=*NK-R\">#metroredes<\/a><a href=\"https:\/\/www.facebook.com\/hashtag\/armandocastillo?__eep__=6&amp;__cft__[0]=AZW3vxuzhY1sTsFCHmtk-yAt5Lep4QLGZZke3flKwsKpk5dwaSgfyY-gGJ4dG77a5tBo6ltX76HDIGGNTqoiTXLl_1lO5uADCkgq19Cxr4_aWMRUVZsLfnTio9HmpgVB-ty72kIE1ZXGmDGnzjF4DLz5ZmECp7vprJ-uRhEx99JKB_nn-jlqMb4Pm7QdqEpUyLM&amp;__tn__=*NK-R\">#ArmandoCastillo<\/a><\/p>\n\n\n\n<figure class=\"wp-block-gallery has-nested-images columns-default is-cropped wp-block-gallery-1 is-layout-flex wp-block-gallery-is-layout-flex\">\n<figure class=\"wp-block-image size-large\"><img loading=\"lazy\" decoding=\"async\" width=\"671\" height=\"1024\" data-id=\"79608\" src=\"https:\/\/elmetropolitano.com.gt\/es\/wp-content\/uploads\/2024\/03\/430050060_897157045743713_1339002296210788000_n-1-671x1024.jpg\" alt=\"\" class=\"wp-image-79608\" srcset=\"https:\/\/elmetropolitano.com.gt\/es\/wp-content\/uploads\/2024\/03\/430050060_897157045743713_1339002296210788000_n-1-671x1024.jpg 671w, https:\/\/elmetropolitano.com.gt\/es\/wp-content\/uploads\/2024\/03\/430050060_897157045743713_1339002296210788000_n-1-196x300.jpg 196w, https:\/\/elmetropolitano.com.gt\/es\/wp-content\/uploads\/2024\/03\/430050060_897157045743713_1339002296210788000_n-1-768x1173.jpg 768w, https:\/\/elmetropolitano.com.gt\/es\/wp-content\/uploads\/2024\/03\/430050060_897157045743713_1339002296210788000_n-1-1006x1536.jpg 1006w, https:\/\/elmetropolitano.com.gt\/es\/wp-content\/uploads\/2024\/03\/430050060_897157045743713_1339002296210788000_n-1-85x130.jpg 85w, https:\/\/elmetropolitano.com.gt\/es\/wp-content\/uploads\/2024\/03\/430050060_897157045743713_1339002296210788000_n-1.jpg 1080w\" sizes=\"auto, (max-width: 671px) 100vw, 671px\" \/><\/figure>\n<\/figure>\n","protected":false},"excerpt":{"rendered":"<p>En sesi\u00f3n extraordinaria el Comit\u00e9 Ejecutivo Nacional del partido VIsion con Valores VIVA dirigido por Armando Castillo inici\u00f3 la reestructuraci\u00f3n del partido y acuerda iniciar en los 340 municipios una campa\u00f1a de afiliaci\u00f3n. El Partido Viva en un comunicado de prensa a indicado que se a iniciado la\u201d reestructuraci\u00f3n y fortalecimiento de nuestra organizaci\u00f3n a <a class=\"read-more\" href=\"https:\/\/elmetropolitano.com.gt\/es\/partido-viva-acuerda-iniciar-campana-de-afiliacion-en-los-340-municipios\/\">Leer m\u00e1s<\/a><\/p>\n","protected":false},"author":1,"featured_media":79607,"comment_status":"open","ping_status":"closed","sticky":false,"template":"","format":"standard","meta":{"footnotes":""},"categories":[2],"tags":[12],"class_list":["post-79606","post","type-post","status-publish","format-standard","has-post-thumbnail","hentry","category-nacionales","tag-nacionales"],"_links":{"self":[{"href":"https:\/\/elmetropolitano.com.gt\/es\/wp-json\/wp\/v2\/posts\/79606","targetHints":{"allow":["GET"]}}],"collection":[{"href":"https:\/\/elmetropolitano.com.gt\/es\/wp-json\/wp\/v2\/posts"}],"about":[{"href":"https:\/\/elmetropolitano.com.gt\/es\/wp-json\/wp\/v2\/types\/post"}],"author":[{"embeddable":true,"href":"https:\/\/elmetropolitano.com.gt\/es\/wp-json\/wp\/v2\/users\/1"}],"replies":[{"embeddable":true,"href":"https:\/\/elmetropolitano.com.gt\/es\/wp-json\/wp\/v2\/comments?post=79606"}],"version-history":[{"count":1,"href":"https:\/\/elmetropolitano.com.gt\/es\/wp-json\/wp\/v2\/posts\/79606\/revisions"}],"predecessor-version":[{"id":79609,"href":"https:\/\/elmetropolitano.com.gt\/es\/wp-json\/wp\/v2\/posts\/79606\/revisions\/79609"}],"wp:featuredmedia":[{"embeddable":true,"href":"https:\/\/elmetropolitano.com.gt\/es\/wp-json\/wp\/v2\/media\/79607"}],"wp:attachment":[{"href":"https:\/\/elmetropolitano.com.gt\/es\/wp-json\/wp\/v2\/media?parent=79606"}],"wp:term":[{"taxonomy":"category","embeddable":true,"href":"https:\/\/elmetropolitano.com.gt\/es\/wp-json\/wp\/v2\/categories?post=79606"},{"taxonomy":"post_tag","embeddable":true,"href":"https:\/\/elmetropolitano.com.gt\/es\/wp-json\/wp\/v2\/tags?post=79606"}],"curies":[{"name":"wp","href":"https:\/\/api.w.org\/{rel}","templated":true}]}}