{"id":79634,"date":"2024-03-10T17:12:33","date_gmt":"2024-03-10T23:12:33","guid":{"rendered":"https:\/\/elmetropolitano.com.gt\/es\/?p=79634"},"modified":"2024-03-10T17:12:34","modified_gmt":"2024-03-10T23:12:34","slug":"entregan-orden-rafael-landivar-a-destacado-medico-de-antigua-guatemala","status":"publish","type":"post","link":"https:\/\/elmetropolitano.com.gt\/es\/entregan-orden-rafael-landivar-a-destacado-medico-de-antigua-guatemala\/","title":{"rendered":"Entregan orden Rafael Land\u00edvar a destacado m\u00e9dico de Antigua Guatemala"},"content":{"rendered":"\n<p>El Ayuntamiento de la Antigua Guatemala por medio de su alcalde Juan Manuel Asturias otorg\u00f3 este fin de semana al doctor Gabriel de Jes\u00fas Silva Ar\u00e9valo la Orden Rafael Land\u00edvar por sus aportes a la medicina.<\/p>\n\n\n\n<p>El <a><\/a>Dr. Silva Ar\u00e9valo, residente en la Aldea Santa Ana, ha dedicado m\u00e1s de 30 a\u00f1os al estudio de la gen\u00e9tica humana en Guatemala. Se gradu\u00f3 de m\u00e9dico y cirujano en 1980 en la Universidad de San Carlos de Guatemala, enfocando su tesis en la organizaci\u00f3n para ni\u00f1os con discapacidad intelectual. Su trabajo en \u00e1reas rurales y en las Obras Sociales del Santo Hermano Pedro refleja su compromiso con los m\u00e1s necesitados.<\/p><div class=\"elmet-contenido\" id=\"elmet-1631407759\"><div class=\"elmet-adlabel\">Anuncios<\/div><div style=\"margin-top: 20px;margin-right: 20px;margin-bottom: 20px;margin-left: 20px;\" id=\"elmet-1892498962\"><a href=\"https:\/\/www.facebook.com\/arrincuanantigua\/\" aria-label=\"cintillo-arrin-cual\"><img loading=\"lazy\" decoding=\"async\" src=\"https:\/\/elmetropolitano.com.gt\/es\/wp-content\/uploads\/2021\/11\/cintillo-arrin-cual-1.jpg\" alt=\"\"  srcset=\"https:\/\/elmetropolitano.com.gt\/es\/wp-content\/uploads\/2021\/11\/cintillo-arrin-cual-1.jpg 750w, https:\/\/elmetropolitano.com.gt\/es\/wp-content\/uploads\/2021\/11\/cintillo-arrin-cual-1-300x36.jpg 300w, https:\/\/elmetropolitano.com.gt\/es\/wp-content\/uploads\/2021\/11\/cintillo-arrin-cual-1-600x72.jpg 600w\" sizes=\"(max-width: 750px) 100vw, 750px\" width=\"750\" height=\"90\"   \/><\/a><\/div><\/div>\n\n\n\n<p>En 1988, fund\u00f3 la cl\u00ednica de Neurometab\u00f3licas y Gen\u00e9tica en las Obras Sociales del Santo Hermano Pedro, atendiendo gratuitamente a m\u00e1s de 10,000 familias necesitadas y diagnosticando enfermedades gen\u00e9ticas complejas. Realiz\u00f3 estudios en Gen\u00e9tica Cl\u00ednica en Estados Unidos y ha contribuido significativamente a la investigaci\u00f3n gen\u00e9tica en Guatemala.<\/p>\n\n\n\n<p>En el a\u00f1o 2000, inici\u00f3 sus estudios en Gen\u00e9tica Cl\u00ednica en Estados Unidos. En el 2003, la Asociaci\u00f3n Fe en Pr\u00e1ctica le otorg\u00f3 una Beca para estudiar Gen\u00e9tica Humana, Cl\u00ednica y Citogen\u00e9tica en el Departamento de Gen\u00e9tica Humana de Baylor College of Medicine Houston Texas, Estados Unidos. Adem\u00e1s, realiz\u00f3 una pasant\u00eda en una Cl\u00ednica de Cardio-Gen\u00e9tica en Texas en el Children\u2019s Hospital.<\/p>\n\n\n\n<p>En el 2005, obtuvo la Beca Glass Belmont con fondos econ\u00f3micos para la implementaci\u00f3n del laboratorio de Citogen\u00e9tica y Gen\u00e9tica Humana en Guatemala, con la ayuda del Dr. Aldo Casta\u00f1eda en las instalaciones de UNICAR. Esta fue la primera cl\u00ednica de cardiogen\u00e9tica, siendo la tercera de este tipo en Am\u00e9rica.<\/p>\n\n\n\n<p>Actualmente, forma parte de la red de investigadores del Consejo Nacional de Ciencia y Tecnolog\u00eda y de la Secretar\u00eda Nacional de Ciencia y Tecnolog\u00eda, y es voluntario del equipo de investigadores sobre enfermedades gen\u00e9ticas y metab\u00f3licas de las Obras Sociales del Santo Hermano Pedro.<\/p>\n\n\n\n<p>Su dedicaci\u00f3n y excelencia en el campo m\u00e9dico son un ejemplo para todos nosotros.<\/p>\n\n\n\n<p><a href=\"https:\/\/www.facebook.com\/hashtag\/medicina?__eep__=6&amp;__cft__[0]=AZUw-fBLI0tLmS1GlnmpMJiy-dn93QO21Po-I_zLuXm2c2SlBCUrsnpbjwJK882s33zR5akpmXyo_t_LhoyjpnqUEb6JL9TjJiN8dZs-nJoO4j3bcjIL1AX1AkaEYyh-9rih-wXn_-hgdfzr31-CMiM-JI518E5V0-wC1JtYQ7AqzWcqWQSEL2uMQha1DrRAKxQ&amp;__tn__=*NK-R\">#Medicina<\/a><a href=\"https:\/\/www.facebook.com\/hashtag\/ayuntamientoantigua?__eep__=6&amp;__cft__[0]=AZUw-fBLI0tLmS1GlnmpMJiy-dn93QO21Po-I_zLuXm2c2SlBCUrsnpbjwJK882s33zR5akpmXyo_t_LhoyjpnqUEb6JL9TjJiN8dZs-nJoO4j3bcjIL1AX1AkaEYyh-9rih-wXn_-hgdfzr31-CMiM-JI518E5V0-wC1JtYQ7AqzWcqWQSEL2uMQha1DrRAKxQ&amp;__tn__=*NK-R\">#ayuntamientoantigua<\/a><\/p>\n\n\n\n<figure class=\"wp-block-gallery has-nested-images columns-default is-cropped wp-block-gallery-1 is-layout-flex wp-block-gallery-is-layout-flex\">\n<figure class=\"wp-block-image size-large\"><img loading=\"lazy\" decoding=\"async\" width=\"1024\" height=\"576\" data-id=\"79637\" src=\"https:\/\/elmetropolitano.com.gt\/es\/wp-content\/uploads\/2024\/03\/430074923_897635119029239_2508609587118696841_n-1024x576.jpg\" alt=\"\" class=\"wp-image-79637\" srcset=\"https:\/\/elmetropolitano.com.gt\/es\/wp-content\/uploads\/2024\/03\/430074923_897635119029239_2508609587118696841_n-1024x576.jpg 1024w, https:\/\/elmetropolitano.com.gt\/es\/wp-content\/uploads\/2024\/03\/430074923_897635119029239_2508609587118696841_n-300x169.jpg 300w, https:\/\/elmetropolitano.com.gt\/es\/wp-content\/uploads\/2024\/03\/430074923_897635119029239_2508609587118696841_n-768x432.jpg 768w, https:\/\/elmetropolitano.com.gt\/es\/wp-content\/uploads\/2024\/03\/430074923_897635119029239_2508609587118696841_n.jpg 1280w\" sizes=\"auto, (max-width: 1024px) 100vw, 1024px\" \/><\/figure>\n\n\n\n<figure class=\"wp-block-image size-large\"><img loading=\"lazy\" decoding=\"async\" width=\"720\" height=\"720\" data-id=\"79636\" src=\"https:\/\/elmetropolitano.com.gt\/es\/wp-content\/uploads\/2024\/03\/430992033_897634785695939_3552944204303202723_n.jpg\" alt=\"\" class=\"wp-image-79636\" srcset=\"https:\/\/elmetropolitano.com.gt\/es\/wp-content\/uploads\/2024\/03\/430992033_897634785695939_3552944204303202723_n.jpg 720w, https:\/\/elmetropolitano.com.gt\/es\/wp-content\/uploads\/2024\/03\/430992033_897634785695939_3552944204303202723_n-300x300.jpg 300w, https:\/\/elmetropolitano.com.gt\/es\/wp-content\/uploads\/2024\/03\/430992033_897634785695939_3552944204303202723_n-150x150.jpg 150w\" sizes=\"auto, (max-width: 720px) 100vw, 720px\" \/><\/figure>\n\n\n\n<figure class=\"wp-block-image size-large\"><img loading=\"lazy\" decoding=\"async\" width=\"720\" height=\"900\" data-id=\"79638\" src=\"https:\/\/elmetropolitano.com.gt\/es\/wp-content\/uploads\/2024\/03\/431883354_897634732362611_5123046256830969289_n.jpg\" alt=\"\" class=\"wp-image-79638\" srcset=\"https:\/\/elmetropolitano.com.gt\/es\/wp-content\/uploads\/2024\/03\/431883354_897634732362611_5123046256830969289_n.jpg 720w, https:\/\/elmetropolitano.com.gt\/es\/wp-content\/uploads\/2024\/03\/431883354_897634732362611_5123046256830969289_n-240x300.jpg 240w\" sizes=\"auto, (max-width: 720px) 100vw, 720px\" \/><\/figure>\n<\/figure>\n","protected":false},"excerpt":{"rendered":"<p>El Ayuntamiento de la Antigua Guatemala por medio de su alcalde Juan Manuel Asturias otorg\u00f3 este fin de semana al doctor Gabriel de Jes\u00fas Silva Ar\u00e9valo la Orden Rafael Land\u00edvar por sus aportes a la medicina. El Dr. Silva Ar\u00e9valo, residente en la Aldea Santa Ana, ha dedicado m\u00e1s de 30 a\u00f1os al estudio de <a class=\"read-more\" href=\"https:\/\/elmetropolitano.com.gt\/es\/entregan-orden-rafael-landivar-a-destacado-medico-de-antigua-guatemala\/\">Leer m\u00e1s<\/a><\/p>\n","protected":false},"author":1,"featured_media":79635,"comment_status":"open","ping_status":"closed","sticky":false,"template":"","format":"standard","meta":{"footnotes":""},"categories":[3],"tags":[10],"class_list":["post-79634","post","type-post","status-publish","format-standard","has-post-thumbnail","hentry","category-locales","tag-locales"],"_links":{"self":[{"href":"https:\/\/elmetropolitano.com.gt\/es\/wp-json\/wp\/v2\/posts\/79634","targetHints":{"allow":["GET"]}}],"collection":[{"href":"https:\/\/elmetropolitano.com.gt\/es\/wp-json\/wp\/v2\/posts"}],"about":[{"href":"https:\/\/elmetropolitano.com.gt\/es\/wp-json\/wp\/v2\/types\/post"}],"author":[{"embeddable":true,"href":"https:\/\/elmetropolitano.com.gt\/es\/wp-json\/wp\/v2\/users\/1"}],"replies":[{"embeddable":true,"href":"https:\/\/elmetropolitano.com.gt\/es\/wp-json\/wp\/v2\/comments?post=79634"}],"version-history":[{"count":1,"href":"https:\/\/elmetropolitano.com.gt\/es\/wp-json\/wp\/v2\/posts\/79634\/revisions"}],"predecessor-version":[{"id":79639,"href":"https:\/\/elmetropolitano.com.gt\/es\/wp-json\/wp\/v2\/posts\/79634\/revisions\/79639"}],"wp:featuredmedia":[{"embeddable":true,"href":"https:\/\/elmetropolitano.com.gt\/es\/wp-json\/wp\/v2\/media\/79635"}],"wp:attachment":[{"href":"https:\/\/elmetropolitano.com.gt\/es\/wp-json\/wp\/v2\/media?parent=79634"}],"wp:term":[{"taxonomy":"category","embeddable":true,"href":"https:\/\/elmetropolitano.com.gt\/es\/wp-json\/wp\/v2\/categories?post=79634"},{"taxonomy":"post_tag","embeddable":true,"href":"https:\/\/elmetropolitano.com.gt\/es\/wp-json\/wp\/v2\/tags?post=79634"}],"curies":[{"name":"wp","href":"https:\/\/api.w.org\/{rel}","templated":true}]}}