{"id":79640,"date":"2024-03-10T17:13:58","date_gmt":"2024-03-10T23:13:58","guid":{"rendered":"https:\/\/elmetropolitano.com.gt\/es\/?p=79640"},"modified":"2024-03-10T17:13:58","modified_gmt":"2024-03-10T23:13:58","slug":"banco-gt-continental-presentara-viva-la-vida-la-experiencia-multisensorial-de-frida-kahlo","status":"publish","type":"post","link":"https:\/\/elmetropolitano.com.gt\/es\/banco-gt-continental-presentara-viva-la-vida-la-experiencia-multisensorial-de-frida-kahlo\/","title":{"rendered":"Banco G&amp;T Continental presentar\u00e1 \u201cViva la vida\u201d la experiencia multisensorial de Frida Kahlo"},"content":{"rendered":"\n<p>Banco G&amp;T Continental trae por primera vez a Guatemala Viva la Vida \u2013 Experiencia inmersiva: Frida Kahlo. Esta experiencia toma como punto de partida la ic\u00f3nica obra Viva la Vida, misma que Kahlo termin\u00f3 tan solo unos d\u00edas antes de su muerte.<\/p>\n\n\n\n<p>El escenario se construye a partir de elementos, salas interactivas y multisensoriales con r\u00e9plicas avaladas por El Banco de M\u00e9xico, as\u00ed como <a><\/a>algunos elementos f\u00edsicos de la artista mexicana.<\/p><div class=\"elmet-contenido\" id=\"elmet-645097223\"><div class=\"elmet-adlabel\">Anuncios<\/div><div style=\"margin-top: 20px;margin-right: 20px;margin-bottom: 20px;margin-left: 20px;\" id=\"elmet-4264210973\"><a href=\"https:\/\/www.facebook.com\/arrincuanantigua\/\" aria-label=\"cintillo-arrin-cual\"><img loading=\"lazy\" decoding=\"async\" src=\"https:\/\/elmetropolitano.com.gt\/es\/wp-content\/uploads\/2021\/11\/cintillo-arrin-cual-1.jpg\" alt=\"\"  srcset=\"https:\/\/elmetropolitano.com.gt\/es\/wp-content\/uploads\/2021\/11\/cintillo-arrin-cual-1.jpg 750w, https:\/\/elmetropolitano.com.gt\/es\/wp-content\/uploads\/2021\/11\/cintillo-arrin-cual-1-300x36.jpg 300w, https:\/\/elmetropolitano.com.gt\/es\/wp-content\/uploads\/2021\/11\/cintillo-arrin-cual-1-600x72.jpg 600w\" sizes=\"(max-width: 750px) 100vw, 750px\" width=\"750\" height=\"90\"   \/><\/a><\/div><\/div>\n\n\n\n<p>\u201cDesde el 2020, Banco G&amp;T Continental ha sido signatario de los Principios de Empoderamiento de las Mujeres de la ONU. Hemos desarrollado nuestros propios programas de empoderamiento femenino, y ahora tenemos el privilegio de presentar esta celebraci\u00f3n al legado de Frida Kahlo en el arte mundial\u201d, coment\u00f3 Ana Beatriz God\u00ednez, Gerente de Mercadeo.<\/p>\n\n\n\n<p>Cristina Kahlo, sobrina de Frida Kahlo y curadora oficial de su obra, comparti\u00f3 sobre la conceptualizaci\u00f3n y ejecuci\u00f3n de la experiencia inmersiva. Tambi\u00e9n abord\u00f3 temas como el desarrollo de la mujer y su rol determinante en la historia del arte y la cultura.<\/p>\n\n\n\n<p>En esta exposici\u00f3n multisensorial los tarjetahabientes de Banco G&amp;T Continental tendr\u00e1n beneficios exclusivos, como 10% de descuento al adquirir sus entradas, descuentos en souvenirs y la oportunidad de recibir entradas gratuitas al efectuar un ahorro programado.<\/p>\n\n\n\n<p>Viva la Vida \u2013 Experiencia inmersiva:<\/p>\n\n\n\n<p>Frida Kahlo llegar\u00e1 a Guatemala del 09 de abril al 09 de mayo en el Museo Miraflores. Para m\u00e1s informaci\u00f3n, visite la p\u00e1gina web <a href=\"https:\/\/gtc.com.gt\/gtcxperience?fbclid=IwAR3BPIjva9oSHabIpkTjQy4lGQ6fVv4jm0h4GFzNkzjnWE9N0G_cUKfLIig\" rel=\"noreferrer noopener\" target=\"_blank\">https:\/\/gtc.com.gt\/gtcxperience<\/a> para mantenerse al tanto de esta y otras experiencias.<\/p>\n\n\n\n<p><a href=\"https:\/\/www.facebook.com\/hashtag\/fridakahlo?__eep__=6&amp;__cft__[0]=AZVPCByAQi8pOaeRDabnqihXLLaG3_iqCnp3e0kj3gDXrR4FxFQpJikAuEUl-2sBH_TA98MOFScKNIwR3fJyg-LH3Ayn20FSzk2YF-bp_bMkEInRB1wQwfaRqA9B3jOf1q9M2vf380WMqPr53GE2bQ6IkfUvSBetJ0eBGXUXSUsNOUEFFtKmy5TCmueJDY4Kmps&amp;__tn__=*NK-R\">#fridakahlo<\/a><a href=\"https:\/\/www.facebook.com\/hashtag\/bancog?__eep__=6&amp;__cft__[0]=AZVPCByAQi8pOaeRDabnqihXLLaG3_iqCnp3e0kj3gDXrR4FxFQpJikAuEUl-2sBH_TA98MOFScKNIwR3fJyg-LH3Ayn20FSzk2YF-bp_bMkEInRB1wQwfaRqA9B3jOf1q9M2vf380WMqPr53GE2bQ6IkfUvSBetJ0eBGXUXSUsNOUEFFtKmy5TCmueJDY4Kmps&amp;__tn__=*NK-R\">#BancoG<\/a>&amp;TContinental <a href=\"https:\/\/www.facebook.com\/hashtag\/metroredes?__eep__=6&amp;__cft__[0]=AZVPCByAQi8pOaeRDabnqihXLLaG3_iqCnp3e0kj3gDXrR4FxFQpJikAuEUl-2sBH_TA98MOFScKNIwR3fJyg-LH3Ayn20FSzk2YF-bp_bMkEInRB1wQwfaRqA9B3jOf1q9M2vf380WMqPr53GE2bQ6IkfUvSBetJ0eBGXUXSUsNOUEFFtKmy5TCmueJDY4Kmps&amp;__tn__=*NK-R\">#metroredes<\/a><\/p>\n\n\n\n<p><\/p>\n","protected":false},"excerpt":{"rendered":"<p>Banco G&amp;T Continental trae por primera vez a Guatemala Viva la Vida \u2013 Experiencia inmersiva: Frida Kahlo. Esta experiencia toma como punto de partida la ic\u00f3nica obra Viva la Vida, misma que Kahlo termin\u00f3 tan solo unos d\u00edas antes de su muerte. El escenario se construye a partir de elementos, salas interactivas y multisensoriales con <a class=\"read-more\" href=\"https:\/\/elmetropolitano.com.gt\/es\/banco-gt-continental-presentara-viva-la-vida-la-experiencia-multisensorial-de-frida-kahlo\/\">Leer m\u00e1s<\/a><\/p>\n","protected":false},"author":1,"featured_media":79641,"comment_status":"open","ping_status":"closed","sticky":false,"template":"","format":"standard","meta":{"footnotes":""},"categories":[31],"tags":[32],"class_list":["post-79640","post","type-post","status-publish","format-standard","has-post-thumbnail","hentry","category-metroimpulso","tag-metroimpulso"],"_links":{"self":[{"href":"https:\/\/elmetropolitano.com.gt\/es\/wp-json\/wp\/v2\/posts\/79640","targetHints":{"allow":["GET"]}}],"collection":[{"href":"https:\/\/elmetropolitano.com.gt\/es\/wp-json\/wp\/v2\/posts"}],"about":[{"href":"https:\/\/elmetropolitano.com.gt\/es\/wp-json\/wp\/v2\/types\/post"}],"author":[{"embeddable":true,"href":"https:\/\/elmetropolitano.com.gt\/es\/wp-json\/wp\/v2\/users\/1"}],"replies":[{"embeddable":true,"href":"https:\/\/elmetropolitano.com.gt\/es\/wp-json\/wp\/v2\/comments?post=79640"}],"version-history":[{"count":1,"href":"https:\/\/elmetropolitano.com.gt\/es\/wp-json\/wp\/v2\/posts\/79640\/revisions"}],"predecessor-version":[{"id":79642,"href":"https:\/\/elmetropolitano.com.gt\/es\/wp-json\/wp\/v2\/posts\/79640\/revisions\/79642"}],"wp:featuredmedia":[{"embeddable":true,"href":"https:\/\/elmetropolitano.com.gt\/es\/wp-json\/wp\/v2\/media\/79641"}],"wp:attachment":[{"href":"https:\/\/elmetropolitano.com.gt\/es\/wp-json\/wp\/v2\/media?parent=79640"}],"wp:term":[{"taxonomy":"category","embeddable":true,"href":"https:\/\/elmetropolitano.com.gt\/es\/wp-json\/wp\/v2\/categories?post=79640"},{"taxonomy":"post_tag","embeddable":true,"href":"https:\/\/elmetropolitano.com.gt\/es\/wp-json\/wp\/v2\/tags?post=79640"}],"curies":[{"name":"wp","href":"https:\/\/api.w.org\/{rel}","templated":true}]}}