{"id":79649,"date":"2024-03-11T09:37:28","date_gmt":"2024-03-11T15:37:28","guid":{"rendered":"https:\/\/elmetropolitano.com.gt\/es\/?p=79649"},"modified":"2024-03-11T09:37:31","modified_gmt":"2024-03-11T15:37:31","slug":"carlos-pineda-visito-amatitlan","status":"publish","type":"post","link":"https:\/\/elmetropolitano.com.gt\/es\/carlos-pineda-visito-amatitlan\/","title":{"rendered":"Carlos Pineda visit\u00f3 Amatitl\u00e1n"},"content":{"rendered":"\n<p>Una jornada de capacitaci\u00f3n y formaci\u00f3n ciudadana se realiz\u00f3 en el municipio de Amatitlan con vecinos del lugar, acompa\u00f1ados de Freddy Cirin y el empresario Carlos Pineda.<\/p>\n\n\n\n<p>La actividad se desarrollo principalmente a la realizaci\u00f3n de acciones que impulsen el trabajo en equipo y despierten el liderazgo de los asistentes.<\/p><div class=\"elmet-contenido\" id=\"elmet-883737353\"><div class=\"elmet-adlabel\">Anuncios<\/div><div style=\"margin-top: 20px;margin-right: 20px;margin-bottom: 20px;margin-left: 20px;\" id=\"elmet-3937840406\"><a href=\"https:\/\/www.facebook.com\/arrincuanantigua\/\" aria-label=\"cintillo-arrin-cual\"><img loading=\"lazy\" decoding=\"async\" src=\"https:\/\/elmetropolitano.com.gt\/es\/wp-content\/uploads\/2021\/11\/cintillo-arrin-cual-1.jpg\" alt=\"\"  srcset=\"https:\/\/elmetropolitano.com.gt\/es\/wp-content\/uploads\/2021\/11\/cintillo-arrin-cual-1.jpg 750w, https:\/\/elmetropolitano.com.gt\/es\/wp-content\/uploads\/2021\/11\/cintillo-arrin-cual-1-300x36.jpg 300w, https:\/\/elmetropolitano.com.gt\/es\/wp-content\/uploads\/2021\/11\/cintillo-arrin-cual-1-600x72.jpg 600w\" sizes=\"(max-width: 750px) 100vw, 750px\" width=\"750\" height=\"90\"   \/><\/a><\/div><\/div>\n\n\n\n<p><a href=\"https:\/\/www.facebook.com\/hashtag\/amatitlan?__eep__=6&amp;__cft__[0]=AZUtmonASmaWqIJQyaySVj4dGLlgq7CD_L5Urr3vy3T5V5YGHgR49Ffm29dZwRHW-F8ejx0QdnVP5c0H67CxwhhOKl5SOjTQC38WmXtUoDdSW3sZhHtwLOhuJTfSbx8LfJHGpx79CyT_L8e-s9LhgFq_UJB-AelMpiDLaO7i6bSijKAQkb6jNjpi06Q7V6QZPa0&amp;__tn__=*NK-R\">#Amatitlan<\/a><a href=\"https:\/\/www.facebook.com\/hashtag\/carlospineda?__eep__=6&amp;__cft__[0]=AZUtmonASmaWqIJQyaySVj4dGLlgq7CD_L5Urr3vy3T5V5YGHgR49Ffm29dZwRHW-F8ejx0QdnVP5c0H67CxwhhOKl5SOjTQC38WmXtUoDdSW3sZhHtwLOhuJTfSbx8LfJHGpx79CyT_L8e-s9LhgFq_UJB-AelMpiDLaO7i6bSijKAQkb6jNjpi06Q7V6QZPa0&amp;__tn__=*NK-R\">#CarlosPineda<\/a><a href=\"https:\/\/www.facebook.com\/hashtag\/freddycirin?__eep__=6&amp;__cft__[0]=AZUtmonASmaWqIJQyaySVj4dGLlgq7CD_L5Urr3vy3T5V5YGHgR49Ffm29dZwRHW-F8ejx0QdnVP5c0H67CxwhhOKl5SOjTQC38WmXtUoDdSW3sZhHtwLOhuJTfSbx8LfJHGpx79CyT_L8e-s9LhgFq_UJB-AelMpiDLaO7i6bSijKAQkb6jNjpi06Q7V6QZPa0&amp;__tn__=*NK-R\">#freddycirin<\/a><\/p>\n\n\n\n<figure class=\"wp-block-gallery has-nested-images columns-default is-cropped wp-block-gallery-1 is-layout-flex wp-block-gallery-is-layout-flex\">\n<figure class=\"wp-block-image size-large\"><img loading=\"lazy\" decoding=\"async\" width=\"1024\" height=\"473\" data-id=\"79653\" src=\"https:\/\/elmetropolitano.com.gt\/es\/wp-content\/uploads\/2024\/03\/430050896_897705732355511_1093708096803745732_n-1024x473.jpg\" alt=\"\" class=\"wp-image-79653\" srcset=\"https:\/\/elmetropolitano.com.gt\/es\/wp-content\/uploads\/2024\/03\/430050896_897705732355511_1093708096803745732_n-1024x473.jpg 1024w, https:\/\/elmetropolitano.com.gt\/es\/wp-content\/uploads\/2024\/03\/430050896_897705732355511_1093708096803745732_n-300x139.jpg 300w, https:\/\/elmetropolitano.com.gt\/es\/wp-content\/uploads\/2024\/03\/430050896_897705732355511_1093708096803745732_n-768x355.jpg 768w, https:\/\/elmetropolitano.com.gt\/es\/wp-content\/uploads\/2024\/03\/430050896_897705732355511_1093708096803745732_n-1536x709.jpg 1536w, https:\/\/elmetropolitano.com.gt\/es\/wp-content\/uploads\/2024\/03\/430050896_897705732355511_1093708096803745732_n.jpg 1600w\" sizes=\"auto, (max-width: 1024px) 100vw, 1024px\" \/><\/figure>\n\n\n\n<figure class=\"wp-block-image size-large\"><img loading=\"lazy\" decoding=\"async\" width=\"1024\" height=\"473\" data-id=\"79652\" src=\"https:\/\/elmetropolitano.com.gt\/es\/wp-content\/uploads\/2024\/03\/430061871_897705769022174_7489752383029351673_n-1024x473.jpg\" alt=\"\" class=\"wp-image-79652\" srcset=\"https:\/\/elmetropolitano.com.gt\/es\/wp-content\/uploads\/2024\/03\/430061871_897705769022174_7489752383029351673_n-1024x473.jpg 1024w, https:\/\/elmetropolitano.com.gt\/es\/wp-content\/uploads\/2024\/03\/430061871_897705769022174_7489752383029351673_n-300x139.jpg 300w, https:\/\/elmetropolitano.com.gt\/es\/wp-content\/uploads\/2024\/03\/430061871_897705769022174_7489752383029351673_n-768x355.jpg 768w, https:\/\/elmetropolitano.com.gt\/es\/wp-content\/uploads\/2024\/03\/430061871_897705769022174_7489752383029351673_n.jpg 1280w\" sizes=\"auto, (max-width: 1024px) 100vw, 1024px\" \/><\/figure>\n\n\n\n<figure class=\"wp-block-image size-large\"><img loading=\"lazy\" decoding=\"async\" width=\"1024\" height=\"576\" data-id=\"79651\" src=\"https:\/\/elmetropolitano.com.gt\/es\/wp-content\/uploads\/2024\/03\/430063409_897705782355506_3091882681670955874_n-1024x576.jpg\" alt=\"\" class=\"wp-image-79651\" srcset=\"https:\/\/elmetropolitano.com.gt\/es\/wp-content\/uploads\/2024\/03\/430063409_897705782355506_3091882681670955874_n-1024x576.jpg 1024w, https:\/\/elmetropolitano.com.gt\/es\/wp-content\/uploads\/2024\/03\/430063409_897705782355506_3091882681670955874_n-300x169.jpg 300w, https:\/\/elmetropolitano.com.gt\/es\/wp-content\/uploads\/2024\/03\/430063409_897705782355506_3091882681670955874_n-768x432.jpg 768w, https:\/\/elmetropolitano.com.gt\/es\/wp-content\/uploads\/2024\/03\/430063409_897705782355506_3091882681670955874_n-1536x864.jpg 1536w, https:\/\/elmetropolitano.com.gt\/es\/wp-content\/uploads\/2024\/03\/430063409_897705782355506_3091882681670955874_n.jpg 1600w\" sizes=\"auto, (max-width: 1024px) 100vw, 1024px\" \/><\/figure>\n<\/figure>\n","protected":false},"excerpt":{"rendered":"<p>Una jornada de capacitaci\u00f3n y formaci\u00f3n ciudadana se realiz\u00f3 en el municipio de Amatitlan con vecinos del lugar, acompa\u00f1ados de Freddy Cirin y el empresario Carlos Pineda. La actividad se desarrollo principalmente a la realizaci\u00f3n de acciones que impulsen el trabajo en equipo y despierten el liderazgo de los asistentes. #Amatitlan#CarlosPineda#freddycirin<\/p>\n","protected":false},"author":1,"featured_media":79650,"comment_status":"open","ping_status":"closed","sticky":false,"template":"","format":"standard","meta":{"footnotes":""},"categories":[3],"tags":[10],"class_list":["post-79649","post","type-post","status-publish","format-standard","has-post-thumbnail","hentry","category-locales","tag-locales"],"_links":{"self":[{"href":"https:\/\/elmetropolitano.com.gt\/es\/wp-json\/wp\/v2\/posts\/79649","targetHints":{"allow":["GET"]}}],"collection":[{"href":"https:\/\/elmetropolitano.com.gt\/es\/wp-json\/wp\/v2\/posts"}],"about":[{"href":"https:\/\/elmetropolitano.com.gt\/es\/wp-json\/wp\/v2\/types\/post"}],"author":[{"embeddable":true,"href":"https:\/\/elmetropolitano.com.gt\/es\/wp-json\/wp\/v2\/users\/1"}],"replies":[{"embeddable":true,"href":"https:\/\/elmetropolitano.com.gt\/es\/wp-json\/wp\/v2\/comments?post=79649"}],"version-history":[{"count":1,"href":"https:\/\/elmetropolitano.com.gt\/es\/wp-json\/wp\/v2\/posts\/79649\/revisions"}],"predecessor-version":[{"id":79654,"href":"https:\/\/elmetropolitano.com.gt\/es\/wp-json\/wp\/v2\/posts\/79649\/revisions\/79654"}],"wp:featuredmedia":[{"embeddable":true,"href":"https:\/\/elmetropolitano.com.gt\/es\/wp-json\/wp\/v2\/media\/79650"}],"wp:attachment":[{"href":"https:\/\/elmetropolitano.com.gt\/es\/wp-json\/wp\/v2\/media?parent=79649"}],"wp:term":[{"taxonomy":"category","embeddable":true,"href":"https:\/\/elmetropolitano.com.gt\/es\/wp-json\/wp\/v2\/categories?post=79649"},{"taxonomy":"post_tag","embeddable":true,"href":"https:\/\/elmetropolitano.com.gt\/es\/wp-json\/wp\/v2\/tags?post=79649"}],"curies":[{"name":"wp","href":"https:\/\/api.w.org\/{rel}","templated":true}]}}